{"id":105308,"date":"2025-08-22T10:21:29","date_gmt":"2025-08-22T16:21:29","guid":{"rendered":"https:\/\/losperiodistas.com.mx\/portal\/?p=105308"},"modified":"2025-08-22T10:21:35","modified_gmt":"2025-08-22T16:21:35","slug":"gloria-trevi-recibira-el-premio-leyenda-de-la-herencia-hispana-2025-efe","status":"publish","type":"post","link":"https:\/\/losperiodistas.com.mx\/portal\/gloria-trevi-recibira-el-premio-leyenda-de-la-herencia-hispana-2025-efe\/","title":{"rendered":"Gloria Trevi recibir\u00e1 el premio Leyenda de la Herencia Hispana 2025 | EFE"},"content":{"rendered":"\n<figure class=\"wp-block-image size-full\"><img fetchpriority=\"high\" decoding=\"async\" width=\"900\" height=\"599\" src=\"https:\/\/losperiodistas.com.mx\/portal\/wp-content\/uploads\/2025\/08\/trevi.jpeg\" alt=\"\" class=\"wp-image-105309\" srcset=\"https:\/\/losperiodistas.com.mx\/portal\/wp-content\/uploads\/2025\/08\/trevi.jpeg 900w, https:\/\/losperiodistas.com.mx\/portal\/wp-content\/uploads\/2025\/08\/trevi-300x200.jpeg 300w, https:\/\/losperiodistas.com.mx\/portal\/wp-content\/uploads\/2025\/08\/trevi-768x511.jpeg 768w\" sizes=\"(max-width: 900px) 100vw, 900px\" \/><figcaption class=\"wp-element-caption\">Fotograf\u00eda de archivo de la cantante y actriz mexicana Gloria Trevi. EFE\/ Daniel Gonz\u00e1lez<\/figcaption><\/figure>\n\n\n\n<p class=\"has-vivid-red-color has-text-color has-link-color has-medium-font-size wp-elements-23db7e95974579b190d8bc7ea9a6cef6\"><strong>Agencia EFE<\/strong><\/p>\n\n\n\n<p>Washington (EFE).- La \u2018Reina del Pop Mexicano\u2019, Gloria Trevi, recibir\u00e1 el premio Leyenda de la Herencia Hispana en honor a una trayectoria que ha roto barreras tanto en la m\u00fasica como en el apoyo a causas sociales en su natal M\u00e9xico, anunci\u00f3 este jueves la Fundaci\u00f3n Herencia Hispana (HHF, en ingl\u00e9s).<\/p>\n\n\n\n<p>\u00abGloria Trevi no es solo un \u00edcono musical, es una fuerza cultural cuya voz ha resonado a trav\u00e9s de generaciones y fronteras. Su arte intr\u00e9pido, sus giras de r\u00e9cord y su inquebrantable apoyo encarnan el esp\u00edritu de este reconocimiento\u00bb, dijo el presidente y director ejecutivo de la HHF, Antonio Tijerino, en un comunicado.&nbsp;<\/p>\n\n\n\n<figure class=\"wp-block-embed is-type-wp-embed is-provider-efe-noticias wp-block-embed-efe-noticias\"><div class=\"wp-block-embed__wrapper\">\n<blockquote class=\"wp-embedded-content\" data-secret=\"Dk2AIq1nBf\"><a href=\"https:\/\/efe.com\/cultura\/2024-01-24\/oria-trevi-lista-para-comenzar-su-gira-mundial-el-proximo-viernes\/\">Gloria Trevi, lista para comenzar su gira mundial el pr\u00f3ximo viernes en Texas<\/a><\/blockquote><iframe class=\"wp-embedded-content\" sandbox=\"allow-scripts\" security=\"restricted\" style=\"position: absolute; visibility: hidden;\" title=\"\u00abGloria Trevi, lista para comenzar su gira mundial el pr\u00f3ximo viernes en Texas\u00bb \u2014 EFE Noticias\" src=\"https:\/\/efe.com\/cultura\/2024-01-24\/oria-trevi-lista-para-comenzar-su-gira-mundial-el-proximo-viernes\/embed\/#?secret=DHzMY5w81K#?secret=Dk2AIq1nBf\" data-secret=\"Dk2AIq1nBf\" width=\"500\" height=\"282\" frameborder=\"0\" marginwidth=\"0\" marginheight=\"0\" scrolling=\"no\"><\/iframe>\n<\/div><\/figure>\n\n\n\n<p>La cantante comparti\u00f3 la buena nueva en sus redes sociales, donde agradeci\u00f3 el reconocimiento y lo dedic\u00f3 a sus seguidores. \u00abM\u00e1s que elogiarme, creo que honra al p\u00fablico que durante muchos a\u00f1os ha convertido mi m\u00fasica en \u00e9xitos que se entrelazan con sus propias historias\u00bb, asegur\u00f3 Trevi.<\/p>\n\n\n\n<p>\u00abA ellos, quienes rompen barreras generacionales y sociales en conciertos donde se convierten en una sola voz, les dedico este honor. Lo recibo junto a ellos, con gran emoci\u00f3n, en momentos en que esto tiene un inmenso valor para todos los latinos que ponemos el coraz\u00f3n en todo lo que hacemos\u00bb, destac\u00f3.<\/p>\n\n\n\n<h2 class=\"wp-block-heading\" id=\"h-la-gala\">La gala<\/h2>\n\n\n\n<p>El galard\u00f3n ser\u00e1 entregado a Trevi el pr\u00f3ximo 4 de septiembre en una gala en Washington, en la que tambi\u00e9n ser\u00e1n honrados Rauw Alejandro, Cheech Mar\u00edn, la empresaria Julissa Prado y el periodista F\u00e9lix Contreras.<\/p>\n\n\n\n<figure class=\"wp-block-image\"><img decoding=\"async\" src=\"https:\/\/i0.wp.com\/efe.com\/wp-content\/uploads\/2025\/08\/gloria_trevi.webp?resize=900%2C600&amp;ssl=1\" alt=\"Gloria Trevi\" class=\"wp-image-2092433\"\/><figcaption class=\"wp-element-caption\">Fotograf\u00eda de archivo de la cantante y actriz mexicana Gloria Trevi. EFE\/ Daniel Gonz\u00e1lez<\/figcaption><\/figure>\n\n\n\n<p>Considerada una de las artistas m\u00e1s influyentes de la escena latina, la autora de \u2018Todos me miran\u2019 ha vendido m\u00e1s de 30 millones de \u00e1lbumes en sus m\u00e1s de tres d\u00e9cadas de carrera. Fue incluida en el Sal\u00f3n de la Fama de los Compositores de M\u00fasica Latina en 2018, la \u00fanica mujer en recibir el honor ese a\u00f1o.&nbsp;<\/p>\n\n\n\n<p>Su serie biogr\u00e1fica \u2018Gloria Trevi: Ellas soy yo\u2019 (2023) sum\u00f3 alrededor de 6,3 millones de espectadores, e inspir\u00f3 \u2018Mi Soundtrack\u2019, una trilog\u00eda de compilados con nuevas versiones de sus cl\u00e1sicos y canciones in\u00e9ditas que recorren la trayectoria de la cantante, compositora y empresaria.&nbsp;<\/p>\n\n\n\n<p>En 2024, Trevi celebr\u00f3 treinta a\u00f1os en la m\u00fasica con \u2018Mi Soundtrack World Tour\u2019, agotando entradas en EE.UU., Latinoam\u00e9rica y Espa\u00f1a, y batiendo r\u00e9cords de funciones en M\u00e9xico.&nbsp;<\/p>\n\n\n\n<h2 class=\"wp-block-heading\" id=\"h-una-artista\">Una artista<\/h2>\n\n\n\n<p><a href=\"https:\/\/efe.com\/cultura\/2023-07-25\/gloria-trevi-de-gira-en-solitario-en-espana\/\">Nacida Gloria de los \u00c1ngeles Trevi\u00f1o Ruiz<\/a>, la artista tambi\u00e9n se ha convertido en una activista en defensa de los derechos de las mujeres v\u00edctimas de la violencia dom\u00e9stica, la comunidad LGTBIQ+, y a los ni\u00f1os sin hogar en M\u00e9xico y EE.UU. a trav\u00e9s de su fundaci\u00f3n Ana Dalai, creada en 2005.<\/p>\n\n\n\n<figure class=\"wp-block-embed is-type-wp-embed is-provider-efe-noticias wp-block-embed-efe-noticias\"><div class=\"wp-block-embed__wrapper\">\n<blockquote class=\"wp-embedded-content\" data-secret=\"6Q4wwSG0X9\"><a href=\"https:\/\/efe.com\/comunidad-de-madrid\/2025-07-04\/gloria-trevi-une-a-miles-de-almas-en-madrid-en-un-canto-al-amor-la-igualdad-y-la-musica\/\">Gloria Trevi une a \u00abmiles de almas\u00bb en Madrid en un canto al amor, la igualdad y la m\u00fasica<\/a><\/blockquote><iframe class=\"wp-embedded-content\" sandbox=\"allow-scripts\" security=\"restricted\" style=\"position: absolute; visibility: hidden;\" title=\"\u00abGloria Trevi une a \u00abmiles de almas\u00bb en Madrid en un canto al amor, la igualdad y la m\u00fasica\u00bb \u2014 EFE Noticias\" src=\"https:\/\/efe.com\/comunidad-de-madrid\/2025-07-04\/gloria-trevi-une-a-miles-de-almas-en-madrid-en-un-canto-al-amor-la-igualdad-y-la-musica\/embed\/#?secret=5DL6fzjdhQ#?secret=6Q4wwSG0X9\" data-secret=\"6Q4wwSG0X9\" width=\"500\" height=\"282\" frameborder=\"0\" marginwidth=\"0\" marginheight=\"0\" scrolling=\"no\"><\/iframe>\n<\/div><\/figure>\n\n\n\n<p>Los Premios a la Herencia Hispana cuentan con el apoyo de m\u00e1s de cuarenta instituciones nacionales que trabajan en favor de la comunidad latina y reconocen los logros, la visi\u00f3n y el orgullo cultural de latinas y latinos en Estados Unidos.&nbsp;<\/p>\n\n\n\n<p>Linda Ronstadt, Daddy Yankee, Bad Bunny, Jessica Alba, Sebasti\u00e1n Yatra y Selena G\u00f3mez est\u00e1n entre los galardonados en ediciones anteriores.<\/p>\n\n\n\n<p>Fuente: <a href=\"https:\/\/efe.com\/cultura\/2025-08-21\/gloria-trevi-premio-leyenda-herencia-hispana\/\">https:\/\/efe.com\/cultura\/2025-08-21\/gloria-trevi-premio-leyenda-herencia-hispana\/<\/a><\/p>\n","protected":false},"excerpt":{"rendered":"<p>Agencia EFE Washington (EFE).- La \u2018Reina del Pop Mexicano\u2019, Gloria Trevi, recibir\u00e1 el premio Leyenda de la Herencia Hispana en [&hellip;]<\/p>\n","protected":false},"author":1,"featured_media":105309,"comment_status":"open","ping_status":"open","sticky":false,"template":"","format":"standard","meta":{"site-sidebar-layout":"default","site-content-layout":"","ast-site-content-layout":"default","site-content-style":"default","site-sidebar-style":"default","ast-global-header-display":"","ast-banner-title-visibility":"","ast-main-header-display":"","ast-hfb-above-header-display":"","ast-hfb-below-header-display":"","ast-hfb-mobile-header-display":"","site-post-title":"","ast-breadcrumbs-content":"","ast-featured-img":"","footer-sml-layout":"","theme-transparent-header-meta":"","adv-header-id-meta":"","stick-header-meta":"","header-above-stick-meta":"","header-main-stick-meta":"","header-below-stick-meta":"","astra-migrate-meta-layouts":"default","ast-page-background-enabled":"default","ast-page-background-meta":{"desktop":{"background-color":"var(--ast-global-color-4)","background-image":"","background-repeat":"repeat","background-position":"center center","background-size":"auto","background-attachment":"scroll","background-type":"","background-media":"","overlay-type":"","overlay-color":"","overlay-opacity":"","overlay-gradient":""},"tablet":{"background-color":"","background-image":"","background-repeat":"repeat","background-position":"center center","background-size":"auto","background-attachment":"scroll","background-type":"","background-media":"","overlay-type":"","overlay-color":"","overlay-opacity":"","overlay-gradient":""},"mobile":{"background-color":"","background-image":"","background-repeat":"repeat","background-position":"center center","background-size":"auto","background-attachment":"scroll","background-type":"","background-media":"","overlay-type":"","overlay-color":"","overlay-opacity":"","overlay-gradient":""}},"ast-content-background-meta":{"desktop":{"background-color":"var(--ast-global-color-5)","background-image":"","background-repeat":"repeat","background-position":"center center","background-size":"auto","background-attachment":"scroll","background-type":"","background-media":"","overlay-type":"","overlay-color":"","overlay-opacity":"","overlay-gradient":""},"tablet":{"background-color":"var(--ast-global-color-5)","background-image":"","background-repeat":"repeat","background-position":"center center","background-size":"auto","background-attachment":"scroll","background-type":"","background-media":"","overlay-type":"","overlay-color":"","overlay-opacity":"","overlay-gradient":""},"mobile":{"background-color":"var(--ast-global-color-5)","background-image":"","background-repeat":"repeat","background-position":"center center","background-size":"auto","background-attachment":"scroll","background-type":"","background-media":"","overlay-type":"","overlay-color":"","overlay-opacity":"","overlay-gradient":""}},"footnotes":""},"categories":[8],"tags":[3939,41082,41083],"class_list":["post-105308","post","type-post","status-publish","format-standard","has-post-thumbnail","hentry","category-noticias","tag-gloria-trevi","tag-la-reina-del-pop-mexicano","tag-leyenda-de-la-herencia-hispana-2025"],"_links":{"self":[{"href":"https:\/\/losperiodistas.com.mx\/portal\/wp-json\/wp\/v2\/posts\/105308","targetHints":{"allow":["GET"]}}],"collection":[{"href":"https:\/\/losperiodistas.com.mx\/portal\/wp-json\/wp\/v2\/posts"}],"about":[{"href":"https:\/\/losperiodistas.com.mx\/portal\/wp-json\/wp\/v2\/types\/post"}],"author":[{"embeddable":true,"href":"https:\/\/losperiodistas.com.mx\/portal\/wp-json\/wp\/v2\/users\/1"}],"replies":[{"embeddable":true,"href":"https:\/\/losperiodistas.com.mx\/portal\/wp-json\/wp\/v2\/comments?post=105308"}],"version-history":[{"count":1,"href":"https:\/\/losperiodistas.com.mx\/portal\/wp-json\/wp\/v2\/posts\/105308\/revisions"}],"predecessor-version":[{"id":105310,"href":"https:\/\/losperiodistas.com.mx\/portal\/wp-json\/wp\/v2\/posts\/105308\/revisions\/105310"}],"wp:featuredmedia":[{"embeddable":true,"href":"https:\/\/losperiodistas.com.mx\/portal\/wp-json\/wp\/v2\/media\/105309"}],"wp:attachment":[{"href":"https:\/\/losperiodistas.com.mx\/portal\/wp-json\/wp\/v2\/media?parent=105308"}],"wp:term":[{"taxonomy":"category","embeddable":true,"href":"https:\/\/losperiodistas.com.mx\/portal\/wp-json\/wp\/v2\/categories?post=105308"},{"taxonomy":"post_tag","embeddable":true,"href":"https:\/\/losperiodistas.com.mx\/portal\/wp-json\/wp\/v2\/tags?post=105308"}],"curies":[{"name":"wp","href":"https:\/\/api.w.org\/{rel}","templated":true}]}}