{"id":105305,"date":"2025-08-22T10:12:17","date_gmt":"2025-08-22T16:12:17","guid":{"rendered":"https:\/\/losperiodistas.com.mx\/portal\/?p=105305"},"modified":"2025-08-22T10:12:20","modified_gmt":"2025-08-22T16:12:20","slug":"helen-mirren-sobre-la-edad-los-jovenes-no-pueden-entender-que-los-mayores-tuvieran-sexo-se-divirtieran-bailaran-y-estuvieran-obsesionados-con-su-peso-vanity-fair","status":"publish","type":"post","link":"https:\/\/losperiodistas.com.mx\/portal\/helen-mirren-sobre-la-edad-los-jovenes-no-pueden-entender-que-los-mayores-tuvieran-sexo-se-divirtieran-bailaran-y-estuvieran-obsesionados-con-su-peso-vanity-fair\/","title":{"rendered":"Helen Mirren, sobre la edad: \u201cLos j\u00f3venes no pueden entender que los mayores tuvieran sexo, se divirtieran, bailaran y estuvieran obsesionados con su peso\u201d | Vanity Fair"},"content":{"rendered":"\n<p class=\"has-background has-medium-font-size\" style=\"background-color:#f18df7\">La oscarizada actriz brit\u00e1nica, que acaba de cumplir 80 a\u00f1os, estrena una nueva pel\u00edcula el pr\u00f3ximo 28 de agosto y, como siempre, tiene mucho que decir.<\/p>\n\n\n\n<p><\/p>\n\n\n\n<figure class=\"wp-block-image size-large\"><img fetchpriority=\"high\" decoding=\"async\" width=\"755\" height=\"1024\" src=\"https:\/\/losperiodistas.com.mx\/portal\/wp-content\/uploads\/2025\/08\/2231374618-755x1024.jpeg\" alt=\"\" class=\"wp-image-105306\" srcset=\"https:\/\/losperiodistas.com.mx\/portal\/wp-content\/uploads\/2025\/08\/2231374618-755x1024.jpeg 755w, https:\/\/losperiodistas.com.mx\/portal\/wp-content\/uploads\/2025\/08\/2231374618-221x300.jpeg 221w, https:\/\/losperiodistas.com.mx\/portal\/wp-content\/uploads\/2025\/08\/2231374618-768x1042.jpeg 768w, https:\/\/losperiodistas.com.mx\/portal\/wp-content\/uploads\/2025\/08\/2231374618-1133x1536.jpeg 1133w, https:\/\/losperiodistas.com.mx\/portal\/wp-content\/uploads\/2025\/08\/2231374618-1510x2048.jpeg 1510w, https:\/\/losperiodistas.com.mx\/portal\/wp-content\/uploads\/2025\/08\/2231374618.jpeg 1600w\" sizes=\"(max-width: 755px) 100vw, 755px\" \/><figcaption class=\"wp-element-caption\">Helen Mirren en el estreno de\u00a0<em>El club del crimen de los jueves<\/em>\u00a0el 21 de agosto en Londres.\u00a0Karwai Tang \/ Getty Images<\/figcaption><\/figure>\n\n\n\n<p><\/p>\n\n\n\n<p class=\"has-vivid-red-color has-text-color has-link-color has-medium-font-size wp-elements-c791539c02ea3c5e53b80c6ac60c83cc\"><strong>Por\u00a0<a href=\"https:\/\/www.revistavanityfair.es\/autor\/adetommasi\">Alessandra De Tommasi<\/a> \/ Vanity Fair<\/strong><\/p>\n\n\n\n<p>Traducido y adaptado por\u00a0<a href=\"https:\/\/www.revistavanityfair.es\/autor\/dario-gael-blanco\/1945\">Dar\u00edo Gael Blanco<\/a><\/p>\n\n\n\n<p><strong>Se hace llamar \u00abcampesina de Salento\u00bb<\/strong>&nbsp;<strong>desde que se mud\u00f3 a una granja de Apulia<\/strong>, en Italia, pero adem\u00e1s de ser ganadora de un Oscar,&nbsp;<a href=\"https:\/\/www.revistavanityfair.es\/articulos\/victoria-beckham-vestido-letizia-cena-rey-carlos-slow-food\">Helen Mirren<\/a>, es dama comendadora de la Orden del Imperio Brit\u00e1nico. A sus 80 a\u00f1os (alcanz\u00f3 esta cifra redonda el pasado 26 de julio), protagoniza&nbsp;<em>El club del crimen de los jueves<\/em>&nbsp;junto a&nbsp;<a href=\"https:\/\/www.revistavanityfair.es\/articulos\/pierce-brosnan-arte-entrevista\">Pierce Brosnan<\/a>, una adaptaci\u00f3n de la novela de misterio hom\u00f3nima de&nbsp;<strong>Richard Osman<\/strong>&nbsp;que se estrena el pr\u00f3ximo 28 de agosto en Netflix.<\/p>\n\n\n\n<p>Casada desde hace 28 a\u00f1os con el director&nbsp;<strong>Taylor Hackford<\/strong>, presume de tener una agenda repleta de proyectos en la que no faltan los taquillazos como&nbsp;<em>Fast &amp; Furious X<\/em>&nbsp;y&nbsp;<em>Barbie<\/em>, las series polic\u00edacas (como&nbsp;<em>Tierra de mafiosos<\/em>) o los&nbsp;<em>westerns<\/em>&nbsp;(como la serie&nbsp;<em>1923<\/em>): \u201c<strong>A veces se da lo que yo llamo &#8216;choque de proyectos&#8217;, porque todos suceden al mismo tiempo<\/strong>\u201d, afirma en su \u00faltima entrevista para&nbsp;<a href=\"https:\/\/people.com\/helen-mirren-ignoring-birthdays-aging-thursday-murder-club-exclusive-11790030\" rel=\"noreferrer noopener\" target=\"_blank\"><em>People<\/em><\/a>. En ella tambi\u00e9n reconoce que sus \u00faltimos meses de rodaje fueron un periodo \u201cintenso, pero le pill\u00e9 el tranquillo\u201d.<\/p>\n\n\n\n<p>El filme de trata sobre un grupo de jubilados tras la pista de un crimen, lo cual da pie a una serie de opiniones de la estrella sobre la edad: \u00abLos j\u00f3venes no pueden entender que los mayores tuvieran sexo, se divirtieran, bailaran y estuvieran obsesionados con su pelo y con su peso. Y,&nbsp;<strong>por supuesto, los mayores los miran y piensan &#8216;\u00bfSab\u00e9is que? Eso ya lo hemos vivido\u00bb<\/strong>.<\/p>\n\n\n\n<p>Pero hay algo que no soporta: \u201cUna cosa que me irrita a medida que me voy haciendo mayor es esa especie de condescendencia paternalista\u201d. Y a\u00f1ade:&nbsp;<strong>\u201cOdio que me digan que soy \u2018peleona\u2019. Estoy viva. No me pong\u00e1is esas etiquetas horrorosas<\/strong>\u201d. Y tampoco le agrada la expresi\u00f3n \u201ctener un esp\u00edritu joven\u201d.<\/p>\n\n\n\n<p>Con respecto a su reciente cumplea\u00f1os, sostiene que \u00abla verdad, no celebro los cumplea\u00f1os. No les doy importancia porque la vida sigue. Lo que espero es que ese d\u00eda me traten muy, pero que muy bien. No pido m\u00e1s. Una taza de t\u00e9 en la cama por la ma\u00f1ana\u00bb. Pero eso s\u00ed, nada de alargar demasiado ese ratito en la cama, algo que tal vez tenga algo que ver con sus or\u00edgenes de clase trabajadora: Su padre, Basil, fue un emigrante ruso que se gan\u00f3 la vida como taxista y m\u00e1s adelante como funcionario en el Ministerio de Transportes. Su madre, Kathleen, era ama de casa.&nbsp;<strong>\u201cSi me quedo tumbada despu\u00e9s de las ocho empiezo a sentirme culpable porque siempre hay algo que hacer\u201d<\/strong>, dice. Algo que, a todas luces, parece especialmente cierto cuando se es Helen Mirren.<\/p>\n\n\n\n<p><em>Art\u00edculo original publicado por Vanity Fair Italia. Accede&nbsp;<a href=\"https:\/\/www.vanityfair.it\/article\/helen-mirren-nuove-generazioni-dimenticano-anche-noi-ballavamo-facevamo-sesso-80-anni-non-chiamatemi-giovanile-sono-semplicemente-viva\">aqu\u00ed<\/a>.<\/em><\/p>\n\n\n\n<p>Fuente: <a href=\"https:\/\/www.revistavanityfair.es\/articulos\/helen-mirren-80-cumpleanos-el-club-del-crimen-de-los-jueves#intcid=_vanity-fair-es-verso-hp-trending_3d6e17a6-39af-44ce-8877-96688d4fe68d_popular4-2_fallback_cral-top2-2\">https:\/\/www.revistavanityfair.es\/articulos\/helen-mirren-80-cumpleanos-el-club-del-crimen-de-los-jueves#intcid=_vanity-fair-es-verso-hp-trending_3d6e17a6-39af-44ce-8877-96688d4fe68d_popular4-2_fallback_cral-top2-2<\/a><\/p>\n","protected":false},"excerpt":{"rendered":"<p>La oscarizada actriz brit\u00e1nica, que acaba de cumplir 80 a\u00f1os, estrena una nueva pel\u00edcula el pr\u00f3ximo 28 de agosto y, [&hellip;]<\/p>\n","protected":false},"author":1,"featured_media":105306,"comment_status":"open","ping_status":"open","sticky":false,"template":"","format":"standard","meta":{"site-sidebar-layout":"default","site-content-layout":"","ast-site-content-layout":"default","site-content-style":"default","site-sidebar-style":"default","ast-global-header-display":"","ast-banner-title-visibility":"","ast-main-header-display":"","ast-hfb-above-header-display":"","ast-hfb-below-header-display":"","ast-hfb-mobile-header-display":"","site-post-title":"","ast-breadcrumbs-content":"","ast-featured-img":"","footer-sml-layout":"","theme-transparent-header-meta":"","adv-header-id-meta":"","stick-header-meta":"","header-above-stick-meta":"","header-main-stick-meta":"","header-below-stick-meta":"","astra-migrate-meta-layouts":"default","ast-page-background-enabled":"default","ast-page-background-meta":{"desktop":{"background-color":"var(--ast-global-color-4)","background-image":"","background-repeat":"repeat","background-position":"center center","background-size":"auto","background-attachment":"scroll","background-type":"","background-media":"","overlay-type":"","overlay-color":"","overlay-opacity":"","overlay-gradient":""},"tablet":{"background-color":"","background-image":"","background-repeat":"repeat","background-position":"center center","background-size":"auto","background-attachment":"scroll","background-type":"","background-media":"","overlay-type":"","overlay-color":"","overlay-opacity":"","overlay-gradient":""},"mobile":{"background-color":"","background-image":"","background-repeat":"repeat","background-position":"center center","background-size":"auto","background-attachment":"scroll","background-type":"","background-media":"","overlay-type":"","overlay-color":"","overlay-opacity":"","overlay-gradient":""}},"ast-content-background-meta":{"desktop":{"background-color":"var(--ast-global-color-5)","background-image":"","background-repeat":"repeat","background-position":"center center","background-size":"auto","background-attachment":"scroll","background-type":"","background-media":"","overlay-type":"","overlay-color":"","overlay-opacity":"","overlay-gradient":""},"tablet":{"background-color":"var(--ast-global-color-5)","background-image":"","background-repeat":"repeat","background-position":"center center","background-size":"auto","background-attachment":"scroll","background-type":"","background-media":"","overlay-type":"","overlay-color":"","overlay-opacity":"","overlay-gradient":""},"mobile":{"background-color":"var(--ast-global-color-5)","background-image":"","background-repeat":"repeat","background-position":"center center","background-size":"auto","background-attachment":"scroll","background-type":"","background-media":"","overlay-type":"","overlay-color":"","overlay-opacity":"","overlay-gradient":""}},"footnotes":""},"categories":[8],"tags":[41081,41080],"class_list":["post-105305","post","type-post","status-publish","format-standard","has-post-thumbnail","hentry","category-noticias","tag-hellen-mirren","tag-sexualidad-adultos"],"_links":{"self":[{"href":"https:\/\/losperiodistas.com.mx\/portal\/wp-json\/wp\/v2\/posts\/105305","targetHints":{"allow":["GET"]}}],"collection":[{"href":"https:\/\/losperiodistas.com.mx\/portal\/wp-json\/wp\/v2\/posts"}],"about":[{"href":"https:\/\/losperiodistas.com.mx\/portal\/wp-json\/wp\/v2\/types\/post"}],"author":[{"embeddable":true,"href":"https:\/\/losperiodistas.com.mx\/portal\/wp-json\/wp\/v2\/users\/1"}],"replies":[{"embeddable":true,"href":"https:\/\/losperiodistas.com.mx\/portal\/wp-json\/wp\/v2\/comments?post=105305"}],"version-history":[{"count":1,"href":"https:\/\/losperiodistas.com.mx\/portal\/wp-json\/wp\/v2\/posts\/105305\/revisions"}],"predecessor-version":[{"id":105307,"href":"https:\/\/losperiodistas.com.mx\/portal\/wp-json\/wp\/v2\/posts\/105305\/revisions\/105307"}],"wp:featuredmedia":[{"embeddable":true,"href":"https:\/\/losperiodistas.com.mx\/portal\/wp-json\/wp\/v2\/media\/105306"}],"wp:attachment":[{"href":"https:\/\/losperiodistas.com.mx\/portal\/wp-json\/wp\/v2\/media?parent=105305"}],"wp:term":[{"taxonomy":"category","embeddable":true,"href":"https:\/\/losperiodistas.com.mx\/portal\/wp-json\/wp\/v2\/categories?post=105305"},{"taxonomy":"post_tag","embeddable":true,"href":"https:\/\/losperiodistas.com.mx\/portal\/wp-json\/wp\/v2\/tags?post=105305"}],"curies":[{"name":"wp","href":"https:\/\/api.w.org\/{rel}","templated":true}]}}