{"id":105294,"date":"2025-08-22T08:52:43","date_gmt":"2025-08-22T14:52:43","guid":{"rendered":"https:\/\/losperiodistas.com.mx\/portal\/?p=105294"},"modified":"2025-08-22T09:18:56","modified_gmt":"2025-08-22T15:18:56","slug":"opinion-rigoberta-menchu-premio-nobel-y-el-chile-en-nogada","status":"publish","type":"post","link":"https:\/\/losperiodistas.com.mx\/portal\/opinion-rigoberta-menchu-premio-nobel-y-el-chile-en-nogada\/","title":{"rendered":"Opini\u00f3n | Rigoberta Mench\u00fa, Premio Nobel y el chile en nogada"},"content":{"rendered":"\n<p class=\"has-medium-font-size\">*Estuvo en Puebla los d\u00edas 13 y 14 de agosto<\/p>\n\n\n\n<figure class=\"wp-block-image size-large\"><img fetchpriority=\"high\" decoding=\"async\" width=\"1024\" height=\"750\" src=\"https:\/\/losperiodistas.com.mx\/portal\/wp-content\/uploads\/2025\/08\/RIGOBERTA-MENCHU-Y-SU-ESPOSO-1024x750.jpg\" alt=\"\" class=\"wp-image-105295\" srcset=\"https:\/\/losperiodistas.com.mx\/portal\/wp-content\/uploads\/2025\/08\/RIGOBERTA-MENCHU-Y-SU-ESPOSO-1024x750.jpg 1024w, https:\/\/losperiodistas.com.mx\/portal\/wp-content\/uploads\/2025\/08\/RIGOBERTA-MENCHU-Y-SU-ESPOSO-300x220.jpg 300w, https:\/\/losperiodistas.com.mx\/portal\/wp-content\/uploads\/2025\/08\/RIGOBERTA-MENCHU-Y-SU-ESPOSO-768x563.jpg 768w, https:\/\/losperiodistas.com.mx\/portal\/wp-content\/uploads\/2025\/08\/RIGOBERTA-MENCHU-Y-SU-ESPOSO-1536x1125.jpg 1536w, https:\/\/losperiodistas.com.mx\/portal\/wp-content\/uploads\/2025\/08\/RIGOBERTA-MENCHU-Y-SU-ESPOSO.jpg 1564w\" sizes=\"(max-width: 1024px) 100vw, 1024px\" \/><\/figure>\n\n\n\n<p class=\"has-vivid-red-color has-text-color has-link-color has-medium-font-size wp-elements-4865f9003ac6cfcf5a7f44570e7f0aa1\"><strong><em>Por Ra\u00fal Torres Salmer\u00f3n \/ Sin L\u00edmites<\/em><\/strong><\/p>\n\n\n\n<p>Rigoberta Mench\u00fa, Premio Nobel de la Paz en 1992, estuvo un par de d\u00edas en Puebla, el mi\u00e9rcoles 13 y el jueves 14 de agosto, donde incluso degust\u00f3 por vez primera el aut\u00e9ntico chile en nogada de Puebla. Ya lo hab\u00eda comido en la Ciudad de M\u00e9xico, pero el platillo poblano le sorprendi\u00f3 y al preguntarle su opini\u00f3n, lo calific\u00f3 con una puntuaci\u00f3n de 200.&nbsp;<\/p>\n\n\n\n<p>La comida del mi\u00e9rcoles fue en Casa Reyna, por invitaci\u00f3n de la ex Subsecretaria de Asuntos Ind\u00edgenas del Gobierno del Estado, Socorro Figueroa Andrade y del empresario Yuri Iv\u00e1n Contreras. En esa ocasi\u00f3n Rigoberta Mench\u00fa luci\u00f3 un collar, aretes y una pulsera de talavera, adem\u00e1s de los utiliza tradicionalmente.<\/p>\n\n\n\n<p>Como dato curioso le toc\u00f3 degustar el chile numero 28 mil 479, pues en el lugar cada platillo le acompa\u00f1a un peque\u00f1o Certificado de Autenticidad numerado, avalado por el Notario P\u00fablico 55, \u00c1ngel P\u00e9rez Garc\u00eda, donde asienta que est\u00e1 elaborado por ingredientes de calidad y frescura de la regi\u00f3n y que la nogada hecha 100 por ciento de nuez de Castilla.<\/p>\n\n\n\n<p>Tiene adem\u00e1s Casa Reyna autorizaci\u00f3n del IMPI y el Gobierno del Estado de Puebla de utilizar el distintivo Chile en Nogada Orgullo Poblano. En el restaurante manifestaron que calcula vender en la temporada 50 mil chiles.<\/p>\n\n\n\n<p>La l\u00edder ind\u00edgena de origen guatemalteco hizo su primera aparici\u00f3n p\u00fablica como ciudadana mexicana en Puebla, luego de recibir su carta de naturalizaci\u00f3n el pasado 16 de julio, de manos de Juan Ram\u00f3n de la Fuente, titular de la Secretar\u00eda de Relaciones Exteriores (SRE).<\/p>\n\n\n\n<p>Rigoberta Mench\u00fa es reconocida internacionalmente por su lucha en defensa de los derechos humanos y de los ahora llamados pueblos originarios.<\/p>\n\n\n\n<p>El jueves estuvo como invitada de honor en San Andr\u00e9s Cholula para poner en marcha el nuevo Cl\u00faster del Ecosistema de Cultura y Arte del Estado de Puebla. En la comida hizo los siguientes se\u00f1alamientos:<\/p>\n\n\n\n<p>-El Premio Nobel transform\u00f3 mi vida en forma total, es un gran prestigio, pero implica muchas responsabilidades. Al mundo le falta orientaci\u00f3n y educaci\u00f3n de calidad, no se educa a la ni\u00f1ez.<\/p>\n\n\n\n<p>-Mi lucha por los derechos humanos ha sido intensa, de mucho caminar y por andar a las carreras se olvidan uno de cuidarse. A los activistas sociales, nos ha tocado una vida intensa de mucho caminar pues quiere uno mejorar el mundo.<\/p>\n\n\n\n<p>-He estado enferma, un c\u00e1ncer de h\u00edgado que me est\u00e1n atendiendo especialistas del Instituto Nacional de Nutrici\u00f3n. Al parecer estoy superando la enfermedad pues han perdido fuerza las c\u00e9lulas cancerosas y no tengo ya prohibiciones para trabajar.<\/p>\n\n\n\n<p>-En septiembre me dan los resultados finales del tratamiento. No le damos importancia a la salud hasta que empezamos a perderla. Mi esposo \u00c1ngel Canil, hace honor a su nombre, pues me ha acompa\u00f1ado en el proceso de recuperaci\u00f3n de la enfermedad.<\/p>\n\n\n\n<p>Al d\u00eda siguiente, el jueves, en el marco de su conferencia magistral, luego de la instalaci\u00f3n del Cl\u00faster de Cultura y Arte del Estado de Puebla en San Andr\u00e9s Cholula, destaca la importancia de la empat\u00eda, en especial hacia las mujeres.<\/p>\n\n\n\n<p>Entre otras ideas, expres\u00f3 las siguientes:<\/p>\n\n\n\n<p>-Los mexicanos tenemos la obligaci\u00f3n de apoyar la llegada de una mujer a la Presidencia, considerando que ese hecho dignifica la lucha femenina por mayor visibilidad y reconocimiento en los espacios p\u00fablicos.<\/p>\n\n\n\n<p>-M\u00e9xico, a diferencia de sus vecinos latinoamericanos, destaca por su estabilidad pol\u00edtica y su riqueza cultural, cualidades que deben ser defendidas y promovidas activamente. Hay un deber social de sumarse a toda causa que promueva el progreso nacional y la equidad.<\/p>\n\n\n\n<p>-Soy una mujer que he apoyado todas las luchas de mujeres en Am\u00e9rica Latina y en otros pa\u00edses del mundo y s\u00e9 que en cada lugar hay grandes mujeres.<\/p>\n\n\n\n<p>-Muchas mujeres enfrentan violencia desde sus hogares, como fue mi caso, y es necesario abrazar las causas sociales junto con el desarrollo personal. Puebla es un ejemplo de paz, pues no percibo niveles de violencia tan altos como en otros estados.<\/p>\n\n\n\n<p>-El arte y la preservaci\u00f3n de las lenguas originarias son fundamentales para la cultura universal. No debemos minimizar lo que ocurre en las comunidades y debemos garantizar la salud mental y f\u00edsica para todos.<\/p>\n\n\n\n<p>-La Fundaci\u00f3n que lleva mi nombre ofrecer\u00e1 un diplomado para mujeres poblanas para fortalecer habilidades de liderazgo y proyectar sus ideas y representa una oportunidad para consolidar la identidad cultural, potenciar la econom\u00eda creativa y fomentar la participaci\u00f3n social. y desarrollar una visi\u00f3n integral que les permita incidir positivamente en sus comunidades.<\/p>\n\n\n\n<p>-Tengo desde que cruc\u00e9 la frontera de Guatemala, 44 a\u00f1os de haber llegado a estas tierras mexicanas y especialmente en esta hermosa regi\u00f3n, el Estado de Puebla. Tantas veces tom\u00e9 un bus para el sureste mexicano, Chiapas, Oaxaca y hoy estar aqu\u00ed es una alegr\u00eda porque es mi primera presentaci\u00f3n como ciudadana mexicana.<\/p>\n\n\n\n<p>-El arte y la cultura son la tinta indeleble del alma de cada generaci\u00f3n, pues nadie podr\u00eda comprender su identidad sin ellas. Puebla es un estado con un sinf\u00edn de artistas y una gran historia.<\/p>\n\n\n\n<p>En fin, como escribi\u00f3 Rigoberta Mench\u00fa (Guatemala, 1959), su poema Pixab (Tomar Consejo):<\/p>\n\n\n\n<p>Humillaron a nuestros ancestros,<\/p>\n\n\n\n<p>asesinaron a nuestros padres,<\/p>\n\n\n\n<p>arrancaron nuestras flores,<\/p>\n\n\n\n<p>cortaron nuestros frutos,<\/p>\n\n\n\n<p>quemaron nuestras ramas,<\/p>\n\n\n\n<p>quemaron nuestros troncos,<\/p>\n\n\n\n<p>pero no pudieron arrancar nuestras ra\u00edces.<\/p>\n\n\n\n<p>Reto\u00f1ar\u00e1n ma\u00f1ana y florecer\u00e1n de nuevo,<\/p>\n\n\n\n<p>y nos quedaremos all\u00ed generaciones tras generaciones,<\/p>\n\n\n\n<p>porque no pudieron arrancar nuestras ra\u00edces.<\/p>\n\n\n\n<p>raultorress@hotmail.com<\/p>\n\n\n\n<hr class=\"wp-block-separator has-alpha-channel-opacity\"\/>\n\n\n\n<p><strong>+ OPINI\u00d3N : Las opiniones expresadas son responsabilidad del autor<\/strong><\/p>\n","protected":false},"excerpt":{"rendered":"<p>*Estuvo en Puebla los d\u00edas 13 y 14 de agosto Por Ra\u00fal Torres Salmer\u00f3n \/ Sin L\u00edmites Rigoberta Mench\u00fa, Premio [&hellip;]<\/p>\n","protected":false},"author":1,"featured_media":105295,"comment_status":"open","ping_status":"open","sticky":false,"template":"","format":"standard","meta":{"site-sidebar-layout":"default","site-content-layout":"","ast-site-content-layout":"default","site-content-style":"default","site-sidebar-style":"default","ast-global-header-display":"","ast-banner-title-visibility":"","ast-main-header-display":"","ast-hfb-above-header-display":"","ast-hfb-below-header-display":"","ast-hfb-mobile-header-display":"","site-post-title":"","ast-breadcrumbs-content":"","ast-featured-img":"","footer-sml-layout":"","theme-transparent-header-meta":"","adv-header-id-meta":"","stick-header-meta":"","header-above-stick-meta":"","header-main-stick-meta":"","header-below-stick-meta":"","astra-migrate-meta-layouts":"default","ast-page-background-enabled":"default","ast-page-background-meta":{"desktop":{"background-color":"var(--ast-global-color-4)","background-image":"","background-repeat":"repeat","background-position":"center center","background-size":"auto","background-attachment":"scroll","background-type":"","background-media":"","overlay-type":"","overlay-color":"","overlay-opacity":"","overlay-gradient":""},"tablet":{"background-color":"","background-image":"","background-repeat":"repeat","background-position":"center center","background-size":"auto","background-attachment":"scroll","background-type":"","background-media":"","overlay-type":"","overlay-color":"","overlay-opacity":"","overlay-gradient":""},"mobile":{"background-color":"","background-image":"","background-repeat":"repeat","background-position":"center center","background-size":"auto","background-attachment":"scroll","background-type":"","background-media":"","overlay-type":"","overlay-color":"","overlay-opacity":"","overlay-gradient":""}},"ast-content-background-meta":{"desktop":{"background-color":"var(--ast-global-color-5)","background-image":"","background-repeat":"repeat","background-position":"center center","background-size":"auto","background-attachment":"scroll","background-type":"","background-media":"","overlay-type":"","overlay-color":"","overlay-opacity":"","overlay-gradient":""},"tablet":{"background-color":"var(--ast-global-color-5)","background-image":"","background-repeat":"repeat","background-position":"center center","background-size":"auto","background-attachment":"scroll","background-type":"","background-media":"","overlay-type":"","overlay-color":"","overlay-opacity":"","overlay-gradient":""},"mobile":{"background-color":"var(--ast-global-color-5)","background-image":"","background-repeat":"repeat","background-position":"center center","background-size":"auto","background-attachment":"scroll","background-type":"","background-media":"","overlay-type":"","overlay-color":"","overlay-opacity":"","overlay-gradient":""}},"footnotes":""},"categories":[8,19],"tags":[41077,41078],"class_list":["post-105294","post","type-post","status-publish","format-standard","has-post-thumbnail","hentry","category-noticias","category-sin-limites-2","tag-rigoberta-menchu","tag-rigoberta-menchu-en-puebla"],"_links":{"self":[{"href":"https:\/\/losperiodistas.com.mx\/portal\/wp-json\/wp\/v2\/posts\/105294","targetHints":{"allow":["GET"]}}],"collection":[{"href":"https:\/\/losperiodistas.com.mx\/portal\/wp-json\/wp\/v2\/posts"}],"about":[{"href":"https:\/\/losperiodistas.com.mx\/portal\/wp-json\/wp\/v2\/types\/post"}],"author":[{"embeddable":true,"href":"https:\/\/losperiodistas.com.mx\/portal\/wp-json\/wp\/v2\/users\/1"}],"replies":[{"embeddable":true,"href":"https:\/\/losperiodistas.com.mx\/portal\/wp-json\/wp\/v2\/comments?post=105294"}],"version-history":[{"count":1,"href":"https:\/\/losperiodistas.com.mx\/portal\/wp-json\/wp\/v2\/posts\/105294\/revisions"}],"predecessor-version":[{"id":105296,"href":"https:\/\/losperiodistas.com.mx\/portal\/wp-json\/wp\/v2\/posts\/105294\/revisions\/105296"}],"wp:featuredmedia":[{"embeddable":true,"href":"https:\/\/losperiodistas.com.mx\/portal\/wp-json\/wp\/v2\/media\/105295"}],"wp:attachment":[{"href":"https:\/\/losperiodistas.com.mx\/portal\/wp-json\/wp\/v2\/media?parent=105294"}],"wp:term":[{"taxonomy":"category","embeddable":true,"href":"https:\/\/losperiodistas.com.mx\/portal\/wp-json\/wp\/v2\/categories?post=105294"},{"taxonomy":"post_tag","embeddable":true,"href":"https:\/\/losperiodistas.com.mx\/portal\/wp-json\/wp\/v2\/tags?post=105294"}],"curies":[{"name":"wp","href":"https:\/\/api.w.org\/{rel}","templated":true}]}}