{"id":105291,"date":"2025-08-22T08:18:09","date_gmt":"2025-08-22T14:18:09","guid":{"rendered":"https:\/\/losperiodistas.com.mx\/portal\/?p=105291"},"modified":"2025-08-22T08:21:56","modified_gmt":"2025-08-22T14:21:56","slug":"denuncian-a-la-secretaria-de-desarrollo-urbano-de-la-capital-por-no-frenar-las-invasiones-en-covadonga-ljo","status":"publish","type":"post","link":"https:\/\/losperiodistas.com.mx\/portal\/denuncian-a-la-secretaria-de-desarrollo-urbano-de-la-capital-por-no-frenar-las-invasiones-en-covadonga-ljo\/","title":{"rendered":"Denuncian a la secretaria de Desarrollo Urbano de la capital por no frenar las invasiones en Covadonga | LJO"},"content":{"rendered":"\n<p class=\"has-medium-font-size\">Fren\u00f3 las demoliciones de inmuebles irregulares y no inspecciona nuevas edificaciones<\/p>\n\n\n\n<figure class=\"wp-block-embed is-type-video is-provider-youtube wp-block-embed-youtube wp-embed-aspect-16-9 wp-has-aspect-ratio\"><div class=\"wp-block-embed__wrapper\">\n<iframe title=\"Fundaci\u00f3n denunci\u00f3 a secretaria de Gesti\u00f3n Urbano por omisi\u00f3n en frenar invasiones en Covadonga\" width=\"500\" height=\"281\" src=\"https:\/\/www.youtube.com\/embed\/yFDcb4MxU94?feature=oembed\" frameborder=\"0\" allow=\"accelerometer; autoplay; clipboard-write; encrypted-media; gyroscope; picture-in-picture; web-share\" referrerpolicy=\"strict-origin-when-cross-origin\" allowfullscreen><\/iframe>\n<\/div><\/figure>\n\n\n\n<p><\/p>\n\n\n\n<p class=\"has-vivid-red-color has-text-color has-link-color has-medium-font-size wp-elements-8a01818d259585f36b885413e7278d9a\"><strong><a href=\"https:\/\/lajornadadeoriente.com.mx\/author\/patricia_mendez\">Patricia M\u00e9ndez<\/a> \/ La Jornada de Oriente<\/strong><\/p>\n\n\n\n<p><\/p>\n\n\n\n<p>La&nbsp;<strong>Fundaci\u00f3n \u201cJulita\u201d<\/strong>&nbsp;denunci\u00f3 ante la&nbsp;<strong>Contralor\u00eda Municipal<\/strong>&nbsp;a la&nbsp;<strong>secretaria de Gesti\u00f3n y Desarrollo Urbano<\/strong>,&nbsp;<strong>Karina Romero Sainz<\/strong>, por la&nbsp;<strong>omisi\u00f3n<\/strong>&nbsp;en frenar antiguas y recientes&nbsp;<strong>invasiones<\/strong>&nbsp;en la&nbsp;<strong>zona<\/strong>&nbsp;de&nbsp;<strong>Covadonga<\/strong>.<\/p>\n\n\n\n<p><strong>Jes\u00fas Gonz\u00e1lez Schmal<\/strong>, apoderado legal de la&nbsp;<strong>agrupaci\u00f3n<\/strong>, acus\u00f3 que la&nbsp;<strong>funcionaria<\/strong>&nbsp;ha hecho caso omiso a la petici\u00f3n para que inspeccione un&nbsp;<strong>predio<\/strong>&nbsp;de aproximadamente tres&nbsp;<strong>hect\u00e1reas<\/strong>&nbsp;en donde se&nbsp;<a href=\"https:\/\/www.lajornadadeoriente.com.mx\/puebla\/exigen-al-ayuntamiento-intervencion-urgente-de-la-policia-en-covadonga-invasores-sembraron-el-terror-con-ola-de-asaltos-acusan-vecinos\"><strong>construyen inmuebles de forma ilegal<\/strong><\/a>.<\/p>\n\n\n\n<p>El&nbsp;<strong>terreno<\/strong>&nbsp;en cuesti\u00f3n se localiza frente a otro&nbsp;<strong>terreno<\/strong>, de dos&nbsp;<strong>hect\u00e1reas<\/strong>, que tambi\u00e9n fue&nbsp;<strong>invadido<\/strong>, ambos, localizados en el&nbsp;<strong>kil\u00f3metro 12<\/strong>&nbsp;de la antigua&nbsp;<strong>carretera a Tlaxcala<\/strong>.<\/p>\n\n\n\n<p>El&nbsp;<strong>abogado<\/strong>&nbsp;se\u00f1al\u00f3 que los dos&nbsp;<strong>predios<\/strong>&nbsp;son&nbsp;<strong>propiedad<\/strong>&nbsp;de la&nbsp;<strong>Fundaci\u00f3n<\/strong>&nbsp;que representa, pero fueron&nbsp;<strong>invadidos<\/strong>&nbsp;por&nbsp;<strong>paracaidistas<\/strong>.<\/p>\n\n\n\n<p>En&nbsp;<strong>conferencia de prensa<\/strong>, record\u00f3 que la primera&nbsp;<strong>invasi\u00f3n<\/strong>&nbsp;ocurri\u00f3 en marzo de 2023, en el&nbsp;<strong>terreno<\/strong>&nbsp;de dos&nbsp;<strong>hect\u00e1reas<\/strong>, por parte de una persona identificada como&nbsp;<strong>Jorge Mendoza Gonz\u00e1lez<\/strong>.<\/p>\n\n\n\n<p>Tras una&nbsp;<strong>lucha jur\u00eddica<\/strong>&nbsp;de m\u00e1s de un a\u00f1o, en la que dijo, las&nbsp;<strong>autoridades<\/strong>&nbsp;en turno fueron&nbsp;<strong>omisas<\/strong>, la&nbsp;<strong>Fundaci\u00f3n<\/strong>&nbsp;gan\u00f3 el&nbsp;<strong>amparo 257\/2025<\/strong>, pues la&nbsp;<strong>juez<\/strong>&nbsp;<strong>Blanca Alicia Lugo P\u00e9rez<\/strong>&nbsp;orden\u00f3 la&nbsp;<strong>demolici\u00f3n<\/strong>&nbsp;de las&nbsp;<strong>casas<\/strong>&nbsp;que en ese lapso fueron&nbsp;<strong>edificadas<\/strong>&nbsp;en el&nbsp;<strong>terreno<\/strong>&nbsp;en cuesti\u00f3n.<\/p>\n\n\n\n<p>El&nbsp;<strong>derrumbe<\/strong>&nbsp;se llev\u00f3 a cabo el 19 de julio pasado, pero el&nbsp;<strong>director de Desarrollo Urbano<\/strong>&nbsp;del&nbsp;<strong>municipio<\/strong>,&nbsp;<strong>Jes\u00fas Humberto Rodr\u00edguez<\/strong>, quien acompa\u00f1\u00f3 la&nbsp;<strong>diligencia<\/strong>, no permiti\u00f3 que se&nbsp;<strong>demolieran<\/strong>&nbsp;todos los&nbsp;<strong>inmuebles<\/strong>, pues ya no toc\u00f3 un&nbsp;<strong><a href=\"https:\/\/www.lajornadadeoriente.com.mx\/puebla\/la-investigacion-por-el-despojo-de-la-exfabrica-de-covadonga-no-avanza-porque-la-fge-desde-hace-cuatro-meses-no-puede-mandar-un-perito\">\u00e1rea presuntamente invadida<\/a><\/strong>&nbsp;por la&nbsp;<strong>purificadora Agua Inmaculada<\/strong>.<\/p>\n\n\n\n<p>Detall\u00f3 que&nbsp;<strong>personal<\/strong>&nbsp;de la&nbsp;<strong>empresa<\/strong>&nbsp;sali\u00f3 y dijo que la&nbsp;<strong>extensi\u00f3n<\/strong>&nbsp;que la&nbsp;<strong>Fundaci\u00f3n<\/strong>&nbsp;alega que es de su&nbsp;<strong>propiedad<\/strong>, le fue&nbsp;<strong>vendida<\/strong>&nbsp;a la&nbsp;<strong>firma<\/strong>&nbsp;por parte de&nbsp;<strong>Humberto Rodr\u00edguez<\/strong>, por lo que el&nbsp;<strong>funcionario<\/strong>&nbsp;par\u00f3 el&nbsp;<strong>cumplimiento<\/strong>&nbsp;de la&nbsp;<strong>orden de demolici\u00f3n<\/strong>.<\/p>\n\n\n\n<p>Por otra parte, mencion\u00f3 que en febrero pasado,&nbsp;<strong>paracaidistas<\/strong>&nbsp;invadieron una&nbsp;<strong>extensi\u00f3n<\/strong>&nbsp;de tres&nbsp;<strong>hect\u00e1reas<\/strong>&nbsp;que se localiza frente al primer&nbsp;<strong>terreno<\/strong>, por lo que la&nbsp;<strong>Fundaci\u00f3n<\/strong>&nbsp;solicit\u00f3 a la&nbsp;<strong>secretaria de&nbsp;<a href=\"https:\/\/x.com\/SGyDU_Puebla\" target=\"_blank\" rel=\"noreferrer noopener\">Gesti\u00f3n y Desarrollo Urbano<\/a><\/strong>&nbsp;una&nbsp;<strong>inspecci\u00f3n<\/strong>, la cual hasta la fecha no ha llevado a cabo.<\/p>\n\n\n\n<p>Dijo que en aquella ocasi\u00f3n, los&nbsp;<strong>invasores<\/strong>&nbsp;golpearon a&nbsp;<strong>polic\u00edas auxiliares<\/strong>&nbsp;que resguardaban la&nbsp;<strong>zona<\/strong>, por lo que presentaron una&nbsp;<strong>denuncia penal<\/strong>; sin embargo, esto tampoco ha sido motivo para que&nbsp;<strong>Romero<\/strong>&nbsp;inspeccione el&nbsp;<strong>\u00e1rea<\/strong>, coment\u00f3.<\/p>\n\n\n\n<p>Ante tales&nbsp;<strong>omisiones<\/strong>, dijo el&nbsp;<strong>abogado<\/strong>, la&nbsp;<strong>organizaci\u00f3n<\/strong>&nbsp;present\u00f3 una&nbsp;<strong>denuncia<\/strong>&nbsp;ante la&nbsp;<strong>Contralor\u00eda Municipal<\/strong>, la cual espera que sea atendida a la brevedad posible.<\/p>\n\n\n\n<p>Fuente: <a href=\"https:\/\/www.lajornadadeoriente.com.mx\/puebla\/denuncian-a-la-secretaria-de-desarrollo-urbano-de-la-capital-por-no-frenar-las-invasiones-en-covadonga\/\">https:\/\/www.lajornadadeoriente.com.mx\/puebla\/denuncian-a-la-secretaria-de-desarrollo-urbano-de-la-capital-por-no-frenar-las-invasiones-en-covadonga\/<\/a><\/p>\n","protected":false},"excerpt":{"rendered":"<p>Fren\u00f3 las demoliciones de inmuebles irregulares y no inspecciona nuevas edificaciones Patricia M\u00e9ndez \/ La Jornada de Oriente La&nbsp;Fundaci\u00f3n \u201cJulita\u201d&nbsp;denunci\u00f3 [&hellip;]<\/p>\n","protected":false},"author":1,"featured_media":105292,"comment_status":"open","ping_status":"open","sticky":false,"template":"","format":"standard","meta":{"site-sidebar-layout":"default","site-content-layout":"","ast-site-content-layout":"default","site-content-style":"default","site-sidebar-style":"default","ast-global-header-display":"","ast-banner-title-visibility":"","ast-main-header-display":"","ast-hfb-above-header-display":"","ast-hfb-below-header-display":"","ast-hfb-mobile-header-display":"","site-post-title":"","ast-breadcrumbs-content":"","ast-featured-img":"","footer-sml-layout":"","theme-transparent-header-meta":"","adv-header-id-meta":"","stick-header-meta":"","header-above-stick-meta":"","header-main-stick-meta":"","header-below-stick-meta":"","astra-migrate-meta-layouts":"default","ast-page-background-enabled":"default","ast-page-background-meta":{"desktop":{"background-color":"var(--ast-global-color-4)","background-image":"","background-repeat":"repeat","background-position":"center center","background-size":"auto","background-attachment":"scroll","background-type":"","background-media":"","overlay-type":"","overlay-color":"","overlay-opacity":"","overlay-gradient":""},"tablet":{"background-color":"","background-image":"","background-repeat":"repeat","background-position":"center center","background-size":"auto","background-attachment":"scroll","background-type":"","background-media":"","overlay-type":"","overlay-color":"","overlay-opacity":"","overlay-gradient":""},"mobile":{"background-color":"","background-image":"","background-repeat":"repeat","background-position":"center center","background-size":"auto","background-attachment":"scroll","background-type":"","background-media":"","overlay-type":"","overlay-color":"","overlay-opacity":"","overlay-gradient":""}},"ast-content-background-meta":{"desktop":{"background-color":"var(--ast-global-color-5)","background-image":"","background-repeat":"repeat","background-position":"center center","background-size":"auto","background-attachment":"scroll","background-type":"","background-media":"","overlay-type":"","overlay-color":"","overlay-opacity":"","overlay-gradient":""},"tablet":{"background-color":"var(--ast-global-color-5)","background-image":"","background-repeat":"repeat","background-position":"center center","background-size":"auto","background-attachment":"scroll","background-type":"","background-media":"","overlay-type":"","overlay-color":"","overlay-opacity":"","overlay-gradient":""},"mobile":{"background-color":"var(--ast-global-color-5)","background-image":"","background-repeat":"repeat","background-position":"center center","background-size":"auto","background-attachment":"scroll","background-type":"","background-media":"","overlay-type":"","overlay-color":"","overlay-opacity":"","overlay-gradient":""}},"footnotes":""},"categories":[8],"tags":[41071,41075,41076],"class_list":["post-105291","post","type-post","status-publish","format-standard","has-post-thumbnail","hentry","category-noticias","tag-fundacion-julita","tag-karina-romero-sainz","tag-terrenos-cvadonga-pueba"],"_links":{"self":[{"href":"https:\/\/losperiodistas.com.mx\/portal\/wp-json\/wp\/v2\/posts\/105291","targetHints":{"allow":["GET"]}}],"collection":[{"href":"https:\/\/losperiodistas.com.mx\/portal\/wp-json\/wp\/v2\/posts"}],"about":[{"href":"https:\/\/losperiodistas.com.mx\/portal\/wp-json\/wp\/v2\/types\/post"}],"author":[{"embeddable":true,"href":"https:\/\/losperiodistas.com.mx\/portal\/wp-json\/wp\/v2\/users\/1"}],"replies":[{"embeddable":true,"href":"https:\/\/losperiodistas.com.mx\/portal\/wp-json\/wp\/v2\/comments?post=105291"}],"version-history":[{"count":1,"href":"https:\/\/losperiodistas.com.mx\/portal\/wp-json\/wp\/v2\/posts\/105291\/revisions"}],"predecessor-version":[{"id":105293,"href":"https:\/\/losperiodistas.com.mx\/portal\/wp-json\/wp\/v2\/posts\/105291\/revisions\/105293"}],"wp:featuredmedia":[{"embeddable":true,"href":"https:\/\/losperiodistas.com.mx\/portal\/wp-json\/wp\/v2\/media\/105292"}],"wp:attachment":[{"href":"https:\/\/losperiodistas.com.mx\/portal\/wp-json\/wp\/v2\/media?parent=105291"}],"wp:term":[{"taxonomy":"category","embeddable":true,"href":"https:\/\/losperiodistas.com.mx\/portal\/wp-json\/wp\/v2\/categories?post=105291"},{"taxonomy":"post_tag","embeddable":true,"href":"https:\/\/losperiodistas.com.mx\/portal\/wp-json\/wp\/v2\/tags?post=105291"}],"curies":[{"name":"wp","href":"https:\/\/api.w.org\/{rel}","templated":true}]}}