{"id":105278,"date":"2025-08-21T21:16:58","date_gmt":"2025-08-22T03:16:58","guid":{"rendered":"https:\/\/losperiodistas.com.mx\/portal\/?p=105278"},"modified":"2025-08-21T21:16:59","modified_gmt":"2025-08-22T03:16:59","slug":"asi-fue-el-hate-a-genaro-lozano-como-embajador-en-italia","status":"publish","type":"post","link":"https:\/\/losperiodistas.com.mx\/portal\/asi-fue-el-hate-a-genaro-lozano-como-embajador-en-italia\/","title":{"rendered":"As\u00ed fue el \u2018hate\u2019 a Genaro Lozano como embajador en Italia"},"content":{"rendered":"\n<p>Legisladores del PRI y PAN criticaron el nombramiento del periodista Genaro Lozano como embajador de M\u00e9xico en Italia.<\/p>\n\n\n\n<figure class=\"wp-block-image size-large\"><img fetchpriority=\"high\" decoding=\"async\" width=\"1024\" height=\"576\" src=\"https:\/\/losperiodistas.com.mx\/portal\/wp-content\/uploads\/2025\/08\/GenaroLozano-1024x576.png\" alt=\"\" class=\"wp-image-105279\" srcset=\"https:\/\/losperiodistas.com.mx\/portal\/wp-content\/uploads\/2025\/08\/GenaroLozano-1024x576.png 1024w, https:\/\/losperiodistas.com.mx\/portal\/wp-content\/uploads\/2025\/08\/GenaroLozano-300x169.png 300w, https:\/\/losperiodistas.com.mx\/portal\/wp-content\/uploads\/2025\/08\/GenaroLozano-768x432.png 768w, https:\/\/losperiodistas.com.mx\/portal\/wp-content\/uploads\/2025\/08\/GenaroLozano.png 1358w\" sizes=\"(max-width: 1024px) 100vw, 1024px\" \/><figcaption class=\"wp-element-caption\">Genaro Lozano fue ratificado como el pr\u00f3ximo embajador de M\u00e9xico en Italia pese a las cr\u00edticas de la oposici\u00f3n en el Congreso.<\/figcaption><\/figure>\n\n\n\n<p class=\"has-vivid-red-color has-text-color has-link-color wp-elements-ec1aec68ec65d673574e7f68ac157d9a\">Redacci\u00f3n \/ EF<\/p>\n\n\n\n<p>El periodista Genaro Lozano no se salv\u00f3 del<strong> \u2018hate\u2019 tras ser ratificado<\/strong> como embajador de M\u00e9xico en Italia por la Comisi\u00f3n Permanente del Congreso.<\/p>\n\n\n\n<p>Adem\u00e1s de Margarita Zavala, otros legisladores de la oposici\u00f3n criticaron el nombramiento de quien hasta hace unos meses era conductor del programa Tercer Grado, de Televisa.<\/p>\n\n\n\n<p>La panista asegur\u00f3 que el<strong> gobierno actual <\/strong>realiza nombramientos diplom\u00e1ticos por motivos pol\u00edticos sin que estos tengan experiencia o Carrera en el Servicio Exterior.<\/p>\n\n\n\n<p>A la voz de Zavala, del Partido Acci\u00f3n Nacional (PAN) se sum\u00f3 Federico D\u00f6ring quien record\u00f3 que Genaro Lozano tiene un art\u00edculo donde critica a Giorgia Meloni, primera ministra de Italia.<\/p>\n\n\n\n<p>\u201cHoy tenemos el nombramiento de una persona que<strong> ha servido al r\u00e9gimen<\/strong> desde un micr\u00f3fono. Ahora entiendo sus participaciones en Tercer Grado. Ya lo \u00fanico que nos falta ver aqu\u00ed es el nombramiento de Lord Mol\u00e9cula\u201d, dijo la senadora del Partido Revolucionario Institucional (PRI), Carolina Viggiano.<\/p>\n\n\n\n<p>Lord Mol\u00e9cula es el youtuber \u2018del mo\u00f1ito\u2019 que cubre las conferencias \u2018ma\u00f1aneras\u2019 desde el sexenio de Andr\u00e9s Manuel L\u00f3pez Obrador.<\/p>\n\n\n\n<h2 class=\"wp-block-heading\">Tambi\u00e9n hubo \u2018porras\u2019 para Genaro Lozano<\/h2>\n\n\n\n<p>No todo fueron <strong>cr\u00edticas <\/strong>debido a que tambi\u00e9n hubo \u2018porras\u2019 a Genaro Lozano, una de ellas del expriista Jorge Carlos Ram\u00edrez Mar\u00edn, senador del Partido Verde, quien mencion\u00f3 la trayectoria del periodista.<\/p>\n\n\n\n<p>\u201cLozano, graduado como licenciado en Relaciones Internacionales por el ITAM, tiene una maestr\u00eda en Ciencia Pol\u00edtica en la Nueva Escuela de Investigaciones Sociales de Nueva York\u201d, destac\u00f3.<\/p>\n\n\n\n<p>Sin embargo, ahora tambi\u00e9n llam\u00f3 la atenci\u00f3n el <strong>apoyo de Movimiento Ciudadano<\/strong> que, con la representaci\u00f3n de la diputada Laura Ballesteros, asegur\u00f3 que Genaro Lozano es \u201cuna de las voces m\u00e1s importantes en medios nacionales e internacionales\u201d.<\/p>\n\n\n\n<p>\u201cHay varias razones para ver con buenos ojos la designaci\u00f3n de Genaro Lozano como Embajador de M\u00e9xico en Italia, como su formaci\u00f3n de internacionalista y polit\u00f3logo, y como periodista especializado en informaci\u00f3n internacional\u201d, agreg\u00f3 Patricia Mercado en sus redes sociales.<\/p>\n\n\n\n<h2 class=\"wp-block-heading\">\u00bfQu\u00e9 dijo Claudia Sheinbaum sobre el nombramiento de Genaro Lozano como embajador en Italia?<\/h2>\n\n\n\n<p>La<strong> presidenta Claudia Sheinbaum <\/strong>defendi\u00f3 el nombramiento de Genaro Lozano como embajador de Italia durante su conferencia \u2018ma\u00f1anera\u2019 de este jueves 21 de agosto.<\/p>\n\n\n\n<p>\u201cEs un experto en relaciones internacionales, adem\u00e1s de defender los derechos de las personas LGBT. \u00c9l nos apoy\u00f3 mucho al final de muchas maneras y consider\u00e9 que es buena opci\u00f3n\u201d, dijo la mandataria.<\/p>\n\n\n\n<p><strong>Claudia Sheinbaum<\/strong> reconoci\u00f3 que Genaro Lozano estuvo un tiempo en Televisa, pero aclar\u00f3 que despu\u00e9s sali\u00f3 de la empresa e incluso critic\u00f3 a la oposici\u00f3n por los reclamos ante este nombramiento y asegur\u00f3 que ni siquiera expresaron los motivos de su molestia.<\/p>\n\n\n\n<p>\u201cGratitud a mi presidenta. Tambi\u00e9n soy un convencido de que tenemos a una l\u00edder extraordinaria que est\u00e1 poniendo el ejemplo a nivel global, as\u00ed lo he o\u00eddo en varias partes del mundo. Es un honor estar con Claudia Sheinbaum y servirle al pueblo de M\u00e9xico\u201d, respondi\u00f3 Lozano en sus redes sociales tras los comentarios de la mandataria.<\/p>\n\n\n\n<p>Fuente: <a href=\"https:\/\/www.elfinanciero.com.mx\/nacional\/2025\/08\/21\/asi-fue-el-hate-a-genaro-lozano-como-embajador-en-italia-falta-el-nombramiento-de-lord-molecula\/\" target=\"_blank\" rel=\"noreferrer noopener\">El Financiero<\/a><\/p>\n","protected":false},"excerpt":{"rendered":"<p>Legisladores del PRI y PAN criticaron el nombramiento del periodista Genaro Lozano como embajador de M\u00e9xico en Italia. <\/p>\n","protected":false},"author":1,"featured_media":105279,"comment_status":"open","ping_status":"open","sticky":false,"template":"","format":"standard","meta":{"site-sidebar-layout":"default","site-content-layout":"","ast-site-content-layout":"default","site-content-style":"default","site-sidebar-style":"default","ast-global-header-display":"","ast-banner-title-visibility":"","ast-main-header-display":"","ast-hfb-above-header-display":"","ast-hfb-below-header-display":"","ast-hfb-mobile-header-display":"","site-post-title":"","ast-breadcrumbs-content":"","ast-featured-img":"","footer-sml-layout":"","theme-transparent-header-meta":"","adv-header-id-meta":"","stick-header-meta":"","header-above-stick-meta":"","header-main-stick-meta":"","header-below-stick-meta":"","astra-migrate-meta-layouts":"default","ast-page-background-enabled":"default","ast-page-background-meta":{"desktop":{"background-color":"var(--ast-global-color-4)","background-image":"","background-repeat":"repeat","background-position":"center center","background-size":"auto","background-attachment":"scroll","background-type":"","background-media":"","overlay-type":"","overlay-color":"","overlay-opacity":"","overlay-gradient":""},"tablet":{"background-color":"","background-image":"","background-repeat":"repeat","background-position":"center center","background-size":"auto","background-attachment":"scroll","background-type":"","background-media":"","overlay-type":"","overlay-color":"","overlay-opacity":"","overlay-gradient":""},"mobile":{"background-color":"","background-image":"","background-repeat":"repeat","background-position":"center center","background-size":"auto","background-attachment":"scroll","background-type":"","background-media":"","overlay-type":"","overlay-color":"","overlay-opacity":"","overlay-gradient":""}},"ast-content-background-meta":{"desktop":{"background-color":"var(--ast-global-color-5)","background-image":"","background-repeat":"repeat","background-position":"center center","background-size":"auto","background-attachment":"scroll","background-type":"","background-media":"","overlay-type":"","overlay-color":"","overlay-opacity":"","overlay-gradient":""},"tablet":{"background-color":"var(--ast-global-color-5)","background-image":"","background-repeat":"repeat","background-position":"center center","background-size":"auto","background-attachment":"scroll","background-type":"","background-media":"","overlay-type":"","overlay-color":"","overlay-opacity":"","overlay-gradient":""},"mobile":{"background-color":"var(--ast-global-color-5)","background-image":"","background-repeat":"repeat","background-position":"center center","background-size":"auto","background-attachment":"scroll","background-type":"","background-media":"","overlay-type":"","overlay-color":"","overlay-opacity":"","overlay-gradient":""}},"footnotes":""},"categories":[8],"tags":[41067,41030,41068,41031],"class_list":["post-105278","post","type-post","status-publish","format-standard","has-post-thumbnail","hentry","category-noticias","tag-embajador-de-italia","tag-genaro-lozano","tag-hate","tag-tercer-grado"],"_links":{"self":[{"href":"https:\/\/losperiodistas.com.mx\/portal\/wp-json\/wp\/v2\/posts\/105278","targetHints":{"allow":["GET"]}}],"collection":[{"href":"https:\/\/losperiodistas.com.mx\/portal\/wp-json\/wp\/v2\/posts"}],"about":[{"href":"https:\/\/losperiodistas.com.mx\/portal\/wp-json\/wp\/v2\/types\/post"}],"author":[{"embeddable":true,"href":"https:\/\/losperiodistas.com.mx\/portal\/wp-json\/wp\/v2\/users\/1"}],"replies":[{"embeddable":true,"href":"https:\/\/losperiodistas.com.mx\/portal\/wp-json\/wp\/v2\/comments?post=105278"}],"version-history":[{"count":1,"href":"https:\/\/losperiodistas.com.mx\/portal\/wp-json\/wp\/v2\/posts\/105278\/revisions"}],"predecessor-version":[{"id":105280,"href":"https:\/\/losperiodistas.com.mx\/portal\/wp-json\/wp\/v2\/posts\/105278\/revisions\/105280"}],"wp:featuredmedia":[{"embeddable":true,"href":"https:\/\/losperiodistas.com.mx\/portal\/wp-json\/wp\/v2\/media\/105279"}],"wp:attachment":[{"href":"https:\/\/losperiodistas.com.mx\/portal\/wp-json\/wp\/v2\/media?parent=105278"}],"wp:term":[{"taxonomy":"category","embeddable":true,"href":"https:\/\/losperiodistas.com.mx\/portal\/wp-json\/wp\/v2\/categories?post=105278"},{"taxonomy":"post_tag","embeddable":true,"href":"https:\/\/losperiodistas.com.mx\/portal\/wp-json\/wp\/v2\/tags?post=105278"}],"curies":[{"name":"wp","href":"https:\/\/api.w.org\/{rel}","templated":true}]}}