{"id":105275,"date":"2025-08-21T19:52:22","date_gmt":"2025-08-22T01:52:22","guid":{"rendered":"https:\/\/losperiodistas.com.mx\/portal\/?p=105275"},"modified":"2025-08-21T19:52:24","modified_gmt":"2025-08-22T01:52:24","slug":"deja-vidulfo-rosales-representacion-de-los-43-se-iria-a-la-scjn","status":"publish","type":"post","link":"https:\/\/losperiodistas.com.mx\/portal\/deja-vidulfo-rosales-representacion-de-los-43-se-iria-a-la-scjn\/","title":{"rendered":"Deja Vidulfo Rosales representaci\u00f3n de los 43; se ir\u00eda a la SCJN"},"content":{"rendered":"\n<p>Vidulfo Rosales fue abogado del Centro Tlachinollan durante 24 a\u00f1os y asesor\u00f3 a la polic\u00eda comunitaria, defendi\u00f3 a mujeres v\u00edctimas de tortura y a campesinos de los despojos de sus tierras, as\u00ed como a personas v\u00edctimas de desaparici\u00f3n, adem\u00e1s de que mantuvo una relaci\u00f3n cercana con las v\u00edctimas del caso Iguala.<\/p>\n\n\n\n<figure class=\"wp-block-image size-large\"><img fetchpriority=\"high\" decoding=\"async\" width=\"1024\" height=\"687\" src=\"https:\/\/losperiodistas.com.mx\/portal\/wp-content\/uploads\/2025\/08\/vidulfo-rosales-1024x687.png\" alt=\"\" class=\"wp-image-105276\" srcset=\"https:\/\/losperiodistas.com.mx\/portal\/wp-content\/uploads\/2025\/08\/vidulfo-rosales-1024x687.png 1024w, https:\/\/losperiodistas.com.mx\/portal\/wp-content\/uploads\/2025\/08\/vidulfo-rosales-300x201.png 300w, https:\/\/losperiodistas.com.mx\/portal\/wp-content\/uploads\/2025\/08\/vidulfo-rosales-768x515.png 768w, https:\/\/losperiodistas.com.mx\/portal\/wp-content\/uploads\/2025\/08\/vidulfo-rosales.png 1358w\" sizes=\"(max-width: 1024px) 100vw, 1024px\" \/><figcaption class=\"wp-element-caption\">Vidulfo Rosales mantuvo una relaci\u00f3n cercana con las v\u00edctimas del caso Iguala. Foto Cuartoscuro \/ archivo<\/figcaption><\/figure>\n\n\n\n<p class=\"has-vivid-red-color has-text-color has-link-color wp-elements-fd5881983a6ca637d64d526352c8db49\">Jared Laureles \/ Daniel Gonz\u00e1lez \/ La Jornada<\/p>\n\n\n\n<p>Vidulfo Rosales Sierra renunci\u00f3 al Centro de Derechos Humanos de la Monta\u00f1a Tlachinollan, y con ello deja la representaci\u00f3n legal de los padres y madres de los 43 normalistas de Ayotzinapa, desaparecidos en 2014.<\/p>\n\n\n\n<p>Aun cuando fuentes cercanas confirmaron que se sumar\u00eda como colaborador de Hugo Aguilar Ortiz, primer ministro ind\u00edgena electo de la Suprema Corte de Justicia de la Naci\u00f3n (SCJN), Rosales reconoci\u00f3 que recibi\u00f3 la invitaci\u00f3n para incorporarse en la nueva configuraci\u00f3n del m\u00e1ximo tribunal, pero dijo que lo est\u00e1 valorando.<\/p>\n\n\n\n<p>En entrevista con La Jornada, el litigante se\u00f1al\u00f3 que su renuncia se debe a una cuesti\u00f3n de car\u00e1cter personal y de salud, e indic\u00f3 que su decisi\u00f3n se la comunic\u00f3 directamente a los padres de familia el s\u00e1bado pasado, despu\u00e9s de casi 11 a\u00f1os de acompa\u00f1amiento.<\/p>\n\n\n\n<p>\u201cLamento que se est\u00e9 especulando, que ya me voy a ir a la Corte. No hay nada en firme, solamente sostengo alg\u00fan di\u00e1logo respetuoso con el ministro (Hugo Aguilar) y hasta ah\u00ed\u201d, asegur\u00f3 al aceptar que mantiene un di\u00e1logo con el pr\u00f3ximo presidente de la SCJN sobre la posibilidad de colaborar.<\/p>\n\n\n\n<p>\u201cHemos estado platicando respecto del tema de los derechos de los pueblos ind\u00edgenas y c\u00f3mo la Corte estar\u00eda sentando los nuevos criterios y estar\u00eda avanzando en el reconocimiento de los derechos de los pueblos ind\u00edgenas y afro-mexicanos, pero nada m\u00e1s, no hay nada ahorita\u201d, recalc\u00f3.<\/p>\n\n\n\n<p>Respecto al caso Ayotzinapa, se\u00f1al\u00f3 que la defensa seguir\u00e1 de manera colegiada con los centros de derechos humanos de la Monta\u00f1a Tlachinollan, el Miguel Agust\u00edn Pro Ju\u00e1rez, y Serapaz. La salida de Vidulfo Rosales se da a unos d\u00edas de la nueva reuni\u00f3n con la presidenta Claudia Sheinbaum.<\/p>\n\n\n\n<p>El abogado, nacido en 1976 en el poblado de Totomixtlahuaca, municipio de Tlacoapa, Guerrero, colabor\u00f3 con el Centro Tlachinollan durante 24 a\u00f1os y asesor\u00f3 a la polic\u00eda comunitaria. Tambi\u00e9n, defendi\u00f3 a mujeres v\u00edctimas de tortura y a campesinos de los despojos de sus tierras, a personas v\u00edctimas de desaparici\u00f3n, adem\u00e1s de que mantuvo una relaci\u00f3n cercana con las familias del caso Iguala.<\/p>\n\n\n\n<p>En una carta, fechada el 19 de agosto, extern\u00f3 que se retira de la \u201cprimera l\u00ednea de la lucha social con la frente en alto, con la seguridad de haber puesto un grano de arena en la pelea de nuestros pueblos\u201d.<\/p>\n\n\n\n<p>No obstante, asegur\u00f3, \u201cdesde otras trincheras seguir\u00e1 exigiendo que los derechos humanos sean una realidad, que los pueblos ind\u00edgenas y Afromexicano tengan una vida digna y no seamos tratados como personas de segunda\u201d.<\/p>\n\n\n\n<p>Rosales agradeci\u00f3 al director del Centro Tlachinollan, Abel Barrera, la posibilidad de defender a los que menos tienen, \u201cTlachinollan es la casa que me alberg\u00f3 y forj\u00f3 como defensor y abogado\u201d.<\/p>\n\n\n\n<p>Asegur\u00f3 que su compromiso con los pueblos ind\u00edgenas se mantiene \u201cinc\u00f3lume. No puedo eludir mi deber de clase. Soy de una comunidad ind\u00edgena enclavada en la agreste y encantadora Monta\u00f1a de Guerrero, toda mi vida he caminado a contracorriente por senderos escarpados producto de la miseria y marginaci\u00f3n, por ello tengo la capacidad de sentir las injusticias cometidas contra cualquiera y en cualquier parte\u201d.<\/p>\n\n\n\n<p>Agradeci\u00f3 su confianza y ense\u00f1anzas a las organizaciones sociales y de derechos humanos que acompa\u00f1\u00f3 jur\u00eddicamente en Guerrero, as\u00ed como a las madres y padres de los 43 normalistas, a quienes acompa\u00f1\u00f3 durante casi 11 a\u00f1os.<\/p>\n\n\n\n<p>El abogado record\u00f3 \u201clos duros momentos\u201d de trayectoria en casos emblem\u00e1ticos de violaciones a derechos humanos en Guerrero, entre ellos el asesinato de normalistas por la polic\u00eda en la autopista del sol en Chilpancingo, en 2011; la desaparici\u00f3n de los 43 estudiantes de Ayotzinapa, en 2014, y las desapariciones y posterior ejecuci\u00f3n de luchadores sociales y defensores del agua, como el de Marco Antonio Su\u00e1stegui Mu\u00f1oz, vocero del Consejo de Ejidos y Comunidades Opositores a la Presa La Parota.<\/p>\n\n\n\n<p>Desde el Centro Tlachinollan, el litigante tambi\u00e9n encabez\u00f3 la defensa de casos como el de In\u00e9s Fern\u00e1ndez y Valentina Rosas, las mujeres ind\u00edgenas violadas por elementos del Ej\u00e9rcito en 2002; el de la presa La Parota.<\/p>\n\n\n\n<p>Desde 2007, apoy\u00f3 a los estudiantes de Ayotzinapa, v\u00edctimas de la represi\u00f3n gubernamental.<\/p>\n\n\n\n<p>Por los casos antes expuestos, Rosales tuvo que salir del pa\u00eds en 2012 por amenazas de muerte. En 2022, el exgobernador de Guerrero, \u00c1ngel Aguirre Rivero, amag\u00f3 con proceder legalmente en su contra.<\/p>\n\n\n\n<p>El litigante fue sometido a una cirug\u00eda por problemas en el sistema digestivo el 31 de marzo pasado y el 29 de julio fue la \u00faltima ocasi\u00f3n que asisti\u00f3 con las familias de Ayotzinapa a la cuarta reuni\u00f3n con la titular del Ejecutivo federal en Palacio Nacional.<\/p>\n\n\n\n<p>Fuente: <a href=\"https:\/\/www.jornada.com.mx\/noticia\/2025\/08\/21\/politica\/renuncia-vidulfo-rosales-se-va-a-la-scjn\" target=\"_blank\" rel=\"noreferrer noopener\">La Jornada<\/a><\/p>\n","protected":false},"excerpt":{"rendered":"<p>Vidulfo Rosales fue abogado del Centro Tlachinollan durante 24 a\u00f1os y asesor\u00f3 a la polic\u00eda comunitaria, defendi\u00f3 a mujeres v\u00edctimas de tortura y a campesinos de los despojos de sus tierras, as\u00ed como a personas v\u00edctimas de desaparici\u00f3n, adem\u00e1s de que mantuvo una relaci\u00f3n cercana con las v\u00edctimas del caso Iguala.<\/p>\n","protected":false},"author":1,"featured_media":105276,"comment_status":"open","ping_status":"open","sticky":false,"template":"","format":"standard","meta":{"site-sidebar-layout":"default","site-content-layout":"","ast-site-content-layout":"default","site-content-style":"default","site-sidebar-style":"default","ast-global-header-display":"","ast-banner-title-visibility":"","ast-main-header-display":"","ast-hfb-above-header-display":"","ast-hfb-below-header-display":"","ast-hfb-mobile-header-display":"","site-post-title":"","ast-breadcrumbs-content":"","ast-featured-img":"","footer-sml-layout":"","theme-transparent-header-meta":"","adv-header-id-meta":"","stick-header-meta":"","header-above-stick-meta":"","header-main-stick-meta":"","header-below-stick-meta":"","astra-migrate-meta-layouts":"default","ast-page-background-enabled":"default","ast-page-background-meta":{"desktop":{"background-color":"var(--ast-global-color-4)","background-image":"","background-repeat":"repeat","background-position":"center center","background-size":"auto","background-attachment":"scroll","background-type":"","background-media":"","overlay-type":"","overlay-color":"","overlay-opacity":"","overlay-gradient":""},"tablet":{"background-color":"","background-image":"","background-repeat":"repeat","background-position":"center center","background-size":"auto","background-attachment":"scroll","background-type":"","background-media":"","overlay-type":"","overlay-color":"","overlay-opacity":"","overlay-gradient":""},"mobile":{"background-color":"","background-image":"","background-repeat":"repeat","background-position":"center center","background-size":"auto","background-attachment":"scroll","background-type":"","background-media":"","overlay-type":"","overlay-color":"","overlay-opacity":"","overlay-gradient":""}},"ast-content-background-meta":{"desktop":{"background-color":"var(--ast-global-color-5)","background-image":"","background-repeat":"repeat","background-position":"center center","background-size":"auto","background-attachment":"scroll","background-type":"","background-media":"","overlay-type":"","overlay-color":"","overlay-opacity":"","overlay-gradient":""},"tablet":{"background-color":"var(--ast-global-color-5)","background-image":"","background-repeat":"repeat","background-position":"center center","background-size":"auto","background-attachment":"scroll","background-type":"","background-media":"","overlay-type":"","overlay-color":"","overlay-opacity":"","overlay-gradient":""},"mobile":{"background-color":"var(--ast-global-color-5)","background-image":"","background-repeat":"repeat","background-position":"center center","background-size":"auto","background-attachment":"scroll","background-type":"","background-media":"","overlay-type":"","overlay-color":"","overlay-opacity":"","overlay-gradient":""}},"footnotes":""},"categories":[8],"tags":[41066,41065,12747,1136,41064],"class_list":["post-105275","post","type-post","status-publish","format-standard","has-post-thumbnail","hentry","category-noticias","tag-caso-iguala","tag-centro-tlachinollan","tag-los-43-normalistas","tag-scjn","tag-vidulfo-rosales"],"_links":{"self":[{"href":"https:\/\/losperiodistas.com.mx\/portal\/wp-json\/wp\/v2\/posts\/105275","targetHints":{"allow":["GET"]}}],"collection":[{"href":"https:\/\/losperiodistas.com.mx\/portal\/wp-json\/wp\/v2\/posts"}],"about":[{"href":"https:\/\/losperiodistas.com.mx\/portal\/wp-json\/wp\/v2\/types\/post"}],"author":[{"embeddable":true,"href":"https:\/\/losperiodistas.com.mx\/portal\/wp-json\/wp\/v2\/users\/1"}],"replies":[{"embeddable":true,"href":"https:\/\/losperiodistas.com.mx\/portal\/wp-json\/wp\/v2\/comments?post=105275"}],"version-history":[{"count":1,"href":"https:\/\/losperiodistas.com.mx\/portal\/wp-json\/wp\/v2\/posts\/105275\/revisions"}],"predecessor-version":[{"id":105277,"href":"https:\/\/losperiodistas.com.mx\/portal\/wp-json\/wp\/v2\/posts\/105275\/revisions\/105277"}],"wp:featuredmedia":[{"embeddable":true,"href":"https:\/\/losperiodistas.com.mx\/portal\/wp-json\/wp\/v2\/media\/105276"}],"wp:attachment":[{"href":"https:\/\/losperiodistas.com.mx\/portal\/wp-json\/wp\/v2\/media?parent=105275"}],"wp:term":[{"taxonomy":"category","embeddable":true,"href":"https:\/\/losperiodistas.com.mx\/portal\/wp-json\/wp\/v2\/categories?post=105275"},{"taxonomy":"post_tag","embeddable":true,"href":"https:\/\/losperiodistas.com.mx\/portal\/wp-json\/wp\/v2\/tags?post=105275"}],"curies":[{"name":"wp","href":"https:\/\/api.w.org\/{rel}","templated":true}]}}