{"id":105269,"date":"2025-08-21T19:34:10","date_gmt":"2025-08-22T01:34:10","guid":{"rendered":"https:\/\/losperiodistas.com.mx\/portal\/?p=105269"},"modified":"2025-08-21T19:42:45","modified_gmt":"2025-08-22T01:42:45","slug":"telescopio-james-webb-de-la-nasa-descubre-la-luna-numero-29-de-urano","status":"publish","type":"post","link":"https:\/\/losperiodistas.com.mx\/portal\/telescopio-james-webb-de-la-nasa-descubre-la-luna-numero-29-de-urano\/","title":{"rendered":"Telescopio James Webb de la NASA descubre la luna n\u00famero 29 de Urano"},"content":{"rendered":"\n<p>Los investigadores se\u00f1alaron que este descubrimiento podr\u00eda ser la pista de la existencia de muchas m\u00e1s lunas diminutas alrededor de Urano. Tiene apenas diez kil\u00f3metros de di\u00e1metro y ha sido denominada S\/2025 U1.<\/p>\n\n\n\n<figure class=\"wp-block-image size-large\"><img fetchpriority=\"high\" decoding=\"async\" width=\"1024\" height=\"682\" src=\"https:\/\/losperiodistas.com.mx\/portal\/wp-content\/uploads\/2025\/08\/Luna29Urano-1024x682.png\" alt=\"\" class=\"wp-image-105270\" srcset=\"https:\/\/losperiodistas.com.mx\/portal\/wp-content\/uploads\/2025\/08\/Luna29Urano-1024x682.png 1024w, https:\/\/losperiodistas.com.mx\/portal\/wp-content\/uploads\/2025\/08\/Luna29Urano-300x200.png 300w, https:\/\/losperiodistas.com.mx\/portal\/wp-content\/uploads\/2025\/08\/Luna29Urano-768x512.png 768w, https:\/\/losperiodistas.com.mx\/portal\/wp-content\/uploads\/2025\/08\/Luna29Urano.png 1150w\" sizes=\"(max-width: 1024px) 100vw, 1024px\" \/><figcaption class=\"wp-element-caption\">Esta nueva luna se encuentra a 56.000 kil\u00f3metros del centro de Urano y su \u00f3rbita, casi circular, sugiere que pudo haberse formado cerca de su ubicaci\u00f3n actual.\nFoto: James Webb<\/figcaption><\/figure>\n\n\n\n<p class=\"has-vivid-red-color has-text-color has-link-color wp-elements-9cc1e0f92c29cd97c129ac2900c4827f\">Redacci\u00f3n \/ El Espectador<\/p>\n\n\n\n<p>Una reciente investigaci\u00f3n, elaborada a partir de las im\u00e1genes recopiladas por el telescopio espacial James Webb de la NASA, permiti\u00f3 descubrir una nueva luna de Urano. Con este hallazgo, ya son 29 las que orbitan alrededor de este planeta, el s\u00e9ptimo desde el Sol en el sistema solar.<\/p>\n\n\n\n<p>Maryame El Moutamid, del Instituto de Investigaci\u00f3n del Suroeste (Estados Unidos) y responsable de la detecci\u00f3n con las observaciones del Webb, explic\u00f3 en un comunicado que esta luna tiene apenas diez kil\u00f3metros de di\u00e1metro y ha sido denominada S\/2025 U1.<\/p>\n\n\n\n<p>Sin embargo, este nombre a\u00fan no es oficial y deber\u00e1 ser aprobado por la Uni\u00f3n Astron\u00f3mica Internacional (IAU), la autoridad encargada de la designaci\u00f3n oficial de los objetos astron\u00f3micos.<\/p>\n\n\n\n<p>Seg\u00fan El Moutamid, se trata de un descubrimiento significativo. \u201cEs algo que ni siquiera la nave espacial Voyager 2 de la NASA vio durante su sobrevuelo hace casi 40 a\u00f1os\u201d, afirm\u00f3. Su reducido tama\u00f1o podr\u00eda explicar por qu\u00e9 fue invisible para la sonda Voyager 2 y otros telescopios durante tanto tiempo.<\/p>\n\n\n\n<p>Esta nueva luna se encuentra a 56.000 kil\u00f3metros del centro de Urano y su \u00f3rbita, casi circular, sugiere que pudo haberse formado cerca de su ubicaci\u00f3n actual. Hasta ahora, Urano ten\u00eda 28 lunas conocidas, cuyos nombres provienen de personajes de Shakespeare y Alexander Pope, y aproximadamente la mitad de ellas son de menor tama\u00f1o y orbitan a una corta distancia del planeta.<\/p>\n\n\n\n<p>Matthew Tiscareno, del Instituto SETI (Estados Unidos) y tambi\u00e9n participante en el hallazgo, se\u00f1al\u00f3 que este descubrimiento podr\u00eda ser la pista de la existencia de muchas m\u00e1s lunas diminutas alrededor de Urano. \u201cProbablemente, haya muchas m\u00e1s y solo tenemos que seguir buscando\u201d, asegur\u00f3 en el comunicado.<\/p>\n\n\n\n<figure class=\"wp-block-embed is-type-rich is-provider-twitter wp-block-embed-twitter\"><div class=\"wp-block-embed__wrapper\">\nhttps:\/\/twitter.com\/ESA_Webb\/status\/1957819930729939042\n<\/div><\/figure>\n\n\n\n<p>Fuente: <a href=\"https:\/\/www.elespectador.com\/ciencia\/el-telescopio-james-webb-de-la-nasa-descubre-la-luna-numero-29-de-urano\/\" target=\"_blank\" rel=\"noreferrer noopener\">El Espectador<\/a><\/p>\n","protected":false},"excerpt":{"rendered":"<p>Los investigadores se\u00f1alaron que este descubrimiento podr\u00eda ser la pista de la existencia de muchas m\u00e1s lunas diminutas alrededor de Urano. Tiene apenas diez kil\u00f3metros de di\u00e1metro y ha sido denominada S\/2025 U1. <\/p>\n","protected":false},"author":1,"featured_media":105270,"comment_status":"open","ping_status":"open","sticky":false,"template":"","format":"standard","meta":{"site-sidebar-layout":"default","site-content-layout":"","ast-site-content-layout":"default","site-content-style":"default","site-sidebar-style":"default","ast-global-header-display":"","ast-banner-title-visibility":"","ast-main-header-display":"","ast-hfb-above-header-display":"","ast-hfb-below-header-display":"","ast-hfb-mobile-header-display":"","site-post-title":"","ast-breadcrumbs-content":"","ast-featured-img":"","footer-sml-layout":"","theme-transparent-header-meta":"","adv-header-id-meta":"","stick-header-meta":"","header-above-stick-meta":"","header-main-stick-meta":"","header-below-stick-meta":"","astra-migrate-meta-layouts":"default","ast-page-background-enabled":"default","ast-page-background-meta":{"desktop":{"background-color":"var(--ast-global-color-4)","background-image":"","background-repeat":"repeat","background-position":"center center","background-size":"auto","background-attachment":"scroll","background-type":"","background-media":"","overlay-type":"","overlay-color":"","overlay-opacity":"","overlay-gradient":""},"tablet":{"background-color":"","background-image":"","background-repeat":"repeat","background-position":"center center","background-size":"auto","background-attachment":"scroll","background-type":"","background-media":"","overlay-type":"","overlay-color":"","overlay-opacity":"","overlay-gradient":""},"mobile":{"background-color":"","background-image":"","background-repeat":"repeat","background-position":"center center","background-size":"auto","background-attachment":"scroll","background-type":"","background-media":"","overlay-type":"","overlay-color":"","overlay-opacity":"","overlay-gradient":""}},"ast-content-background-meta":{"desktop":{"background-color":"var(--ast-global-color-5)","background-image":"","background-repeat":"repeat","background-position":"center center","background-size":"auto","background-attachment":"scroll","background-type":"","background-media":"","overlay-type":"","overlay-color":"","overlay-opacity":"","overlay-gradient":""},"tablet":{"background-color":"var(--ast-global-color-5)","background-image":"","background-repeat":"repeat","background-position":"center center","background-size":"auto","background-attachment":"scroll","background-type":"","background-media":"","overlay-type":"","overlay-color":"","overlay-opacity":"","overlay-gradient":""},"mobile":{"background-color":"var(--ast-global-color-5)","background-image":"","background-repeat":"repeat","background-position":"center center","background-size":"auto","background-attachment":"scroll","background-type":"","background-media":"","overlay-type":"","overlay-color":"","overlay-opacity":"","overlay-gradient":""}},"footnotes":""},"categories":[8],"tags":[13310,41062,150,41063],"class_list":["post-105269","post","type-post","status-publish","format-standard","has-post-thumbnail","hentry","category-noticias","tag-james-webb","tag-luna-29","tag-nasa","tag-urano"],"_links":{"self":[{"href":"https:\/\/losperiodistas.com.mx\/portal\/wp-json\/wp\/v2\/posts\/105269","targetHints":{"allow":["GET"]}}],"collection":[{"href":"https:\/\/losperiodistas.com.mx\/portal\/wp-json\/wp\/v2\/posts"}],"about":[{"href":"https:\/\/losperiodistas.com.mx\/portal\/wp-json\/wp\/v2\/types\/post"}],"author":[{"embeddable":true,"href":"https:\/\/losperiodistas.com.mx\/portal\/wp-json\/wp\/v2\/users\/1"}],"replies":[{"embeddable":true,"href":"https:\/\/losperiodistas.com.mx\/portal\/wp-json\/wp\/v2\/comments?post=105269"}],"version-history":[{"count":1,"href":"https:\/\/losperiodistas.com.mx\/portal\/wp-json\/wp\/v2\/posts\/105269\/revisions"}],"predecessor-version":[{"id":105271,"href":"https:\/\/losperiodistas.com.mx\/portal\/wp-json\/wp\/v2\/posts\/105269\/revisions\/105271"}],"wp:featuredmedia":[{"embeddable":true,"href":"https:\/\/losperiodistas.com.mx\/portal\/wp-json\/wp\/v2\/media\/105270"}],"wp:attachment":[{"href":"https:\/\/losperiodistas.com.mx\/portal\/wp-json\/wp\/v2\/media?parent=105269"}],"wp:term":[{"taxonomy":"category","embeddable":true,"href":"https:\/\/losperiodistas.com.mx\/portal\/wp-json\/wp\/v2\/categories?post=105269"},{"taxonomy":"post_tag","embeddable":true,"href":"https:\/\/losperiodistas.com.mx\/portal\/wp-json\/wp\/v2\/tags?post=105269"}],"curies":[{"name":"wp","href":"https:\/\/api.w.org\/{rel}","templated":true}]}}