{"id":1052,"date":"2020-11-10T07:58:06","date_gmt":"2020-11-10T13:58:06","guid":{"rendered":"http:\/\/losperiodistas.com.mx\/portal\/?p=1052"},"modified":"2020-11-10T07:58:06","modified_gmt":"2020-11-10T13:58:06","slug":"la-relacion-de-biden-y-lopez-obrador-puede-ser-compleja","status":"publish","type":"post","link":"https:\/\/losperiodistas.com.mx\/portal\/la-relacion-de-biden-y-lopez-obrador-puede-ser-compleja\/","title":{"rendered":"La relaci\u00f3n de Biden y L\u00f3pez Obrador puede ser compleja"},"content":{"rendered":"\n<p><em>Con el nuevo presidente llegar\u00e1n otras prioridades y algunas de ellas, como las relacionadas con el Medio Ambiente y la seguridad, pueden significar diferencias con L\u00f3pez Obrador<\/em><\/p>\n\n\n\n<p class=\"has-vivid-cyan-blue-color has-text-color has-medium-font-size\">JULI\u00c1N ANDRADE\/ FORBES<\/p>\n\n\n\n<p>Las relaciones con los Estados Unidos siempre han sido complejas, m\u00e1s all\u00e1 de altibajos relacionados con la personalidad de algunos mandatarios y con coyunturas espec\u00edficas.\u00a0<\/p>\n\n\n\n<p>La decisi\u00f3n del presidente Andr\u00e9s Manuel L\u00f3pez Obrador, de no felicitar a Joe Biden, quedar\u00e1 inscrita en una descortes\u00eda que le recordar\u00e1n de tanto en tanto, pero lo central est\u00e1 en otro lado y quiz\u00e1 explique porque en Palacio Nacional prefer\u00edan a Donald Trump.<\/p>\n\n\n\n<p>La agenda de protecci\u00f3n al Medio Ambiente ser\u00e1 central para Biden y ello puede crear dificultades ante el franco desd\u00e9n hacia las energ\u00edas limpias que impera entre los funcionarios de alto nivel en M\u00e9xico.<\/p>\n\n\n\n<p>Otro tema en que habr\u00e1 cambios es en el migratorio, donde es previsible que ya no se insista en la militarizaci\u00f3n de la frontera sur mexicana, pero en un esquema en el que tambi\u00e9n se exigir\u00e1 control.<\/p>\n\n\n\n<p>Esto se puede convertir en un dolor de cabeza, porque desde Washington pedir\u00e1n, de igual forma, respeto a los derechos humanos de las personas migrantes.<\/p>\n\n\n\n<p><a href=\"http:\/\/bit.ly\/2smr5VR\"><em>S\u00edguenos en Google Noticias para mantenerte siempre informado<\/em><\/a><\/p>\n\n\n\n<p>La batalla contra el Covid-19 se desarrollar\u00e1 bajo par\u00e1metros cient\u00edficos y t\u00e9cnicos y las debilidades de la estrategia mexicana pueden ser vistas como un alto riesgo.&nbsp;<\/p>\n\n\n\n<p>Los disparates de Trump y los errores en esa materia, permitieron que el caso mexicano no se convirtiera en una prioridad, pero esto dejar\u00e1 de ser as\u00ed, una vez que el equipo de Biden tome el control en enero y establezca otro tipo de acciones y entre ellas las del uso del cubrebocas.&nbsp;<\/p>\n\n\n\n<p>La seguridad es siempre un asunto delicado y no est\u00e1 resuelto ni en Estados Unidos ni en nuestro pa\u00eds y es muy factible que las presiones aumenten para dar resultados en la lucha contra los criminales peligrosos.&nbsp;<\/p>\n\n\n\n<p>Con Trump hab\u00eda bravatas cotidianas y propuestas absurdas, como la de enviar el ej\u00e9rcito para \u201cauxiliarnos\u201d, pero pronto se dar\u00e1 paso, de nueva cuenta, al establecimiento de una relaci\u00f3n entre agencias de seguridad que no siempre sale del modo en que se espera, si no se tiene una estrategia clara y un mapa de ruta establecido.&nbsp;<\/p>\n\n\n\n<p><a href=\"https:\/\/www.forbes.com.mx\/\"><em>Sigue la informaci\u00f3n sobre la econom\u00eda y los negocios en Forbes M\u00e9xico<\/em><\/a><\/p>\n\n\n\n<p>&nbsp;En el fondo, Trump era una mandatario transitable en la medida en que sus caprichos fueran atendidos y al que le importaba muy poco la ley,&nbsp;&nbsp;y ahora el problema es que la llegada de pol\u00edticos preparados significar\u00e1 una falta de tolerancia a la improvisaci\u00f3n.&nbsp;<\/p>\n\n\n\n<p>El desaf\u00edo para el presidente L\u00f3pez Obrador y su equipo radicar\u00e1 en entender que las cosas cambiar\u00e1n y que se termin\u00f3 el tiempo de la complacencia a cambio de la subordinaci\u00f3n, en lo que respecta a las relaciones entre ambos pa\u00edses.&nbsp;<\/p>\n\n\n\n<p>Ahora vendr\u00e1 un proceso de restablecimiento de reglas y compromisos que pueden hacer la diferencia.&nbsp;<\/p>\n\n\n\n<p>Pero el retorno de los dem\u00f3cratas a la Casa Blanca es una buena noticia para el mundo entero y es de esperar que M\u00e9xico lo aproveche, dejando atr\u00e1s los a\u00f1os oscuros de Trump y sus delirios.\u00a0<\/p>\n\n\n\n<p>Fuente: https:\/\/www.forbes.com.mx\/red-forbes-la-relacion-de-biden-y-lopez-obrador-puede-ser-compleja\/<\/p>\n","protected":false},"excerpt":{"rendered":"<p>Con el nuevo presidente llegar\u00e1n otras prioridades y algunas de ellas, como las relacionadas con el Medio Ambiente y la [&hellip;]<\/p>\n","protected":false},"author":1,"featured_media":1053,"comment_status":"open","ping_status":"open","sticky":false,"template":"","format":"standard","meta":{"site-sidebar-layout":"default","site-content-layout":"","ast-site-content-layout":"default","site-content-style":"default","site-sidebar-style":"default","ast-global-header-display":"","ast-banner-title-visibility":"","ast-main-header-display":"","ast-hfb-above-header-display":"","ast-hfb-below-header-display":"","ast-hfb-mobile-header-display":"","site-post-title":"","ast-breadcrumbs-content":"","ast-featured-img":"","footer-sml-layout":"","theme-transparent-header-meta":"","adv-header-id-meta":"","stick-header-meta":"","header-above-stick-meta":"","header-main-stick-meta":"","header-below-stick-meta":"","astra-migrate-meta-layouts":"default","ast-page-background-enabled":"default","ast-page-background-meta":{"desktop":{"background-color":"var(--ast-global-color-4)","background-image":"","background-repeat":"repeat","background-position":"center center","background-size":"auto","background-attachment":"scroll","background-type":"","background-media":"","overlay-type":"","overlay-color":"","overlay-opacity":"","overlay-gradient":""},"tablet":{"background-color":"","background-image":"","background-repeat":"repeat","background-position":"center center","background-size":"auto","background-attachment":"scroll","background-type":"","background-media":"","overlay-type":"","overlay-color":"","overlay-opacity":"","overlay-gradient":""},"mobile":{"background-color":"","background-image":"","background-repeat":"repeat","background-position":"center center","background-size":"auto","background-attachment":"scroll","background-type":"","background-media":"","overlay-type":"","overlay-color":"","overlay-opacity":"","overlay-gradient":""}},"ast-content-background-meta":{"desktop":{"background-color":"var(--ast-global-color-5)","background-image":"","background-repeat":"repeat","background-position":"center center","background-size":"auto","background-attachment":"scroll","background-type":"","background-media":"","overlay-type":"","overlay-color":"","overlay-opacity":"","overlay-gradient":""},"tablet":{"background-color":"var(--ast-global-color-5)","background-image":"","background-repeat":"repeat","background-position":"center center","background-size":"auto","background-attachment":"scroll","background-type":"","background-media":"","overlay-type":"","overlay-color":"","overlay-opacity":"","overlay-gradient":""},"mobile":{"background-color":"var(--ast-global-color-5)","background-image":"","background-repeat":"repeat","background-position":"center center","background-size":"auto","background-attachment":"scroll","background-type":"","background-media":"","overlay-type":"","overlay-color":"","overlay-opacity":"","overlay-gradient":""}},"footnotes":""},"categories":[8],"tags":[],"class_list":["post-1052","post","type-post","status-publish","format-standard","has-post-thumbnail","hentry","category-noticias"],"_links":{"self":[{"href":"https:\/\/losperiodistas.com.mx\/portal\/wp-json\/wp\/v2\/posts\/1052","targetHints":{"allow":["GET"]}}],"collection":[{"href":"https:\/\/losperiodistas.com.mx\/portal\/wp-json\/wp\/v2\/posts"}],"about":[{"href":"https:\/\/losperiodistas.com.mx\/portal\/wp-json\/wp\/v2\/types\/post"}],"author":[{"embeddable":true,"href":"https:\/\/losperiodistas.com.mx\/portal\/wp-json\/wp\/v2\/users\/1"}],"replies":[{"embeddable":true,"href":"https:\/\/losperiodistas.com.mx\/portal\/wp-json\/wp\/v2\/comments?post=1052"}],"version-history":[{"count":1,"href":"https:\/\/losperiodistas.com.mx\/portal\/wp-json\/wp\/v2\/posts\/1052\/revisions"}],"predecessor-version":[{"id":1054,"href":"https:\/\/losperiodistas.com.mx\/portal\/wp-json\/wp\/v2\/posts\/1052\/revisions\/1054"}],"wp:featuredmedia":[{"embeddable":true,"href":"https:\/\/losperiodistas.com.mx\/portal\/wp-json\/wp\/v2\/media\/1053"}],"wp:attachment":[{"href":"https:\/\/losperiodistas.com.mx\/portal\/wp-json\/wp\/v2\/media?parent=1052"}],"wp:term":[{"taxonomy":"category","embeddable":true,"href":"https:\/\/losperiodistas.com.mx\/portal\/wp-json\/wp\/v2\/categories?post=1052"},{"taxonomy":"post_tag","embeddable":true,"href":"https:\/\/losperiodistas.com.mx\/portal\/wp-json\/wp\/v2\/tags?post=1052"}],"curies":[{"name":"wp","href":"https:\/\/api.w.org\/{rel}","templated":true}]}}