{"id":104978,"date":"2025-08-17T06:45:55","date_gmt":"2025-08-17T12:45:55","guid":{"rendered":"https:\/\/losperiodistas.com.mx\/portal\/?p=104978"},"modified":"2025-08-17T06:45:56","modified_gmt":"2025-08-17T12:45:56","slug":"experto-catolico-en-bioetica-sobre-la-ia-no-es-demasiado-tarde-para-volver-a-meter-al-genio-en-la-lampara-aci","status":"publish","type":"post","link":"https:\/\/losperiodistas.com.mx\/portal\/experto-catolico-en-bioetica-sobre-la-ia-no-es-demasiado-tarde-para-volver-a-meter-al-genio-en-la-lampara-aci\/","title":{"rendered":"Experto cat\u00f3lico en bio\u00e9tica sobre la IA: \u201cNo es demasiado tarde para volver a meter al genio en la l\u00e1mpara\u201d | ACI"},"content":{"rendered":"\n<figure class=\"wp-block-image size-full\"><img fetchpriority=\"high\" decoding=\"async\" width=\"672\" height=\"448\" src=\"https:\/\/losperiodistas.com.mx\/portal\/wp-content\/uploads\/2025\/08\/cna-bioetica-ia-1755368148.jpeg\" alt=\"\" class=\"wp-image-104979\" srcset=\"https:\/\/losperiodistas.com.mx\/portal\/wp-content\/uploads\/2025\/08\/cna-bioetica-ia-1755368148.jpeg 672w, https:\/\/losperiodistas.com.mx\/portal\/wp-content\/uploads\/2025\/08\/cna-bioetica-ia-1755368148-300x200.jpeg 300w\" sizes=\"(max-width: 672px) 100vw, 672px\" \/><figcaption class=\"wp-element-caption\">El te\u00f3logo moral Charles Camosy, profesor de bio\u00e9tica en la Universidad Cat\u00f3lica de Am\u00e9rica y reconocido autor, conversa con la presentadora Catherine Hadro en \u00abEWTN News In Depth\u00bb el 15 de agosto de 2025. | Cr\u00e9dito: EWTN News.<\/figcaption><\/figure>\n\n\n\n<p class=\"has-vivid-red-color has-text-color has-link-color has-medium-font-size wp-elements-afa89346278ac11d31e883dbf99f88a8\"><br><strong>Por\u00a0<a href=\"https:\/\/www.aciprensa.com\/autor\/63\/andres-henriquez\">Andr\u00e9s Henr\u00edquez<\/a> \/ ACI Prensa<\/strong><\/p>\n\n\n\n<p><br><\/p>\n\n\n\n<p>A medida que la inteligencia artificial (IA) se ha vuelto m\u00e1s com\u00fan, un experto cat\u00f3lico en bio\u00e9tica advierte sobre los peligros que plantea, diciendo que \u00abno es demasiado tarde\u00bb para \u00abvolver a meter al genio en la l\u00e1mpara\u00bb y evitar los peores efectos de la nueva tecnolog\u00eda.<\/p>\n\n\n\n<p>El Papa Le\u00f3n XIV ya advirti\u00f3 que la IA podr\u00eda tener efectos negativos en el desarrollo de los j\u00f3venes y contribuir a una \u201cp\u00e9rdida del sentido de lo humano\u201d.<\/p>\n\n\n\n<h4 class=\"wp-block-heading\"><\/h4>\n\n\n\n<p>\u201cTom\u00f3 el nombre de Le\u00f3n XIV para conectarse con Le\u00f3n XIII, quien estaba lidiando con la revoluci\u00f3n industrial de finales del siglo XX, que transform\u00f3 totalmente la cultura\u201d, dijo el te\u00f3logo moral Charles Camosy, profesor de bio\u00e9tica en la Universidad Cat\u00f3lica de Am\u00e9rica y aclamado autor, a la presentadora de&nbsp;<em>EWTN News In Depth<\/em>, Catherine Hadro, este 15 de agosto.<\/p>\n\n\n\n<figure class=\"wp-block-embed is-type-video is-provider-youtube wp-block-embed-youtube wp-embed-aspect-16-9 wp-has-aspect-ratio\"><div class=\"wp-block-embed__wrapper\">\n<iframe title=\"What A.I. Challenges Will Pope Leo XIV Need to Confront? [Extended Interview] | EWTN News In Depth\" width=\"500\" height=\"281\" src=\"https:\/\/www.youtube.com\/embed\/0jchz77vJ48?feature=oembed\" frameborder=\"0\" allow=\"accelerometer; autoplay; clipboard-write; encrypted-media; gyroscope; picture-in-picture; web-share\" referrerpolicy=\"strict-origin-when-cross-origin\" allowfullscreen><\/iframe>\n<\/div><\/figure>\n\n\n\n<p>\u201cEstamos atravesando un cambio tecnol\u00f3gico similar que transformar\u00e1 por completo la cultura\u201d, asegur\u00f3 Camosy. \u201c\u00bfC\u00f3mo respondemos?\u201d, cuestion\u00f3.<\/p>\n\n\n\n<p>Camosy escribi\u00f3 recientemente un art\u00edculo para&nbsp;<a href=\"https:\/\/www.theatlantic.com\/ideas\/archive\/2025\/06\/pope-leo-xiv-artificial-intelligence\/683237\/\"><strong><em>The Atlantic<\/em><\/strong><\/a>&nbsp;en el que argument\u00f3 que abordar la inteligencia artificial \u201cpodr\u00eda ser el proyecto m\u00e1s ambicioso y duradero del legado del Papa Le\u00f3n XIV\u201d.<\/p>\n\n\n\n<h4 class=\"wp-block-heading\"><\/h4>\n\n\n\n<p>La IA \u201ctendr\u00e1 un impacto en casi todos los aspectos de nuestra cultura\u201d, se\u00f1al\u00f3 Camosy, y agreg\u00f3 que \u201clas personas a menudo no pueden notar la diferencia cuando hablan con un ser humano o un chatbot\u201d.<\/p>\n\n\n\n<p>\u00abEn la medida en que tengamos alguna confusi\u00f3n al respecto, eso es realmente muy preocupante, porque debemos aferrarnos a la idea de que somos fundamentalmente diferentes de un modelo de lenguaje grande\u00bb, dijo.<\/p>\n\n\n\n<p>\u201cSomos carne y sangre hechos a imagen y semejanza de Dios, con un alma que refleja una relaci\u00f3n que no podr\u00eda darse en un chatbot\u201d, indic\u00f3 el experto.<\/p>\n\n\n\n<p>Con una&nbsp;<a href=\"https:\/\/www.gse.harvard.edu\/ideas\/usable-knowledge\/24\/10\/what-causing-our-epidemic-loneliness-and-how-can-we-fix-it\"><strong>epidemia de soledad<\/strong><\/a>&nbsp;en curso , la gente ya es vulnerable, se\u00f1al\u00f3.&nbsp;<\/p>\n\n\n\n<p>Camosy coment\u00f3 que si las personas viven en un mundo donde, \u201cadictas a sus tel\u00e9fonos inteligentes\u201d, no pueden comunicarse aut\u00e9nticamente y carecen de amigos que puedan responder genuinamente, pueden volverse \u201cvulnerables a un chatbot muy articulado\u201d.<\/p>\n\n\n\n<p>Dijo que los chatbots de IA no solo \u00abaparecen para llenar el vac\u00edo, sino que lo hacen de maneras que al menos imitan la necesidad que todos tenemos de intimidad, de que alguien se preocupe por nosotros\u00bb.&nbsp;<\/p>\n\n\n\n<p>Es algo que la Iglesia ha estado abordando durante alg\u00fan tiempo a trav\u00e9s de grupos de trabajo sobre IA, se\u00f1al\u00f3 Camosy.&nbsp;<\/p>\n\n\n\n<p>\u201cSe podr\u00eda argumentar que la Iglesia ha estado a la vanguardia de la cultura general sobre IA porque estos grupos han existido durante algunos a\u00f1os\u201d, dijo.&nbsp;<\/p>\n\n\n\n<p>Camosy se refiri\u00f3 al documento del Vaticano&nbsp;<a href=\"https:\/\/www.vatican.va\/roman_curia\/congregations\/cfaith\/documents\/rc_ddf_doc_20250128_antiqua-et-nova_sp.html\"><strong><em>Antiqua et Nova: Nota sobre la relaci\u00f3n entre la inteligencia artificial y la inteligencia humana<\/em><\/strong><\/a><strong><em>&nbsp;<\/em><\/strong>como un recurso cat\u00f3lico sobre IA.&nbsp;<\/p>\n\n\n\n<p>\u201cSospecho, pero no lo s\u00e9 con seguridad, que nuestro actual Santo Padre est\u00e1 al menos en las primeras etapas de preparar algo as\u00ed\u201d, continu\u00f3.<\/p>\n\n\n\n<p>\u00abNo se trata s\u00f3lo de IA\u00bb, dijo, se\u00f1alando que el debate sobre la IA se vincula con el \u00abadvenimiento del transhumanismo \u00ab.&nbsp;<\/p>\n\n\n\n<p>El transhumanismo es un movimiento cient\u00edfico y cultural que propone la modificaci\u00f3n de la biolog\u00eda humana a trav\u00e9s de la tecnolog\u00eda, difuminando potencialmente las l\u00edneas entre lo artificial y lo real.&nbsp;<\/p>\n\n\n\n<p>Nos encontramos en un momento cultural crucial, donde la segunda revoluci\u00f3n industrial est\u00e1 a punto de ocurrir. Gracias a Dios tenemos a alguien como el Papa Le\u00f3n XIII para guiar a la Iglesia en este proceso, dijo Camosy.<\/p>\n\n\n\n<p>Se\u00f1al\u00f3 las grandes afirmaciones de que la IA eventualmente ayudar\u00e1 a los seres humanos a dejar de trabajar por completo. Pero el trabajo, se\u00f1al\u00f3, es \u00abuna parte integral de la experiencia humana\u00bb.<\/p>\n\n\n\n<p>\u201cNecesitamos protecci\u00f3n para el trabajo. Necesitamos protecci\u00f3n para los trabajadores\u201d, dijo. \u201cA\u00fan no es tarde para volver a meter al genio en la l\u00e1mpara. Tenemos que crear una cultura que adapte la IA al servicio de los seres humanos, no al rev\u00e9s\u201d, agreg\u00f3.<\/p>\n\n\n\n<p><br><em>Traducido y adaptado por el equipo de ACI Prensa. Publicado originalmente en&nbsp;<\/em><a href=\"https:\/\/www.catholicnewsagency.com\/news\/265997\/catholic-bioethics-expert-on-ai-it-s-not-too-late-to-put-the-genie-back-in-the-bottle\"><strong><em>CNA<\/em><\/strong><\/a><em>.<\/em><\/p>\n\n\n\n<p>Fuente: <a href=\"https:\/\/www.aciprensa.com\/noticias\/116345\/experto-catolico-en-bioetica-advierte-sobre-los-peligros-que-representa-la-ia\">https:\/\/www.aciprensa.com\/noticias\/116345\/experto-catolico-en-bioetica-advierte-sobre-los-peligros-que-representa-la-ia<\/a><\/p>\n","protected":false},"excerpt":{"rendered":"<p>Por\u00a0Andr\u00e9s Henr\u00edquez \/ ACI Prensa A medida que la inteligencia artificial (IA) se ha vuelto m\u00e1s com\u00fan, un experto cat\u00f3lico [&hellip;]<\/p>\n","protected":false},"author":1,"featured_media":104979,"comment_status":"open","ping_status":"open","sticky":false,"template":"","format":"standard","meta":{"site-sidebar-layout":"default","site-content-layout":"","ast-site-content-layout":"default","site-content-style":"default","site-sidebar-style":"default","ast-global-header-display":"","ast-banner-title-visibility":"","ast-main-header-display":"","ast-hfb-above-header-display":"","ast-hfb-below-header-display":"","ast-hfb-mobile-header-display":"","site-post-title":"","ast-breadcrumbs-content":"","ast-featured-img":"","footer-sml-layout":"","theme-transparent-header-meta":"","adv-header-id-meta":"","stick-header-meta":"","header-above-stick-meta":"","header-main-stick-meta":"","header-below-stick-meta":"","astra-migrate-meta-layouts":"default","ast-page-background-enabled":"default","ast-page-background-meta":{"desktop":{"background-color":"var(--ast-global-color-4)","background-image":"","background-repeat":"repeat","background-position":"center center","background-size":"auto","background-attachment":"scroll","background-type":"","background-media":"","overlay-type":"","overlay-color":"","overlay-opacity":"","overlay-gradient":""},"tablet":{"background-color":"","background-image":"","background-repeat":"repeat","background-position":"center center","background-size":"auto","background-attachment":"scroll","background-type":"","background-media":"","overlay-type":"","overlay-color":"","overlay-opacity":"","overlay-gradient":""},"mobile":{"background-color":"","background-image":"","background-repeat":"repeat","background-position":"center center","background-size":"auto","background-attachment":"scroll","background-type":"","background-media":"","overlay-type":"","overlay-color":"","overlay-opacity":"","overlay-gradient":""}},"ast-content-background-meta":{"desktop":{"background-color":"var(--ast-global-color-5)","background-image":"","background-repeat":"repeat","background-position":"center center","background-size":"auto","background-attachment":"scroll","background-type":"","background-media":"","overlay-type":"","overlay-color":"","overlay-opacity":"","overlay-gradient":""},"tablet":{"background-color":"var(--ast-global-color-5)","background-image":"","background-repeat":"repeat","background-position":"center center","background-size":"auto","background-attachment":"scroll","background-type":"","background-media":"","overlay-type":"","overlay-color":"","overlay-opacity":"","overlay-gradient":""},"mobile":{"background-color":"var(--ast-global-color-5)","background-image":"","background-repeat":"repeat","background-position":"center center","background-size":"auto","background-attachment":"scroll","background-type":"","background-media":"","overlay-type":"","overlay-color":"","overlay-opacity":"","overlay-gradient":""}},"footnotes":""},"categories":[8],"tags":[30298,40930,40929],"class_list":["post-104978","post","type-post","status-publish","format-standard","has-post-thumbnail","hentry","category-noticias","tag-bioetica","tag-charles-camosy","tag-inteligencia-artificial-riesgos"],"_links":{"self":[{"href":"https:\/\/losperiodistas.com.mx\/portal\/wp-json\/wp\/v2\/posts\/104978","targetHints":{"allow":["GET"]}}],"collection":[{"href":"https:\/\/losperiodistas.com.mx\/portal\/wp-json\/wp\/v2\/posts"}],"about":[{"href":"https:\/\/losperiodistas.com.mx\/portal\/wp-json\/wp\/v2\/types\/post"}],"author":[{"embeddable":true,"href":"https:\/\/losperiodistas.com.mx\/portal\/wp-json\/wp\/v2\/users\/1"}],"replies":[{"embeddable":true,"href":"https:\/\/losperiodistas.com.mx\/portal\/wp-json\/wp\/v2\/comments?post=104978"}],"version-history":[{"count":1,"href":"https:\/\/losperiodistas.com.mx\/portal\/wp-json\/wp\/v2\/posts\/104978\/revisions"}],"predecessor-version":[{"id":104981,"href":"https:\/\/losperiodistas.com.mx\/portal\/wp-json\/wp\/v2\/posts\/104978\/revisions\/104981"}],"wp:featuredmedia":[{"embeddable":true,"href":"https:\/\/losperiodistas.com.mx\/portal\/wp-json\/wp\/v2\/media\/104979"}],"wp:attachment":[{"href":"https:\/\/losperiodistas.com.mx\/portal\/wp-json\/wp\/v2\/media?parent=104978"}],"wp:term":[{"taxonomy":"category","embeddable":true,"href":"https:\/\/losperiodistas.com.mx\/portal\/wp-json\/wp\/v2\/categories?post=104978"},{"taxonomy":"post_tag","embeddable":true,"href":"https:\/\/losperiodistas.com.mx\/portal\/wp-json\/wp\/v2\/tags?post=104978"}],"curies":[{"name":"wp","href":"https:\/\/api.w.org\/{rel}","templated":true}]}}