{"id":104963,"date":"2025-08-16T22:36:16","date_gmt":"2025-08-17T04:36:16","guid":{"rendered":"https:\/\/losperiodistas.com.mx\/portal\/?p=104963"},"modified":"2025-08-16T22:36:17","modified_gmt":"2025-08-17T04:36:17","slug":"hijo-de-manuel-bartlett-y-su-pareja-no-estan-en-la-lista-de-personas-bloqueadas-seguridad-niega-congelamiento-de-cuentas","status":"publish","type":"post","link":"https:\/\/losperiodistas.com.mx\/portal\/hijo-de-manuel-bartlett-y-su-pareja-no-estan-en-la-lista-de-personas-bloqueadas-seguridad-niega-congelamiento-de-cuentas\/","title":{"rendered":"Hijo de Manuel Bartlett y su pareja no est\u00e1n en la Lista de Personas Bloqueadas: Seguridad; niega congelamiento de cuentas"},"content":{"rendered":"\n<p>El Gabinete de Seguridad de M\u00e9xico respondi\u00f3 a trav\u00e9s de redes sociales a la columna del periodista Salvador Garc\u00eda Soto<\/p>\n\n\n\n<figure class=\"wp-block-image size-large\"><img fetchpriority=\"high\" decoding=\"async\" width=\"1024\" height=\"620\" src=\"https:\/\/losperiodistas.com.mx\/portal\/wp-content\/uploads\/2025\/08\/Barttlet-1024x620.png\" alt=\"\" class=\"wp-image-104964\" srcset=\"https:\/\/losperiodistas.com.mx\/portal\/wp-content\/uploads\/2025\/08\/Barttlet-1024x620.png 1024w, https:\/\/losperiodistas.com.mx\/portal\/wp-content\/uploads\/2025\/08\/Barttlet-300x182.png 300w, https:\/\/losperiodistas.com.mx\/portal\/wp-content\/uploads\/2025\/08\/Barttlet-768x465.png 768w, https:\/\/losperiodistas.com.mx\/portal\/wp-content\/uploads\/2025\/08\/Barttlet.png 1375w\" sizes=\"(max-width: 1024px) 100vw, 1024px\" \/><figcaption class=\"wp-element-caption\">Manuel Bartlett. Foto: Presidencia<\/figcaption><\/figure>\n\n\n\n<p class=\"has-vivid-red-color has-text-color has-link-color wp-elements-d679685a8171a0e4b0628fb3e8e5ed8e\">Brenda Mart\u00ednez \/ El Universal<\/p>\n\n\n\n<p>El<strong> Gabinete de Seguridad de M\u00e9xico <\/strong>afirm\u00f3 que<strong> Le\u00f3n Manuel Bartlett \u00c1lvarez<\/strong> como Julia Abdal\u00e1 Lemus, hijo y pareja de Manuel Bartlett D\u00edaz, \u00abno se no se encuentran en la Lista de Personas Bloqueadas (LPB)\u00bb.<\/p>\n\n\n\n<p>Esto, luego que el periodista<strong> Salvador Garc\u00eda Soto <\/strong>public\u00f3 en su columna de <strong>EL UNIVERSAL<\/strong> el texto \u00ab<strong>Bloquean cuentas a los Bartlett<\/strong>\u00ab.<\/p>\n\n\n\n<p>El columnista asegur\u00f3 que \u00abfuentes cercanas a la familia del pol\u00edtico poblano, confirmaron que tanto Le\u00f3n Bartlett como Julia Abdal\u00e1 han sido ya notificados del congelamiento de cuentas\u00bb, como una orden de la Comisi\u00f3n Nacional Bancaria de Valores.<\/p>\n\n\n\n<p>Por lo que la dependencia neg\u00f3 a trav\u00e9s de redes sociales dicha informaci\u00f3n.<\/p>\n\n\n\n<figure class=\"wp-block-image size-large\"><img decoding=\"async\" width=\"1024\" height=\"293\" src=\"https:\/\/losperiodistas.com.mx\/portal\/wp-content\/uploads\/2025\/08\/E2X2BJOIR5DZPLVX2NWHMEHJGI-1024x293.avif\" alt=\"\" class=\"wp-image-104965\" srcset=\"https:\/\/losperiodistas.com.mx\/portal\/wp-content\/uploads\/2025\/08\/E2X2BJOIR5DZPLVX2NWHMEHJGI-1024x293.avif 1024w, https:\/\/losperiodistas.com.mx\/portal\/wp-content\/uploads\/2025\/08\/E2X2BJOIR5DZPLVX2NWHMEHJGI-300x86.avif 300w, https:\/\/losperiodistas.com.mx\/portal\/wp-content\/uploads\/2025\/08\/E2X2BJOIR5DZPLVX2NWHMEHJGI-768x220.avif 768w, https:\/\/losperiodistas.com.mx\/portal\/wp-content\/uploads\/2025\/08\/E2X2BJOIR5DZPLVX2NWHMEHJGI-1536x440.avif 1536w, https:\/\/losperiodistas.com.mx\/portal\/wp-content\/uploads\/2025\/08\/E2X2BJOIR5DZPLVX2NWHMEHJGI-2048x587.avif 2048w\" sizes=\"(max-width: 1024px) 100vw, 1024px\" \/><\/figure>\n\n\n\n<p>Salvador Garc\u00eda Soto se\u00f1al\u00f3 que \u00abambos consultaron a varios despachos de abogados en busca de iniciar una defensa legal ante la medida dictada por la UIF que les cancela el <strong>acceso a sus recursos<\/strong>\u00ab.<\/p>\n\n\n\n<h2 class=\"wp-block-heading\">Manuel Bartlett y el caso de Kiki Camarena<\/h2>\n\n\n\n<p>De acuerdo con un documento desclasificado de Estados Unidos, desde 1986 Manuel Bartlett D\u00edaz, exdirector de la CFE, ha sido se\u00f1alado como uno de los funcionarios mexicanos involucrados en la muerte del agente de la DEA, Enrique \u00abKiki\u00bb Camarena.<\/p>\n\n\n\n<p>Dicho documento se trata de un memor\u00e1ndum enviado desde la embajada estadounidense en la Ciudad de M\u00e9xico al director del FBI. All\u00ed se informa que agentes sospechaban que Bartlett D\u00edaz colaboraba con los narcotraficantes que secuestraron y asesinaron a Camarena.<\/p>\n\n\n\n<p>Adem\u00e1s, H\u00e9ctor Berrellez, exagente de la DEA, se\u00f1al\u00f3 al exsecretario de Gobernaci\u00f3n de Miguel de la Madrid, de tener nexos con el narcotraficante Caro Quintero, responsable de ejecutar a Kiki Camarena.<\/p>\n\n\n\n<p>Fuente: <a href=\"https:\/\/www.eluniversal.com.mx\/nacion\/hijo-de-manuel-bartlett-y-su-esposa-no-estan-en-la-lista-de-personas-bloqueadas-seguridad-niega-que-cuentas-esten-congeladas\/\" target=\"_blank\" rel=\"noreferrer noopener\">El Universal<\/a><\/p>\n","protected":false},"excerpt":{"rendered":"<p>El Gabinete de Seguridad de M\u00e9xico respondi\u00f3 a trav\u00e9s de redes sociales a la columna del periodista Salvador Garc\u00eda Soto <\/p>\n","protected":false},"author":1,"featured_media":104964,"comment_status":"open","ping_status":"open","sticky":false,"template":"","format":"standard","meta":{"site-sidebar-layout":"default","site-content-layout":"","ast-site-content-layout":"default","site-content-style":"default","site-sidebar-style":"default","ast-global-header-display":"","ast-banner-title-visibility":"","ast-main-header-display":"","ast-hfb-above-header-display":"","ast-hfb-below-header-display":"","ast-hfb-mobile-header-display":"","site-post-title":"","ast-breadcrumbs-content":"","ast-featured-img":"","footer-sml-layout":"","theme-transparent-header-meta":"","adv-header-id-meta":"","stick-header-meta":"","header-above-stick-meta":"","header-main-stick-meta":"","header-below-stick-meta":"","astra-migrate-meta-layouts":"default","ast-page-background-enabled":"default","ast-page-background-meta":{"desktop":{"background-color":"var(--ast-global-color-4)","background-image":"","background-repeat":"repeat","background-position":"center center","background-size":"auto","background-attachment":"scroll","background-type":"","background-media":"","overlay-type":"","overlay-color":"","overlay-opacity":"","overlay-gradient":""},"tablet":{"background-color":"","background-image":"","background-repeat":"repeat","background-position":"center center","background-size":"auto","background-attachment":"scroll","background-type":"","background-media":"","overlay-type":"","overlay-color":"","overlay-opacity":"","overlay-gradient":""},"mobile":{"background-color":"","background-image":"","background-repeat":"repeat","background-position":"center center","background-size":"auto","background-attachment":"scroll","background-type":"","background-media":"","overlay-type":"","overlay-color":"","overlay-opacity":"","overlay-gradient":""}},"ast-content-background-meta":{"desktop":{"background-color":"var(--ast-global-color-5)","background-image":"","background-repeat":"repeat","background-position":"center center","background-size":"auto","background-attachment":"scroll","background-type":"","background-media":"","overlay-type":"","overlay-color":"","overlay-opacity":"","overlay-gradient":""},"tablet":{"background-color":"var(--ast-global-color-5)","background-image":"","background-repeat":"repeat","background-position":"center center","background-size":"auto","background-attachment":"scroll","background-type":"","background-media":"","overlay-type":"","overlay-color":"","overlay-opacity":"","overlay-gradient":""},"mobile":{"background-color":"var(--ast-global-color-5)","background-image":"","background-repeat":"repeat","background-position":"center center","background-size":"auto","background-attachment":"scroll","background-type":"","background-media":"","overlay-type":"","overlay-color":"","overlay-opacity":"","overlay-gradient":""}},"footnotes":""},"categories":[8],"tags":[40925,34,2426,31550,40924,274],"class_list":["post-104963","post","type-post","status-publish","format-standard","has-post-thumbnail","hentry","category-noticias","tag-caso-kiki-camarena","tag-cfe","tag-dea","tag-gabinete-de-seguridad","tag-lista-de-personas-bloqueadas","tag-manuel-bartlett"],"_links":{"self":[{"href":"https:\/\/losperiodistas.com.mx\/portal\/wp-json\/wp\/v2\/posts\/104963","targetHints":{"allow":["GET"]}}],"collection":[{"href":"https:\/\/losperiodistas.com.mx\/portal\/wp-json\/wp\/v2\/posts"}],"about":[{"href":"https:\/\/losperiodistas.com.mx\/portal\/wp-json\/wp\/v2\/types\/post"}],"author":[{"embeddable":true,"href":"https:\/\/losperiodistas.com.mx\/portal\/wp-json\/wp\/v2\/users\/1"}],"replies":[{"embeddable":true,"href":"https:\/\/losperiodistas.com.mx\/portal\/wp-json\/wp\/v2\/comments?post=104963"}],"version-history":[{"count":1,"href":"https:\/\/losperiodistas.com.mx\/portal\/wp-json\/wp\/v2\/posts\/104963\/revisions"}],"predecessor-version":[{"id":104966,"href":"https:\/\/losperiodistas.com.mx\/portal\/wp-json\/wp\/v2\/posts\/104963\/revisions\/104966"}],"wp:featuredmedia":[{"embeddable":true,"href":"https:\/\/losperiodistas.com.mx\/portal\/wp-json\/wp\/v2\/media\/104964"}],"wp:attachment":[{"href":"https:\/\/losperiodistas.com.mx\/portal\/wp-json\/wp\/v2\/media?parent=104963"}],"wp:term":[{"taxonomy":"category","embeddable":true,"href":"https:\/\/losperiodistas.com.mx\/portal\/wp-json\/wp\/v2\/categories?post=104963"},{"taxonomy":"post_tag","embeddable":true,"href":"https:\/\/losperiodistas.com.mx\/portal\/wp-json\/wp\/v2\/tags?post=104963"}],"curies":[{"name":"wp","href":"https:\/\/api.w.org\/{rel}","templated":true}]}}