{"id":104943,"date":"2025-08-16T20:21:26","date_gmt":"2025-08-17T02:21:26","guid":{"rendered":"https:\/\/losperiodistas.com.mx\/portal\/?p=104943"},"modified":"2025-08-16T20:21:30","modified_gmt":"2025-08-17T02:21:30","slug":"de-bermudez-requena-a-ricardo-gallardo-presentan-plataforma-de-politicos-vinculados-al-crimen-organizado","status":"publish","type":"post","link":"https:\/\/losperiodistas.com.mx\/portal\/de-bermudez-requena-a-ricardo-gallardo-presentan-plataforma-de-politicos-vinculados-al-crimen-organizado\/","title":{"rendered":"De Berm\u00fadez Requena a Ricardo Gallardo: presentan plataforma de pol\u00edticos vinculados al crimen organizado"},"content":{"rendered":"\n<p>El proyecto desarrollado por Defensorxs y los periodistas \u00d3scar Balderas y Luis Chaparro, fundamenta con hechos las acusaciones hacia los presuntos narcopol\u00edticos<\/p>\n\n\n\n<figure class=\"wp-block-image size-large\"><img fetchpriority=\"high\" decoding=\"async\" width=\"1024\" height=\"576\" src=\"https:\/\/losperiodistas.com.mx\/portal\/wp-content\/uploads\/2025\/08\/narcopoliticos-1024x576.png\" alt=\"\" class=\"wp-image-104944\" srcset=\"https:\/\/losperiodistas.com.mx\/portal\/wp-content\/uploads\/2025\/08\/narcopoliticos-1024x576.png 1024w, https:\/\/losperiodistas.com.mx\/portal\/wp-content\/uploads\/2025\/08\/narcopoliticos-300x169.png 300w, https:\/\/losperiodistas.com.mx\/portal\/wp-content\/uploads\/2025\/08\/narcopoliticos-768x432.png 768w, https:\/\/losperiodistas.com.mx\/portal\/wp-content\/uploads\/2025\/08\/narcopoliticos.png 1240w\" sizes=\"(max-width: 1024px) 100vw, 1024px\" \/><figcaption class=\"wp-element-caption\">(FOTO: narcopoliticos.com)<\/figcaption><\/figure>\n\n\n\n<p class=\"has-vivid-red-color has-text-color has-link-color wp-elements-86ba25a469d3033c4c790539693a0cfc\">Carlos Salas \/ Infobae<\/p>\n\n\n\n<p>La plataforma narcopoliticos.com creada por los periodistas Luis Chaparro y \u00d3scar Balderas junto con la organizaci\u00f3n civil mexicana Defensorxs anunci\u00f3 el perfil de 11 presuntos funcionarios mexicanos ligados al crimen organizado; los periodistas tambi\u00e9n declararon que publicar\u00e1n pr\u00f3ximamente el perfil de 19 pol\u00edticos m\u00e1s ligados a c\u00e1rteles mexicanos.<\/p>\n\n\n\n<p>La p\u00e1gina web ordenar\u00e1 a cada uno de los personajes implicados por estados en los que operan, partido pol\u00edtico o sector al que pertenecen, a qu\u00e9 c\u00e1rtel u organizaci\u00f3n criminal est\u00e1n relacionados y en qu\u00e9 sexenios estuvieron activos o si contin\u00faan dentro de la pol\u00edtica.<\/p>\n\n\n\n<p>De acuerdo con los periodistas, los documentos oficiales que muestra la p\u00e1gina son prueba suficiente para que se inicie una carpeta de investigaci\u00f3n oficial o en caso de los personajes que cumplen sentencia, no \u201cse olviden de los hechos que cometieron\u201d.<\/p>\n\n\n\n<p>A continuaci\u00f3n, se presenta una revisi\u00f3n de los 11 funcionarios vinculados al crimen organizado.<\/p>\n\n\n\n<h3 class=\"wp-block-heading\">Hern\u00e1n Berm\u00fadez Requena \u201cEl Comandante H\u201d<\/h3>\n\n\n\n<figure class=\"wp-block-image size-full\"><img decoding=\"async\" width=\"992\" height=\"558\" src=\"https:\/\/losperiodistas.com.mx\/portal\/wp-content\/uploads\/2025\/08\/BHAAT6YESNGUTNP2Y7NL7MW7WI.avif\" alt=\"\" class=\"wp-image-104945\" srcset=\"https:\/\/losperiodistas.com.mx\/portal\/wp-content\/uploads\/2025\/08\/BHAAT6YESNGUTNP2Y7NL7MW7WI.avif 992w, https:\/\/losperiodistas.com.mx\/portal\/wp-content\/uploads\/2025\/08\/BHAAT6YESNGUTNP2Y7NL7MW7WI-300x169.avif 300w, https:\/\/losperiodistas.com.mx\/portal\/wp-content\/uploads\/2025\/08\/BHAAT6YESNGUTNP2Y7NL7MW7WI-768x432.avif 768w\" sizes=\"(max-width: 992px) 100vw, 992px\" \/><figcaption class=\"wp-element-caption\">El grupo de Hern\u00e1n Berm\u00fadez surgi\u00f3 desde el interior de las corporaciones policiacas en Tabasco. (ANAYELI TAPIA\/Infobae)<\/figcaption><\/figure>\n\n\n\n<p>Exsecretario de Seguridad y Protecci\u00f3n Ciudadana de Tabasco (2019-2024), se\u00f1alado como presunto l\u00edder de <strong>La Barredora de Tabasco<\/strong>, una escisi\u00f3n del <strong>C\u00e1rtel Jalisco Nueva Generaci\u00f3n<\/strong> (<strong>CJNG<\/strong>) dedicada al <strong>huachicol<\/strong>, <strong>secuestro<\/strong>, <strong>extorsi\u00f3n <\/strong>y <strong>tr\u00e1fico de personas<\/strong>.<\/p>\n\n\n\n<p>Berm\u00fadez habr\u00eda participado en el contrabando de al menos <strong>38 millones de litros de hidrocarburos<\/strong> desde el <strong>puerto de Dos Bocas<\/strong>, con la complicidad de funcionarios de la Fiscal\u00eda General de la Rep\u00fablica y de Pemex.<\/p>\n\n\n\n<p>La <strong>SEDENA<\/strong> y la<strong> Fiscal\u00eda General de la Rep\u00fablica <\/strong>(<strong>FGR<\/strong>) lo investigaban desde 2019, y en febrero de 2025 se gir\u00f3 una <strong>orden de aprehensi\u00f3n<\/strong> por asociaci\u00f3n delictuosa, extorsi\u00f3n y secuestro. Antes de su captura, Berm\u00fadez huy\u00f3 v\u00eda M\u00e9rida a Panam\u00e1, posteriormente a Espa\u00f1a y, seg\u00fan reportes, se encontrar\u00eda en Brasil, donde cuenta con <strong>ficha roja de Interpol<\/strong>.<\/p>\n\n\n\n<h2 class=\"wp-block-heading\">Silvano Aureoles Conejo<\/h2>\n\n\n\n<figure class=\"wp-block-image size-full\"><img decoding=\"async\" width=\"992\" height=\"661\" src=\"https:\/\/losperiodistas.com.mx\/portal\/wp-content\/uploads\/2025\/08\/FD453O5AUZCTTGLKGNQSVD3X6E.avif\" alt=\"\" class=\"wp-image-104946\" srcset=\"https:\/\/losperiodistas.com.mx\/portal\/wp-content\/uploads\/2025\/08\/FD453O5AUZCTTGLKGNQSVD3X6E.avif 992w, https:\/\/losperiodistas.com.mx\/portal\/wp-content\/uploads\/2025\/08\/FD453O5AUZCTTGLKGNQSVD3X6E-300x200.avif 300w, https:\/\/losperiodistas.com.mx\/portal\/wp-content\/uploads\/2025\/08\/FD453O5AUZCTTGLKGNQSVD3X6E-768x512.avif 768w\" sizes=\"(max-width: 992px) 100vw, 992px\" \/><figcaption class=\"wp-element-caption\">Cr\u00e9dito: Cuartoscuro<\/figcaption><\/figure>\n\n\n\n<p>Exgobernador de <strong>Michoac\u00e1n <\/strong>(2015\u20132021), enfrenta una orden de aprehensi\u00f3n emitida por la <strong>FGR <\/strong>en 2025 por <strong>peculado, asociaci\u00f3n delictuosa y desv\u00edo de m\u00e1s de 3 mil millones de pesos<\/strong> destinados a la construcci\u00f3n de cuarteles para la Guardia Civil. Actualmente, se encuentra pr\u00f3fugo.<\/p>\n\n\n\n<p>Durante su administraci\u00f3n, el estado vivi\u00f3 una escalada de violencia con la consolidaci\u00f3n de al menos <strong>siete c\u00e1rteles<\/strong>, entre ellos <strong>La Familia Michoacana<\/strong>, el<strong> CJNG<\/strong>,<strong> Los Viagras<\/strong> y<strong> Los Caballeros Templarios<\/strong>. El sacerdote Gregorio L\u00f3pez <em>\u201cPadre Goyo\u201d<\/em> lo acus\u00f3 de reunirse con jefes de plaza y de permitir que grupos criminales operaran como \u201cguardias comunitarias\u201d bajo protecci\u00f3n institucional, lo que la FGR ha calificado como <strong>\u201cgobernanza criminal\u201d<\/strong>.<\/p>\n\n\n\n<h2 class=\"wp-block-heading\">Tom\u00e1s Jes\u00fas Yarrington Ruvalcaba<\/h2>\n\n\n\n<figure class=\"wp-block-image size-full\"><img loading=\"lazy\" decoding=\"async\" width=\"992\" height=\"558\" src=\"https:\/\/losperiodistas.com.mx\/portal\/wp-content\/uploads\/2025\/08\/FSI5XCFQUFA3BO4BDJGHR5AVDY.avif\" alt=\"\" class=\"wp-image-104947\" srcset=\"https:\/\/losperiodistas.com.mx\/portal\/wp-content\/uploads\/2025\/08\/FSI5XCFQUFA3BO4BDJGHR5AVDY.avif 992w, https:\/\/losperiodistas.com.mx\/portal\/wp-content\/uploads\/2025\/08\/FSI5XCFQUFA3BO4BDJGHR5AVDY-300x169.avif 300w, https:\/\/losperiodistas.com.mx\/portal\/wp-content\/uploads\/2025\/08\/FSI5XCFQUFA3BO4BDJGHR5AVDY-768x432.avif 768w\" sizes=\"(max-width: 992px) 100vw, 992px\" \/><figcaption class=\"wp-element-caption\">El gobierno mexicano solicit\u00f3 la extradici\u00f3n de Yarrington para juzgarlo por delitos pendientes. (Josu\u00e9 Avil\u00e9s\/ Infobae M\u00e9xico)<\/figcaption><\/figure>\n\n\n\n<p>Exgobernador priista de Tamaulipas (1999\u20132004), enfrenta procesos en M\u00e9xico por <strong>lavado de dinero, operaciones con recursos de procedencia il\u00edcita y delitos contra la salud<\/strong>, tras ser deportado de Estados Unidos en abril de 2025.<\/p>\n\n\n\n<p>Desde su campa\u00f1a de 1998, testigos protegidos lo se\u00f1alaron como beneficiario de aportes millonarios del <strong>C\u00e1rtel del Golfo<\/strong>, con entregas en efectivo de hasta <strong>800 mil d\u00f3lares<\/strong> para financiar su candidatura. Durante su administraci\u00f3n, habr\u00eda permitido la operaci\u00f3n sin restricciones del <strong>C\u00e1rtel del Golfo<\/strong> y de<strong> Los Zetas<\/strong>, colocando en cargos estrat\u00e9gicos a funcionarios ligados a estas organizaciones y facilitando rutas para el trasiego de drogas.<\/p>\n\n\n\n<p>En Estados Unidos, la <strong>DEA<\/strong> y autoridades judiciales lo acusaron de <strong>conspiraci\u00f3n RICO, narcotr\u00e1fico, lavado de dinero y fraude bancario<\/strong>. Fue detenido en 2017 en Florencia, Italia, y extraditado a ese pa\u00eds, donde en 2021 se declar\u00f3 culpable de recibir sobornos y lavar dinero, recibiendo una condena que deb\u00eda concluir en 2027.<\/p>\n\n\n\n<p>Actualmente permanece recluido en el <strong>penal del Altiplano<\/strong> mientras contin\u00faan las investigaciones en su contra.<\/p>\n\n\n\n<h2 class=\"wp-block-heading\">Genaro Garc\u00eda Luna<\/h2>\n\n\n\n<figure class=\"wp-block-image size-full\"><img loading=\"lazy\" decoding=\"async\" width=\"992\" height=\"558\" src=\"https:\/\/losperiodistas.com.mx\/portal\/wp-content\/uploads\/2025\/08\/ECSB6VPCRZDOFNVWKR2QNZZATM.avif\" alt=\"\" class=\"wp-image-104948\" srcset=\"https:\/\/losperiodistas.com.mx\/portal\/wp-content\/uploads\/2025\/08\/ECSB6VPCRZDOFNVWKR2QNZZATM.avif 992w, https:\/\/losperiodistas.com.mx\/portal\/wp-content\/uploads\/2025\/08\/ECSB6VPCRZDOFNVWKR2QNZZATM-300x169.avif 300w, https:\/\/losperiodistas.com.mx\/portal\/wp-content\/uploads\/2025\/08\/ECSB6VPCRZDOFNVWKR2QNZZATM-768x432.avif 768w\" sizes=\"(max-width: 992px) 100vw, 992px\" \/><figcaption class=\"wp-element-caption\">El exsecretario de Seguridad de M\u00e9xico fue trasladado a la prisi\u00f3n ADX Florence, conocida como la \u201cAlcatraz de las Rocosas\u201d, donde cumplen condena criminales de alto perfil bajo condiciones extremas de aislamiento. (Anayeli Tapia\/Infobae)<\/figcaption><\/figure>\n\n\n\n<p>Exsecretario de Seguridad P\u00fablica federal (2006\u20132012), fue detenido en 2019 en Miami y procesado en una corte de Brooklyn, Nueva York, por <strong>conspirar con el C\u00e1rtel de Sinaloa entre 2001 y 2012 para traficar droga<\/strong>. El caso incluye testimonios de exnarcotraficantes como Jes\u00fas <em>\u201cEl Rey\u201d<\/em> Zambada, quien afirm\u00f3 haberle entregado maletines con hasta <strong>3 millones de d\u00f3lares<\/strong> en sobornos.<\/p>\n\n\n\n<p>Adem\u00e1s de las acusaciones de colusi\u00f3n criminal, investigaciones period\u00edsticas y la <strong>UIF<\/strong> revelaron que Garc\u00eda Luna, junto con los empresarios Samuel y Alexis Weinberg, construy\u00f3 una red de empresas proveedoras de tecnolog\u00eda de vigilancia que obtuvo <strong>m\u00e1s de 745 millones de pesos en contratos p\u00fablicos<\/strong> durante los gobiernos de <strong>Felipe Calder\u00f3n <\/strong>y<strong> Enrique Pe\u00f1a Nieto<\/strong>.<\/p>\n\n\n\n<p>En 2001, el presidente Vicente Fox lo nombr\u00f3 director fundador de la <strong>Agencia Federal de Investigaci\u00f3n (AFI)<\/strong>, se\u00f1alada por casos de corrupci\u00f3n, desapariciones y torturas. Como secretario de Seguridad P\u00fablica, Garc\u00eda Luna fue uno de los rostros m\u00e1s visibles de la llamada <em>\u201cguerra contra el narcotr\u00e1fico\u201d<\/em>.<\/p>\n\n\n\n<p>Actualmente enfrenta cargos en Estados Unidos por narcotr\u00e1fico y corrupci\u00f3n, en un proceso que ha sido considerado uno de los m\u00e1s relevantes contra un exalto funcionario mexicano en ese pa\u00eds.<\/p>\n\n\n\n<h2 class=\"wp-block-heading\">Anavel \u00c1vila<\/h2>\n\n\n\n<figure class=\"wp-block-image size-full\"><img loading=\"lazy\" decoding=\"async\" width=\"992\" height=\"558\" src=\"https:\/\/losperiodistas.com.mx\/portal\/wp-content\/uploads\/2025\/08\/AQYMCA7NG5E63C5X7RQWI4PXU4.avif\" alt=\"\" class=\"wp-image-104949\" srcset=\"https:\/\/losperiodistas.com.mx\/portal\/wp-content\/uploads\/2025\/08\/AQYMCA7NG5E63C5X7RQWI4PXU4.avif 992w, https:\/\/losperiodistas.com.mx\/portal\/wp-content\/uploads\/2025\/08\/AQYMCA7NG5E63C5X7RQWI4PXU4-300x169.avif 300w, https:\/\/losperiodistas.com.mx\/portal\/wp-content\/uploads\/2025\/08\/AQYMCA7NG5E63C5X7RQWI4PXU4-768x432.avif 768w\" sizes=\"(max-width: 992px) 100vw, 992px\" \/><figcaption class=\"wp-element-caption\">Los nexos de los familiares de Anavel \u00c1vila con el CJNG. (Anayeli Tapia\/Infobae)<\/figcaption><\/figure>\n\n\n\n<p>Presidenta municipal de Coalcom\u00e1n, es investigada por sus presuntos v\u00ednculos con el <strong>CJNG<\/strong> y por el delito de <strong>desaparici\u00f3n de personas<\/strong>, de acuerdo con dos carpetas de investigaci\u00f3n abiertas en su contra.<\/p>\n\n\n\n<p>En diciembre de 2024, durante el 193 aniversario del municipio, el animador oficial del evento agradeci\u00f3 p\u00fablicamente a <strong>Nemesio Oseguera Cervantes, alias <\/strong><em><strong>El Mencho<\/strong><\/em><strong>, a dos de sus hijos y al jefe de plaza \u201cDelta 1\u201d<\/strong> por \u201cponer una sonrisa\u201d y entregar regalos a la comunidad, frente a cientos de asistentes, incluidos menores de edad.<\/p>\n\n\n\n<p>De acuerdo con una investigaci\u00f3n del periodista Manuel Espino del peri\u00f3dico <em>El Universal<\/em>, \u00c1vila es prima de <strong>M\u00f3nica del Carmen \u00c1vila<\/strong>, pareja sentimental de \u201cDelta 1\u201d, y estar\u00eda bajo indagatoria por sus presuntos nexos con la estructura criminal.<\/p>\n\n\n\n<p>Las investigaciones contin\u00faan a nivel estatal y federal para determinar el alcance de sus presuntas relaciones con el crimen organizado.<\/p>\n\n\n\n<h2 class=\"wp-block-heading\">Edgar Veytia<\/h2>\n\n\n\n<figure class=\"wp-block-image size-full\"><img loading=\"lazy\" decoding=\"async\" width=\"992\" height=\"558\" src=\"https:\/\/losperiodistas.com.mx\/portal\/wp-content\/uploads\/2025\/08\/OSK7ROGY7ZFLZIZL5TMPAY3AR4.avif\" alt=\"\" class=\"wp-image-104950\" srcset=\"https:\/\/losperiodistas.com.mx\/portal\/wp-content\/uploads\/2025\/08\/OSK7ROGY7ZFLZIZL5TMPAY3AR4.avif 992w, https:\/\/losperiodistas.com.mx\/portal\/wp-content\/uploads\/2025\/08\/OSK7ROGY7ZFLZIZL5TMPAY3AR4-300x169.avif 300w, https:\/\/losperiodistas.com.mx\/portal\/wp-content\/uploads\/2025\/08\/OSK7ROGY7ZFLZIZL5TMPAY3AR4-768x432.avif 768w\" sizes=\"(max-width: 992px) 100vw, 992px\" \/><figcaption class=\"wp-element-caption\">(X\/@JesusGar)<\/figcaption><\/figure>\n\n\n\n<p>Fiscal general de Nayarit entre 2013 y 2017, fue sentenciado en Estados Unidos a <strong>20 a\u00f1os de prisi\u00f3n<\/strong> por conspirar para traficar drogas y colaborar con el <strong>CJNG<\/strong> y el <strong>C\u00e1rtel de los Beltr\u00e1n Leyva<\/strong>, facci\u00f3n \u201cLos H\u201d.<\/p>\n\n\n\n<p>De acuerdo con investigaciones de la <strong>FGR<\/strong> y pruebas presentadas en cortes estadounidenses, Veytia recibi\u00f3 <strong>sobornos millonarios<\/strong> para permitir operaciones criminales en Nayarit sin intervenci\u00f3n policial. Entre las evidencias en su contra figuraron comunicaciones directas con el \u201cH2\u201d, segundo al mando de los Beltr\u00e1n Leyva, y testimonios de que entreg\u00f3 c\u00f3digos especiales para que miembros de este grupo gozaran de inmunidad ante autoridades estatales.<\/p>\n\n\n\n<p>Fue detenido en 2017 en San Diego, California, y en 2018 se declar\u00f3 culpable. Su condena incluy\u00f3 la conspiraci\u00f3n para traficar <strong>500 kilos de hero\u00edna, 100 de coca\u00edna, 200 de metanfetaminas y 3 mil de marihuana<\/strong> hacia EEUU. Veytia tambi\u00e9n vincul\u00f3 en su testimonio a figuras del sexenio de Enrique Pe\u00f1a Nieto, como el exsecretario de la Defensa Salvador Cienfuegos, con l\u00edderes criminales.<\/p>\n\n\n\n<p>Seg\u00fan el Bur\u00f3 Federal de Prisiones, obtendr\u00e1 su libertad anticipada el <strong>10 de octubre de 2025<\/strong> tras colaborar con la justicia estadounidense, aunque desde febrero pasado no figura bajo custodia federal. Adem\u00e1s, enfrenta demandas civiles en EEUU por tortura y despojo de bienes cuando fue fiscal.<\/p>\n\n\n\n<h2 class=\"wp-block-heading\">Julio C\u00e9sar Godoy Toscano<\/h2>\n\n\n\n<figure class=\"wp-block-image size-full\"><img loading=\"lazy\" decoding=\"async\" width=\"992\" height=\"558\" src=\"https:\/\/losperiodistas.com.mx\/portal\/wp-content\/uploads\/2025\/08\/3B4AI6X5YBFFBGQWFRDBZOKXXU.avif\" alt=\"\" class=\"wp-image-104951\" srcset=\"https:\/\/losperiodistas.com.mx\/portal\/wp-content\/uploads\/2025\/08\/3B4AI6X5YBFFBGQWFRDBZOKXXU.avif 992w, https:\/\/losperiodistas.com.mx\/portal\/wp-content\/uploads\/2025\/08\/3B4AI6X5YBFFBGQWFRDBZOKXXU-300x169.avif 300w, https:\/\/losperiodistas.com.mx\/portal\/wp-content\/uploads\/2025\/08\/3B4AI6X5YBFFBGQWFRDBZOKXXU-768x432.avif 768w\" sizes=\"(max-width: 992px) 100vw, 992px\" \/><figcaption class=\"wp-element-caption\">El exdiputado fue acusado de tener nexos con la Familia Michoacana Cr\u00e9dito: Cuartoscuro<\/figcaption><\/figure>\n\n\n\n<p>Exdiputado federal y exfuncionario municipal, sigue pr\u00f3fugo de la justicia por <strong>presuntos v\u00ednculos con La Familia Michoacana<\/strong> y lavado de dinero. Durante su carrera pol\u00edtica, habr\u00eda recibido <strong>25 millones de pesos<\/strong> de la organizaci\u00f3n criminal para financiar campa\u00f1as pol\u00edticas, seg\u00fan investigaciones de autoridades mexicanas.<\/p>\n\n\n\n<p>En 2009 gan\u00f3 la elecci\u00f3n para diputado federal por el distrito 1 de Michoac\u00e1n, pero <strong>no pudo tomar protesta<\/strong> debido a acusaciones de la Secretar\u00eda de Seguridad P\u00fablica Federal. En diciembre de 2010, la C\u00e1mara de Diputados le retir\u00f3 el fuero de manera un\u00e1nime para enfrentar los cargos.<\/p>\n\n\n\n<p>En 2011, se le imput\u00f3 un nuevo cargo por <strong>lavado de dinero<\/strong>, mientras que conversaciones telef\u00f3nicas con Servando G\u00f3mez Mart\u00ednez, alias \u201cLa Tuta\u201d, revelaron que Godoy Toscano informaba al c\u00e1rtel sobre avances de distintos candidatos y coordinaba gestiones con autoridades a trav\u00e9s de su hermano, <strong>Leonel Godoy Rangel<\/strong>, entonces gobernador de Michoac\u00e1n (2008-2012).<\/p>\n\n\n\n<p>Actualmente, su medio hermano Leonel Godoy es diputado federal por MORENA (2024-2027).<\/p>\n\n\n\n<h2 class=\"wp-block-heading\">Mario Mar\u00edn Torres<\/h2>\n\n\n\n<figure class=\"wp-block-image size-full\"><img loading=\"lazy\" decoding=\"async\" width=\"992\" height=\"661\" src=\"https:\/\/losperiodistas.com.mx\/portal\/wp-content\/uploads\/2025\/08\/RQH7PJ4ED5FTRJOZVY7WLJA7KA.avif\" alt=\"\" class=\"wp-image-104952\" srcset=\"https:\/\/losperiodistas.com.mx\/portal\/wp-content\/uploads\/2025\/08\/RQH7PJ4ED5FTRJOZVY7WLJA7KA.avif 992w, https:\/\/losperiodistas.com.mx\/portal\/wp-content\/uploads\/2025\/08\/RQH7PJ4ED5FTRJOZVY7WLJA7KA-300x200.avif 300w, https:\/\/losperiodistas.com.mx\/portal\/wp-content\/uploads\/2025\/08\/RQH7PJ4ED5FTRJOZVY7WLJA7KA-768x512.avif 768w\" sizes=\"(max-width: 992px) 100vw, 992px\" \/><figcaption class=\"wp-element-caption\">Mario Mar\u00edn Torres estuvo preso por el delito de tortura por actos cometidos contra la periodista Lydia Cacho. Foto: Cuartoscuro<\/figcaption><\/figure>\n\n\n\n<p>Gobernador de Puebla entre 2005 y 2011, enfrenta <strong>acusaciones por su relaci\u00f3n con redes de tr\u00e1fico de menores, lavado de dinero y tortura<\/strong>, derivadas principalmente del caso de la periodista Lydia Cacho.<\/p>\n\n\n\n<p>El caso se remonta a la publicaci\u00f3n del libro <em>Los demonios del Ed\u00e9n<\/em>, donde Cacho document\u00f3 la participaci\u00f3n de empresarios como Jean Succar Kuri y Jos\u00e9 Kamel Nacif Borge en una red de explotaci\u00f3n infantil. Meses despu\u00e9s, Mar\u00edn Torres orden\u00f3 el <strong>secuestro y tortura de la periodista<\/strong>, aunque ella fue exonerada posteriormente. Por estos hechos, actualmente Mar\u00edn cumple <strong>sentencia domiciliaria<\/strong> como autor intelectual de la tortura.<\/p>\n\n\n\n<p>Durante su administraci\u00f3n, se detectaron <strong>v\u00ednculos con el C\u00e1rtel de los Beltr\u00e1n Leyva<\/strong> y sus operadores financieros, a trav\u00e9s de la compra y gesti\u00f3n de m\u00faltiples aeronaves con valor millonario, utilizadas en operaciones vinculadas con esta organizaci\u00f3n criminal. Mar\u00edn Torres pose\u00eda al menos <strong>once aeronaves de lujo<\/strong>, incluyendo helic\u00f3pteros Bell 407 y 206, un Falcon 20, un Sabre Cinergo y cuatro Lear Jet 45.<\/p>\n\n\n\n<p>Investigaciones period\u00edsticas y de la UIF tambi\u00e9n documentaron la utilizaci\u00f3n de recursos p\u00fablicos en empresas privadas, como Servicios A\u00e9reos Milenio, y asociaciones empresariales ligadas a los Beltr\u00e1n Leyva y a aliados pol\u00edticos del PRI.<\/p>\n\n\n\n<h2 class=\"wp-block-heading\">Tania Contreras<\/h2>\n\n\n\n<figure class=\"wp-block-image size-full\"><img loading=\"lazy\" decoding=\"async\" width=\"992\" height=\"558\" src=\"https:\/\/losperiodistas.com.mx\/portal\/wp-content\/uploads\/2025\/08\/7C2TM4R5UFCQZMIZHKZM3DA4ZA.avif\" alt=\"\" class=\"wp-image-104953\" srcset=\"https:\/\/losperiodistas.com.mx\/portal\/wp-content\/uploads\/2025\/08\/7C2TM4R5UFCQZMIZHKZM3DA4ZA.avif 992w, https:\/\/losperiodistas.com.mx\/portal\/wp-content\/uploads\/2025\/08\/7C2TM4R5UFCQZMIZHKZM3DA4ZA-300x169.avif 300w, https:\/\/losperiodistas.com.mx\/portal\/wp-content\/uploads\/2025\/08\/7C2TM4R5UFCQZMIZHKZM3DA4ZA-768x432.avif 768w\" sizes=\"(max-width: 992px) 100vw, 992px\" \/><figcaption class=\"wp-element-caption\">(FOTO: Gobierno de Tamaulipas)<\/figcaption><\/figure>\n\n\n\n<p>Presidenta del Supremo Tribunal de Justicia de Tamaulipas, ha sido se\u00f1alada en diversas investigaciones period\u00edsticas y de inteligencia por presuntos v\u00ednculos indirectos con el <strong>C\u00e1rtel del Golfo<\/strong> y redes de <strong>huachicol<\/strong>.<\/p>\n\n\n\n<p>Seg\u00fan la investigaci\u00f3n de C\u00f3digo Magenta, un grupo armado del<strong> C\u00e1rtel del Golfo<\/strong> promovi\u00f3 su elecci\u00f3n judicial, respaldando p\u00fablicamente la campa\u00f1a del gobernador <strong>Am\u00e9rico Villarreal<\/strong>, quien la design\u00f3 como Consejera Jur\u00eddica antes de asumir la presidencia del Poder Judicial. Su primo, Juan Jos\u00e9 Contreras Castillo, tiene antecedentes de participaci\u00f3n en la columna armada Pedro J. M\u00e9ndez del CDG y enfrent\u00f3 cargos por delincuencia organizada relacionada con el secuestro y tr\u00e1fico de migrantes.<\/p>\n\n\n\n<p>La <strong>FGR <\/strong>inici\u00f3 una investigaci\u00f3n en su contra en mayo de 2025. Dicha investigaci\u00f3n fue archivada antes del <strong>asesinato del delegado de la FGR en Tamaulipas<\/strong>, <strong>Ernesto Cuitl\u00e1huac V\u00e1squez Reyna<\/strong>, ocurrido el 4 de agosto de 2025, sin que se estableciera vinculaci\u00f3n entre Contreras y el crimen.<\/p>\n\n\n\n<h2 class=\"wp-block-heading\">Rub\u00e9n Rocha Moya<\/h2>\n\n\n\n<figure class=\"wp-block-image size-full\"><img loading=\"lazy\" decoding=\"async\" width=\"992\" height=\"558\" src=\"https:\/\/losperiodistas.com.mx\/portal\/wp-content\/uploads\/2025\/08\/KWMPZ7IGTJB7JCOVBQZ2EAUCPE.avif\" alt=\"\" class=\"wp-image-104954\" srcset=\"https:\/\/losperiodistas.com.mx\/portal\/wp-content\/uploads\/2025\/08\/KWMPZ7IGTJB7JCOVBQZ2EAUCPE.avif 992w, https:\/\/losperiodistas.com.mx\/portal\/wp-content\/uploads\/2025\/08\/KWMPZ7IGTJB7JCOVBQZ2EAUCPE-300x169.avif 300w, https:\/\/losperiodistas.com.mx\/portal\/wp-content\/uploads\/2025\/08\/KWMPZ7IGTJB7JCOVBQZ2EAUCPE-768x432.avif 768w\" sizes=\"(max-width: 992px) 100vw, 992px\" \/><figcaption class=\"wp-element-caption\">(X@rochamoya_)<\/figcaption><\/figure>\n\n\n\n<p>Gobernador constitucional de Sinaloa desde noviembre de 2021, ha sido vinculado en diversas investigaciones con el crimen organizado, espec\u00edficamente con el C\u00e1rtel de Sinaloa.<\/p>\n\n\n\n<p>De acuerdo con investigaciones period\u00edsticas y archivos de agencias de Estados Unidos, Rocha Moya habr\u00eda contado con el apoyo de <strong>Los Chapitos<\/strong> como operadores pol\u00edticos durante su campa\u00f1a a la gubernatura en 2021. Testimonios presentados en una denuncia ante la Corte Federal de Nueva York en 2024 indican que el c\u00e1rtel habr\u00eda financiado su campa\u00f1a, entregando maletas con dinero en la casa de campa\u00f1a, seg\u00fan declar\u00f3 Jocelyn Hern\u00e1ndez, subdelegada del Bienestar en Sinaloa y operadora pol\u00edtica de Rocha.<\/p>\n\n\n\n<p>Asimismo, se le ha vinculado con el asesinato de su rival pol\u00edtico H\u00e9ctor Melesio Cu\u00e9n, exrector de la Universidad Aut\u00f3noma de Sinaloa, ocurrido en el contexto del secuestro y entrega a Estados Unidos de Ismael \u201cEl Mayo\u201d Zambada, exl\u00edder del C\u00e1rtel de Sinaloa, quien afirm\u00f3 haber participado en reuniones con Rocha Moya y otros l\u00edderes para resolver diferencias entre pol\u00edticos de Sinaloa.<\/p>\n\n\n\n<h2 class=\"wp-block-heading\">Ricardo Gallardo Cardona<\/h2>\n\n\n\n<figure class=\"wp-block-image size-full\"><img loading=\"lazy\" decoding=\"async\" width=\"992\" height=\"558\" src=\"https:\/\/losperiodistas.com.mx\/portal\/wp-content\/uploads\/2025\/08\/BZME3FIKUZHN3F4FNQ6ITOYGIM.avif\" alt=\"\" class=\"wp-image-104955\" srcset=\"https:\/\/losperiodistas.com.mx\/portal\/wp-content\/uploads\/2025\/08\/BZME3FIKUZHN3F4FNQ6ITOYGIM.avif 992w, https:\/\/losperiodistas.com.mx\/portal\/wp-content\/uploads\/2025\/08\/BZME3FIKUZHN3F4FNQ6ITOYGIM-300x169.avif 300w, https:\/\/losperiodistas.com.mx\/portal\/wp-content\/uploads\/2025\/08\/BZME3FIKUZHN3F4FNQ6ITOYGIM-768x432.avif 768w\" sizes=\"(max-width: 992px) 100vw, 992px\" \/><figcaption class=\"wp-element-caption\">Durante los \u00faltimos d\u00edas, la salud del mandatario ha sido cuestionada (Cuartoscuro)<\/figcaption><\/figure>\n\n\n\n<p>Gobernador de San Luis Potos\u00ed (2021-2027), fue vinculado en diversas investigaciones con grupos delictivos como <strong>Los Zetas<\/strong>, el <strong>C\u00e1rtel del Noreste<\/strong> y el <strong>CJNG<\/strong>.<\/p>\n\n\n\n<p>En enero de 2015, la SEIDO de la entonces PGR lo acus\u00f3 por el presunto desv\u00edo de 209 millones de pesos durante su gesti\u00f3n como presidente municipal de Soledad de Graciano S\u00e1nchez. La investigaci\u00f3n indicaba posibles v\u00ednculos de Gallardo con Los Zetas, hip\u00f3tesis retomada posteriormente por la UIF, aunque no ha sido probada judicialmente. Ricardo Gallardo obtuvo un amparo que le permiti\u00f3 salir de prisi\u00f3n en diciembre de 2015.<\/p>\n\n\n\n<p>Documentos filtrados por Guacamaya Leaks en 2022, obtenidos de la SEDENA, se\u00f1alan que Gallardo habr\u00eda mantenido v\u00ednculos con el <strong>CJNG<\/strong>, logrando un pacto de no agresi\u00f3n entre ese c\u00e1rtel, el C\u00e1rtel del Golfo y la facci\u00f3n \u201cAlemanes\u201d del<strong> C\u00e1rtel del Noreste<\/strong>. Seg\u00fan estos informes, autoridades estatales habr\u00edan colaborado en operaciones para favorecer al <strong>CJNG <\/strong>y encubrir homicidios. Adem\u00e1s, Arnulfo Urbiola Rom\u00e1n, presidente municipal de R\u00edo Verde y aliado pol\u00edtico de Gallardo, fue identificado como l\u00edder territorial de la c\u00e9lula \u201c<strong>Los Talibanes<\/strong>\u201d vinculada al <strong>CJNG<\/strong>.<\/p>\n\n\n\n<p>En agosto de 2025, una narcomanta firmada por Alfredo Alem\u00e1n Narv\u00e1ez acus\u00f3 a Gallardo de traici\u00f3n y de apoyar al CJNG en San Luis Potos\u00ed. Por otra parte, la UIF denunci\u00f3 en 2020 a Gallardo y a su padre, Ricardo Gallardo Ju\u00e1rez, por desviar y lavar 724.6 millones de pesos mediante 20 empresas y 19 personas f\u00edsicas, presuntamente ligados a recursos p\u00fablicos de Soledad de Graciano S\u00e1nchez y San Luis Potos\u00ed. A pesar de ello, la FGR archiv\u00f3 la investigaci\u00f3n.<\/p>\n\n\n\n<p>Fuente: <a href=\"https:\/\/www.infobae.com\/mexico\/2025\/08\/15\/de-bermudez-requena-a-ricardo-gallardo-presentan-plataforma-de-politicos-vinculados-al-crimen-organizado\/\" target=\"_blank\" rel=\"noreferrer noopener\">Infobae<\/a><\/p>\n","protected":false},"excerpt":{"rendered":"<p>El proyecto desarrollado por Defensorxs y los periodistas \u00d3scar Balderas y Luis Chaparro, fundamenta con hechos las acusaciones hacia los presuntos narcopol\u00edticos<\/p>\n","protected":false},"author":1,"featured_media":104944,"comment_status":"open","ping_status":"open","sticky":false,"template":"","format":"standard","meta":{"site-sidebar-layout":"default","site-content-layout":"","ast-site-content-layout":"default","site-content-style":"default","site-sidebar-style":"default","ast-global-header-display":"","ast-banner-title-visibility":"","ast-main-header-display":"","ast-hfb-above-header-display":"","ast-hfb-below-header-display":"","ast-hfb-mobile-header-display":"","site-post-title":"","ast-breadcrumbs-content":"","ast-featured-img":"","footer-sml-layout":"","theme-transparent-header-meta":"","adv-header-id-meta":"","stick-header-meta":"","header-above-stick-meta":"","header-main-stick-meta":"","header-below-stick-meta":"","astra-migrate-meta-layouts":"default","ast-page-background-enabled":"default","ast-page-background-meta":{"desktop":{"background-color":"var(--ast-global-color-4)","background-image":"","background-repeat":"repeat","background-position":"center center","background-size":"auto","background-attachment":"scroll","background-type":"","background-media":"","overlay-type":"","overlay-color":"","overlay-opacity":"","overlay-gradient":""},"tablet":{"background-color":"","background-image":"","background-repeat":"repeat","background-position":"center center","background-size":"auto","background-attachment":"scroll","background-type":"","background-media":"","overlay-type":"","overlay-color":"","overlay-opacity":"","overlay-gradient":""},"mobile":{"background-color":"","background-image":"","background-repeat":"repeat","background-position":"center center","background-size":"auto","background-attachment":"scroll","background-type":"","background-media":"","overlay-type":"","overlay-color":"","overlay-opacity":"","overlay-gradient":""}},"ast-content-background-meta":{"desktop":{"background-color":"var(--ast-global-color-5)","background-image":"","background-repeat":"repeat","background-position":"center center","background-size":"auto","background-attachment":"scroll","background-type":"","background-media":"","overlay-type":"","overlay-color":"","overlay-opacity":"","overlay-gradient":""},"tablet":{"background-color":"var(--ast-global-color-5)","background-image":"","background-repeat":"repeat","background-position":"center center","background-size":"auto","background-attachment":"scroll","background-type":"","background-media":"","overlay-type":"","overlay-color":"","overlay-opacity":"","overlay-gradient":""},"mobile":{"background-color":"var(--ast-global-color-5)","background-image":"","background-repeat":"repeat","background-position":"center center","background-size":"auto","background-attachment":"scroll","background-type":"","background-media":"","overlay-type":"","overlay-color":"","overlay-opacity":"","overlay-gradient":""}},"footnotes":""},"categories":[8],"tags":[40917,3625,13807,40918,40919],"class_list":["post-104943","post","type-post","status-publish","format-standard","has-post-thumbnail","hentry","category-noticias","tag-bermudez-requena","tag-crimen-organizado","tag-mario-marin","tag-ricardo-gallardo","tag-tania-contreras"],"_links":{"self":[{"href":"https:\/\/losperiodistas.com.mx\/portal\/wp-json\/wp\/v2\/posts\/104943","targetHints":{"allow":["GET"]}}],"collection":[{"href":"https:\/\/losperiodistas.com.mx\/portal\/wp-json\/wp\/v2\/posts"}],"about":[{"href":"https:\/\/losperiodistas.com.mx\/portal\/wp-json\/wp\/v2\/types\/post"}],"author":[{"embeddable":true,"href":"https:\/\/losperiodistas.com.mx\/portal\/wp-json\/wp\/v2\/users\/1"}],"replies":[{"embeddable":true,"href":"https:\/\/losperiodistas.com.mx\/portal\/wp-json\/wp\/v2\/comments?post=104943"}],"version-history":[{"count":1,"href":"https:\/\/losperiodistas.com.mx\/portal\/wp-json\/wp\/v2\/posts\/104943\/revisions"}],"predecessor-version":[{"id":104956,"href":"https:\/\/losperiodistas.com.mx\/portal\/wp-json\/wp\/v2\/posts\/104943\/revisions\/104956"}],"wp:featuredmedia":[{"embeddable":true,"href":"https:\/\/losperiodistas.com.mx\/portal\/wp-json\/wp\/v2\/media\/104944"}],"wp:attachment":[{"href":"https:\/\/losperiodistas.com.mx\/portal\/wp-json\/wp\/v2\/media?parent=104943"}],"wp:term":[{"taxonomy":"category","embeddable":true,"href":"https:\/\/losperiodistas.com.mx\/portal\/wp-json\/wp\/v2\/categories?post=104943"},{"taxonomy":"post_tag","embeddable":true,"href":"https:\/\/losperiodistas.com.mx\/portal\/wp-json\/wp\/v2\/tags?post=104943"}],"curies":[{"name":"wp","href":"https:\/\/api.w.org\/{rel}","templated":true}]}}