{"id":104655,"date":"2025-08-12T20:34:33","date_gmt":"2025-08-13T02:34:33","guid":{"rendered":"https:\/\/losperiodistas.com.mx\/portal\/?p=104655"},"modified":"2025-08-12T20:34:53","modified_gmt":"2025-08-13T02:34:53","slug":"eu-alerta-a-ciudadanos-por-riesgo-de-terrorismo-en-mexico-incluyendo-la-cdmx-solo-recomienda-viajar-a-campeche-y-yucatan","status":"publish","type":"post","link":"https:\/\/losperiodistas.com.mx\/portal\/eu-alerta-a-ciudadanos-por-riesgo-de-terrorismo-en-mexico-incluyendo-la-cdmx-solo-recomienda-viajar-a-campeche-y-yucatan\/","title":{"rendered":"EU alerta a ciudadanos por riesgo de terrorismo en M\u00e9xico incluyendo la CDMX; s\u00f3lo recomienda viajar a Campeche y Yucat\u00e1n"},"content":{"rendered":"\n<p>Seg\u00fan el Departamento de Estado, \u00aben M\u00e9xico se cometen numerosos delitos violentos, como homicidios, secuestros, robos de veh\u00edculos y robos a mano armada\u00bb<\/p>\n\n\n\n<figure class=\"wp-block-image size-large\"><img fetchpriority=\"high\" decoding=\"async\" width=\"1024\" height=\"682\" src=\"https:\/\/losperiodistas.com.mx\/portal\/wp-content\/uploads\/2025\/08\/actualiza-eu-alerta-de-viaje-a-mexico-1024x682.png\" alt=\"\" class=\"wp-image-104656\" srcset=\"https:\/\/losperiodistas.com.mx\/portal\/wp-content\/uploads\/2025\/08\/actualiza-eu-alerta-de-viaje-a-mexico-1024x682.png 1024w, https:\/\/losperiodistas.com.mx\/portal\/wp-content\/uploads\/2025\/08\/actualiza-eu-alerta-de-viaje-a-mexico-300x200.png 300w, https:\/\/losperiodistas.com.mx\/portal\/wp-content\/uploads\/2025\/08\/actualiza-eu-alerta-de-viaje-a-mexico-768x511.png 768w, https:\/\/losperiodistas.com.mx\/portal\/wp-content\/uploads\/2025\/08\/actualiza-eu-alerta-de-viaje-a-mexico.png 1200w\" sizes=\"(max-width: 1024px) 100vw, 1024px\" \/><figcaption class=\"wp-element-caption\">Turistas estadunidenses en imagen de archivo. Foto Cuartoscuro <\/figcaption><\/figure>\n\n\n\n<p class=\"has-vivid-red-color has-text-color has-link-color wp-elements-081eea967d78afd39c38662a159dab45\">\u00c1ngel Santamar\u00eda \/ El Universal<\/p>\n\n\n\n<p>El Departamento de Estado de<strong> Estados Unidos<\/strong> actualiz\u00f3 su aviso de viaje para M\u00e9xico al a\u00f1adir el resumen de aviso de nivel 2 y se agreg\u00f3 el indicador de <strong>riesgo de terrorismo<\/strong>, en el que incluy\u00f3 a la Ciudad de M\u00e9xico. S\u00f3lo recomend\u00f3 viajar a Campeche y Yucat\u00e1n.<\/p>\n\n\n\n<p>Seg\u00fan el Departamento, \u00aben <strong>M\u00e9xico <\/strong>se cometen <strong>numerosos delitos violentos<\/strong>, como homicidios, secuestros, robos de veh\u00edculos y robos a mano armada \u2014afirma el resumen actualizado\u2014. Existe el riesgo de violencia terrorista, incluyendo atentados y otras actividades en M\u00e9xico\u00bb.<\/p>\n\n\n\n<p>Seg\u00fan la actualizaci\u00f3n, EU recomienda a los viajeros que cooperen si son <strong>detenidos en un control vial<\/strong> y que corran el riesgo de resultar heridos o muertos si intentan huir, retroceder o ignorar las instrucciones. Tambi\u00e9n deben <strong>evitar viajar de noche<\/strong> o solos, especialmente en <strong>zonas remotas<\/strong>.<\/p>\n\n\n\n<p>Advierte que si los viajeros se encuentran en problemas, la asistencia y los servicios de emergencia del <strong>gobierno de Estados Unidos<\/strong> son limitados en muchas partes de M\u00e9xico, especialmente aquellas que son remotas, <strong>rurales o de alto riesgo<\/strong>.<\/p>\n\n\n\n<p>En marzo, la <strong>Embajada de Estados Unidos en M\u00e9xico<\/strong> public\u00f3 una advertencia para quienes visitan destinos populares para las vacaciones de primavera, como <strong>Canc\u00fan <\/strong>y <strong>Puerto Pe\u00f1asco<\/strong>. M\u00e1s recientemente, en junio, advirti\u00f3 a los viajeros sobre secuestros relacionados con <strong>aplicaciones de citas<\/strong>.<\/p>\n\n\n\n<p>Algunos de los destinos mexicanos m\u00e1s populares tienen alerta de Nivel 2, que recomienda a los viajeros \u00ab<strong>extremar la precauci\u00f3n<\/strong>\u00ab, como Ciudad de M\u00e9xico y Quintana Roo, donde se encuentran Canc\u00fan, Playa del Carmen y Tulum, report\u00f3 Usa Today.<\/p>\n\n\n\n<h3 class=\"wp-block-heading\">Bajo alerta de Nivel 4 est\u00e1n<\/h3>\n\n\n\n<ul class=\"wp-block-list\">\n<li><strong>Colima<\/strong><\/li>\n\n\n\n<li><strong>Guerrero<\/strong><\/li>\n\n\n\n<li><strong>Michoac\u00e1n<\/strong><\/li>\n\n\n\n<li><strong>Sinaloa<\/strong><\/li>\n\n\n\n<li><strong>Tamaulipas<\/strong><\/li>\n\n\n\n<li><strong>Zacatecas<\/strong><\/li>\n<\/ul>\n\n\n\n<p>debido al riesgo de violencia en el estado por parte de grupos terroristas, c\u00e1rteles, pandillas y organizaciones criminales.<\/p>\n\n\n\n<h2 class=\"wp-block-heading\">Brugada responde a Trump sobre violencia en la CDMX<\/h2>\n\n\n\n<p>Recientemente, el presidente de Estados Unidos, <strong>Donald Trump<\/strong> advirti\u00f3 que la tasa de violencia en Washington DC, es peor que en la <strong>Ciudad de M\u00e9xico<\/strong> a la que calific\u00f3 como \u201cuno de los peores lugares del mundo\u201d.<\/p>\n\n\n\n<p>Ante esto, la jefa de Gobierno, <strong>Clara Brugada<\/strong>, revir\u00f3 las acusaciones y asegur\u00f3 que la tasa de homicidios en la CDMX es <strong>60% menor <\/strong>a la de la capital del pa\u00eds estadounidense.<\/p>\n\n\n\n<p>En conferencia de prensa, la mandataria indic\u00f3 que en 2024, la <strong>tasa de homicidios<\/strong> en la CDMX fue de 10 por cada 100 mil habitantes, cuando en Washington se registraron 27 homicidios por cada 100 mil habitantes.<\/p>\n\n\n\n<p>\u201cEs importante aclarar, seguramente no tuvo la informaci\u00f3n precisa de los homicidios por ciudad y hablando como \u00e9l hablo de la tasa por cada 100 mil habitantes, mencion\u00f3 que en Washington estaba en una situaci\u00f3n peor que la Ciudad de M\u00e9xico o Bogot\u00e1 y el tom\u00f3 una decisi\u00f3n al respecto\u201d, dijo.<\/p>\n\n\n\n<p>A\u00f1ade que \u00abentre los fugitivos puestos bajo custodia estadounidense hoy se encuentran l\u00edderes y administradores de peligrosos c\u00e1rteles de la droga, como los designados como Organizaciones Terroristas Extranjeras y Terroristas Globales Especialmente Designados, incluyendo el C\u00e1rtel de Sinaloa, el C\u00e1rtel Jalisco Nueva Generaci\u00f3n (CJNG) y el C\u00e1rtel del Noreste (anteriormente Los Zetas). Se alega que estos fugitivos importaron a Estados Unidos grandes cantidades de drogas peligrosas, como coca\u00edna, metanfetamina, fentanilo y hero\u00edna\u00bb.<\/p>\n\n\n\n<p>Fuente: <a href=\"https:\/\/www.eluniversal.com.mx\/mundo\/eu-alerta-a-ciudadanos-por-riesgo-de-terrorismo-en-mexico-incluyendo-a-cdmx-solo-recomienda-viajar-a-campeche-y-yucatan\/\" target=\"_blank\" rel=\"noreferrer noopener\">El Universal<\/a><\/p>\n\n\n\n<p><\/p>\n","protected":false},"excerpt":{"rendered":"<p>Seg\u00fan el Departamento de Estado, \u00aben M\u00e9xico se cometen numerosos delitos violentos, como homicidios, secuestros, robos de veh\u00edculos y robos a mano armada\u00bb<\/p>\n","protected":false},"author":1,"featured_media":104656,"comment_status":"open","ping_status":"open","sticky":false,"template":"","format":"standard","meta":{"site-sidebar-layout":"default","site-content-layout":"","ast-site-content-layout":"default","site-content-style":"default","site-sidebar-style":"default","ast-global-header-display":"","ast-banner-title-visibility":"","ast-main-header-display":"","ast-hfb-above-header-display":"","ast-hfb-below-header-display":"","ast-hfb-mobile-header-display":"","site-post-title":"","ast-breadcrumbs-content":"","ast-featured-img":"","footer-sml-layout":"","theme-transparent-header-meta":"","adv-header-id-meta":"","stick-header-meta":"","header-above-stick-meta":"","header-main-stick-meta":"","header-below-stick-meta":"","astra-migrate-meta-layouts":"default","ast-page-background-enabled":"default","ast-page-background-meta":{"desktop":{"background-color":"var(--ast-global-color-4)","background-image":"","background-repeat":"repeat","background-position":"center center","background-size":"auto","background-attachment":"scroll","background-type":"","background-media":"","overlay-type":"","overlay-color":"","overlay-opacity":"","overlay-gradient":""},"tablet":{"background-color":"","background-image":"","background-repeat":"repeat","background-position":"center center","background-size":"auto","background-attachment":"scroll","background-type":"","background-media":"","overlay-type":"","overlay-color":"","overlay-opacity":"","overlay-gradient":""},"mobile":{"background-color":"","background-image":"","background-repeat":"repeat","background-position":"center center","background-size":"auto","background-attachment":"scroll","background-type":"","background-media":"","overlay-type":"","overlay-color":"","overlay-opacity":"","overlay-gradient":""}},"ast-content-background-meta":{"desktop":{"background-color":"var(--ast-global-color-5)","background-image":"","background-repeat":"repeat","background-position":"center center","background-size":"auto","background-attachment":"scroll","background-type":"","background-media":"","overlay-type":"","overlay-color":"","overlay-opacity":"","overlay-gradient":""},"tablet":{"background-color":"var(--ast-global-color-5)","background-image":"","background-repeat":"repeat","background-position":"center center","background-size":"auto","background-attachment":"scroll","background-type":"","background-media":"","overlay-type":"","overlay-color":"","overlay-opacity":"","overlay-gradient":""},"mobile":{"background-color":"var(--ast-global-color-5)","background-image":"","background-repeat":"repeat","background-position":"center center","background-size":"auto","background-attachment":"scroll","background-type":"","background-media":"","overlay-type":"","overlay-color":"","overlay-opacity":"","overlay-gradient":""}},"footnotes":""},"categories":[8],"tags":[40806,6702,40808,40807],"class_list":["post-104655","post","type-post","status-publish","format-standard","has-post-thumbnail","hentry","category-noticias","tag-alerta-eu-de-cdmx","tag-campeche","tag-estados-mas-inseguros","tag-riesgo-de-terrorismo"],"_links":{"self":[{"href":"https:\/\/losperiodistas.com.mx\/portal\/wp-json\/wp\/v2\/posts\/104655","targetHints":{"allow":["GET"]}}],"collection":[{"href":"https:\/\/losperiodistas.com.mx\/portal\/wp-json\/wp\/v2\/posts"}],"about":[{"href":"https:\/\/losperiodistas.com.mx\/portal\/wp-json\/wp\/v2\/types\/post"}],"author":[{"embeddable":true,"href":"https:\/\/losperiodistas.com.mx\/portal\/wp-json\/wp\/v2\/users\/1"}],"replies":[{"embeddable":true,"href":"https:\/\/losperiodistas.com.mx\/portal\/wp-json\/wp\/v2\/comments?post=104655"}],"version-history":[{"count":1,"href":"https:\/\/losperiodistas.com.mx\/portal\/wp-json\/wp\/v2\/posts\/104655\/revisions"}],"predecessor-version":[{"id":104657,"href":"https:\/\/losperiodistas.com.mx\/portal\/wp-json\/wp\/v2\/posts\/104655\/revisions\/104657"}],"wp:featuredmedia":[{"embeddable":true,"href":"https:\/\/losperiodistas.com.mx\/portal\/wp-json\/wp\/v2\/media\/104656"}],"wp:attachment":[{"href":"https:\/\/losperiodistas.com.mx\/portal\/wp-json\/wp\/v2\/media?parent=104655"}],"wp:term":[{"taxonomy":"category","embeddable":true,"href":"https:\/\/losperiodistas.com.mx\/portal\/wp-json\/wp\/v2\/categories?post=104655"},{"taxonomy":"post_tag","embeddable":true,"href":"https:\/\/losperiodistas.com.mx\/portal\/wp-json\/wp\/v2\/tags?post=104655"}],"curies":[{"name":"wp","href":"https:\/\/api.w.org\/{rel}","templated":true}]}}