{"id":104652,"date":"2025-08-12T20:26:33","date_gmt":"2025-08-13T02:26:33","guid":{"rendered":"https:\/\/losperiodistas.com.mx\/portal\/?p=104652"},"modified":"2025-08-12T20:26:34","modified_gmt":"2025-08-13T02:26:34","slug":"fgr-apelara-absolucion-de-israel-vallarta-porque-hay-seis-victimas-de-secuestro-gertz","status":"publish","type":"post","link":"https:\/\/losperiodistas.com.mx\/portal\/fgr-apelara-absolucion-de-israel-vallarta-porque-hay-seis-victimas-de-secuestro-gertz\/","title":{"rendered":"FGR apelar\u00e1 absoluci\u00f3n de Israel Vallarta porque hay seis v\u00edctimas de secuestro: Gertz"},"content":{"rendered":"\n<p><strong>El caso de Israel Vallarta es conocido debido a que el 9 de diciembre de 2005 fue detenido junto con su entonces pareja, la francesa Florence Cassez, en un operativo montado para ser televisado como parte de la estrategia medi\u00e1tica del exsecretario de Seguridad P\u00fablica federal, Genaro Garc\u00eda Luna.<\/strong><\/p>\n\n\n\n<figure class=\"wp-block-image size-large\"><img fetchpriority=\"high\" decoding=\"async\" width=\"1024\" height=\"576\" src=\"https:\/\/losperiodistas.com.mx\/portal\/wp-content\/uploads\/2025\/08\/I-Vallarta-1024x576.png\" alt=\"\" class=\"wp-image-104653\" srcset=\"https:\/\/losperiodistas.com.mx\/portal\/wp-content\/uploads\/2025\/08\/I-Vallarta-1024x576.png 1024w, https:\/\/losperiodistas.com.mx\/portal\/wp-content\/uploads\/2025\/08\/I-Vallarta-300x169.png 300w, https:\/\/losperiodistas.com.mx\/portal\/wp-content\/uploads\/2025\/08\/I-Vallarta-768x432.png 768w, https:\/\/losperiodistas.com.mx\/portal\/wp-content\/uploads\/2025\/08\/I-Vallarta.png 1449w\" sizes=\"(max-width: 1024px) 100vw, 1024px\" \/><figcaption class=\"wp-element-caption\">Israel Vallarta sali\u00f3 de prisi\u00f3n el 1 de agosto. Foto: Cuartoscuro<\/figcaption><\/figure>\n\n\n\n<p class=\"has-vivid-red-color has-text-color has-link-color wp-elements-a8aa03dbcd5da42e2115bc7aed503b00\">Dalila Escobar \/ Proceso<\/p>\n\n\n\n<p>La Fiscal\u00eda General de la Rep\u00fablica (FGR) apelar\u00e1 la absoluci\u00f3n de Israel Vallarta Cisneros, quien estuvo casi 20 a\u00f1os sujeto a prisi\u00f3n preventiva acusado de secuestro, inform\u00f3 el fiscal Alejandro Gertz Manero.&nbsp;<\/p>\n\n\n\n<p>\u201cEn este caso particular, hay seis personas que sufrieron secuestro. Ese secuestro se llev\u00f3 a cabo antes de que hubiera una diligencia, evidentemente, ilegal y abusiva, y esas personas no pueden quedar en estado de indefensi\u00f3n. Es una obligaci\u00f3n moral, es una obligaci\u00f3n \u00e9tica y jur\u00eddica defender a las v\u00edctimas del secuestro\u201d, dijo en conferencia.<\/p>\n\n\n\n<p>\u201cNosotros vamos a proceder, a trav\u00e9s del recurso de apelaci\u00f3n, en la defensa de esas v\u00edctimas y en el derecho que tienen a la reparaci\u00f3n del da\u00f1o\u201d, dado que \u201cel delito de secuestro, despu\u00e9s del homicidio, es el delito m\u00e1s grave que puede sufrir cualquier persona\u201d.&nbsp;<\/p>\n\n\n\n<p>La ma\u00f1ana del 1 de agosto, Israel Vallarta Cisneros abandon\u00f3 el penal federal del Altiplano, debido a que la jueza Tercero de Distrito en materia Penal con sede en Toluca, Estado de M\u00e9xico, Mariana Vieyra Valdez, determin\u00f3 que la FGR no aport\u00f3 pruebas para acreditar que fuera responsable de delincuencia organizada, en la modalidad de secuestro; portaci\u00f3n y posesi\u00f3n de arma de fuego y posesi\u00f3n de cartuchos de uso exclusivo del Ej\u00e9rcito.&nbsp;<\/p>\n\n\n\n<p>El caso de Israel Vallarta es conocido debido a que el 9 de diciembre de 2005 fue detenido junto con su entonces pareja, la francesa Florence Cassez, en un operativo montado para ser televisado como parte de la estrategia medi\u00e1tica del exsecretario de Seguridad P\u00fablica federal, Genaro Garc\u00eda Luna.&nbsp;<\/p>\n\n\n\n<p>El 23 de enero de 2013 la Suprema Corte de Justicia de la Naci\u00f3n (SCJN) orden\u00f3 liberar a Cassez por violaciones al debido proceso al tener por acreditado que la detenci\u00f3n de ambos form\u00f3 parte de un montaje televisivo orquestado por la extinta Agencia Federal de Investigaci\u00f3n (AFI).<\/p>\n\n\n\n<p>Fuente: <a href=\"https:\/\/www.proceso.com.mx\/nacional\/2025\/8\/12\/fgr-apelara-absolucion-de-israel-vallarta-porque-hay-seis-victimas-de-secuestro-gertz-356709.html\" target=\"_blank\" rel=\"noreferrer noopener\">Proceso<\/a><\/p>\n","protected":false},"excerpt":{"rendered":"<p>El caso de Israel Vallarta es conocido debido a que el 9 de diciembre de 2005 fue detenido junto con su entonces pareja, la francesa Florence Cassez, en un operativo montado para ser televisado como parte de la estrategia medi\u00e1tica del exsecretario de Seguridad P\u00fablica federal, Genaro Garc\u00eda Luna.<\/p>\n","protected":false},"author":1,"featured_media":104653,"comment_status":"open","ping_status":"open","sticky":false,"template":"","format":"standard","meta":{"site-sidebar-layout":"default","site-content-layout":"","ast-site-content-layout":"default","site-content-style":"default","site-sidebar-style":"default","ast-global-header-display":"","ast-banner-title-visibility":"","ast-main-header-display":"","ast-hfb-above-header-display":"","ast-hfb-below-header-display":"","ast-hfb-mobile-header-display":"","site-post-title":"","ast-breadcrumbs-content":"","ast-featured-img":"","footer-sml-layout":"","theme-transparent-header-meta":"","adv-header-id-meta":"","stick-header-meta":"","header-above-stick-meta":"","header-main-stick-meta":"","header-below-stick-meta":"","astra-migrate-meta-layouts":"default","ast-page-background-enabled":"default","ast-page-background-meta":{"desktop":{"background-color":"var(--ast-global-color-4)","background-image":"","background-repeat":"repeat","background-position":"center center","background-size":"auto","background-attachment":"scroll","background-type":"","background-media":"","overlay-type":"","overlay-color":"","overlay-opacity":"","overlay-gradient":""},"tablet":{"background-color":"","background-image":"","background-repeat":"repeat","background-position":"center center","background-size":"auto","background-attachment":"scroll","background-type":"","background-media":"","overlay-type":"","overlay-color":"","overlay-opacity":"","overlay-gradient":""},"mobile":{"background-color":"","background-image":"","background-repeat":"repeat","background-position":"center center","background-size":"auto","background-attachment":"scroll","background-type":"","background-media":"","overlay-type":"","overlay-color":"","overlay-opacity":"","overlay-gradient":""}},"ast-content-background-meta":{"desktop":{"background-color":"var(--ast-global-color-5)","background-image":"","background-repeat":"repeat","background-position":"center center","background-size":"auto","background-attachment":"scroll","background-type":"","background-media":"","overlay-type":"","overlay-color":"","overlay-opacity":"","overlay-gradient":""},"tablet":{"background-color":"var(--ast-global-color-5)","background-image":"","background-repeat":"repeat","background-position":"center center","background-size":"auto","background-attachment":"scroll","background-type":"","background-media":"","overlay-type":"","overlay-color":"","overlay-opacity":"","overlay-gradient":""},"mobile":{"background-color":"var(--ast-global-color-5)","background-image":"","background-repeat":"repeat","background-position":"center center","background-size":"auto","background-attachment":"scroll","background-type":"","background-media":"","overlay-type":"","overlay-color":"","overlay-opacity":"","overlay-gradient":""}},"footnotes":""},"categories":[8],"tags":[3572,11647,14912,3843,12267],"class_list":["post-104652","post","type-post","status-publish","format-standard","has-post-thumbnail","hentry","category-noticias","tag-fgr","tag-florence-cassez","tag-garcia-luna","tag-gertz-manero","tag-israel-vallarta"],"_links":{"self":[{"href":"https:\/\/losperiodistas.com.mx\/portal\/wp-json\/wp\/v2\/posts\/104652","targetHints":{"allow":["GET"]}}],"collection":[{"href":"https:\/\/losperiodistas.com.mx\/portal\/wp-json\/wp\/v2\/posts"}],"about":[{"href":"https:\/\/losperiodistas.com.mx\/portal\/wp-json\/wp\/v2\/types\/post"}],"author":[{"embeddable":true,"href":"https:\/\/losperiodistas.com.mx\/portal\/wp-json\/wp\/v2\/users\/1"}],"replies":[{"embeddable":true,"href":"https:\/\/losperiodistas.com.mx\/portal\/wp-json\/wp\/v2\/comments?post=104652"}],"version-history":[{"count":1,"href":"https:\/\/losperiodistas.com.mx\/portal\/wp-json\/wp\/v2\/posts\/104652\/revisions"}],"predecessor-version":[{"id":104654,"href":"https:\/\/losperiodistas.com.mx\/portal\/wp-json\/wp\/v2\/posts\/104652\/revisions\/104654"}],"wp:featuredmedia":[{"embeddable":true,"href":"https:\/\/losperiodistas.com.mx\/portal\/wp-json\/wp\/v2\/media\/104653"}],"wp:attachment":[{"href":"https:\/\/losperiodistas.com.mx\/portal\/wp-json\/wp\/v2\/media?parent=104652"}],"wp:term":[{"taxonomy":"category","embeddable":true,"href":"https:\/\/losperiodistas.com.mx\/portal\/wp-json\/wp\/v2\/categories?post=104652"},{"taxonomy":"post_tag","embeddable":true,"href":"https:\/\/losperiodistas.com.mx\/portal\/wp-json\/wp\/v2\/tags?post=104652"}],"curies":[{"name":"wp","href":"https:\/\/api.w.org\/{rel}","templated":true}]}}