{"id":104648,"date":"2025-08-12T20:07:00","date_gmt":"2025-08-13T02:07:00","guid":{"rendered":"https:\/\/losperiodistas.com.mx\/portal\/?p=104648"},"modified":"2025-08-12T20:07:02","modified_gmt":"2025-08-13T02:07:02","slug":"tras-acusaciones-de-eu-contra-empresarios-mexicanos-por-soborno-a-pemex-catean-propiedad-de-excandidato-panista-y-sacan-bolsas-llenas-de-documentos","status":"publish","type":"post","link":"https:\/\/losperiodistas.com.mx\/portal\/tras-acusaciones-de-eu-contra-empresarios-mexicanos-por-soborno-a-pemex-catean-propiedad-de-excandidato-panista-y-sacan-bolsas-llenas-de-documentos\/","title":{"rendered":"Tras acusaciones de EU contra empresarios mexicanos por soborno a Pemex, catean propiedad de excandidato panista y sacan bolsas llenas de documentos"},"content":{"rendered":"\n<p>La propiedad est\u00e1 vinculada al excandidato panista al gobierno de Campeche y empresario Mario \u201c\u00c1\u201d (o M.\u00c1.L.), quien actualmente reside en Estados Unidos.<\/p>\n\n\n\n<figure class=\"wp-block-image size-large\"><img fetchpriority=\"high\" decoding=\"async\" width=\"1024\" height=\"683\" src=\"https:\/\/losperiodistas.com.mx\/portal\/wp-content\/uploads\/2025\/08\/CateoPropiedad-1024x683.png\" alt=\"\" class=\"wp-image-104649\" srcset=\"https:\/\/losperiodistas.com.mx\/portal\/wp-content\/uploads\/2025\/08\/CateoPropiedad-1024x683.png 1024w, https:\/\/losperiodistas.com.mx\/portal\/wp-content\/uploads\/2025\/08\/CateoPropiedad-300x200.png 300w, https:\/\/losperiodistas.com.mx\/portal\/wp-content\/uploads\/2025\/08\/CateoPropiedad-768x512.png 768w, https:\/\/losperiodistas.com.mx\/portal\/wp-content\/uploads\/2025\/08\/CateoPropiedad.png 1200w\" sizes=\"(max-width: 1024px) 100vw, 1024px\" \/><figcaption class=\"wp-element-caption\">Se cate\u00f3 propiedad vinculada a empresario acusado de sobornos. Foto: Especial (Presidencia\/Captura de videos\/Reforma) <\/figcaption><\/figure>\n\n\n\n<p class=\"has-vivid-red-color has-text-color has-link-color wp-elements-f90dfb141cfb260ce5462f9a490e089a\">Enya M. Contreras \/ El Imparcial<\/p>\n\n\n\n<p>En un operativo realizado la madrugada de este lunes, personal de la<strong> Fiscal\u00eda General de la Rep\u00fablica (FGR) <\/strong>cate\u00f3 un predio ubicado en la zona exclusiva \u201cLomas del Castillo\u201d de la ciudad.<\/p>\n\n\n\n<p>La propiedad est\u00e1 vinculada al excandidato panista al gobierno de Campeche y empresario <strong>Mario \u201c\u00c1\u201d (o M.\u00c1.L.)<\/strong>, quien actualmente reside en Estados Unidos.<\/p>\n\n\n\n<p>Seg\u00fan <em>El Universal<\/em>, el cateo fue realizado por personal de la FGR, que fue asistido por elementos de la <strong>Guardia Nacional<\/strong> y de la Fiscal\u00eda General del Estado de Campeche (<strong>FGECAM<\/strong>). El operativo comenz\u00f3 a la medianoche y finaliz\u00f3 alrededor de las 2 de la ma\u00f1ana.<\/p>\n\n\n\n<p>Durante la diligencia, las autoridades federales sacaron <strong>varias bolsas negras con documentos y objetos de la vivienda<\/strong>.<\/p>\n\n\n\n<p>La propiedad, en la que actualmente reside el empresario <strong>Jos\u00e9 G.G.P.<\/strong>, est\u00e1 siendo investigada debido a su vinculaci\u00f3n con <strong>Mario \u201c\u00c1\u201d <\/strong>y su presunta implicaci\u00f3n en un caso de <strong>sobornos<\/strong>. La vivienda fue resguardada por los elementos de seguridad durante el operativo.<\/p>\n\n\n\n<h2 class=\"wp-block-heading\">\u00bfQui\u00e9nes est\u00e1n involucrados en el caso?<\/h2>\n\n\n\n<p><strong>Mario \u201c\u00c1\u201d<\/strong> es acusado por el <strong>Departamento de Justicia de Estados Unidos<\/strong> junto con<strong> Ram\u00f3n Alejandro Roviroza Mart\u00ednez<\/strong>, un empresario mexicano.<\/p>\n\n\n\n<p>Ambos presuntamente sobornaron a funcionarios de<strong> Petr\u00f3leos Mexicanos (Pemex) <\/strong>entre 2019 y 2021, con el objetivo de <strong>manipular licitaciones y obtener contratos lucrativos<\/strong>. Se les atribuye el <strong>pago de 150 mil d\u00f3lares en sobornos <\/strong>para favorecer a empresas asociadas a <strong>Roviroza Mart\u00ednez<\/strong>.<\/p>\n\n\n\n<figure class=\"wp-block-image size-large\"><img decoding=\"async\" width=\"1024\" height=\"576\" src=\"https:\/\/losperiodistas.com.mx\/portal\/wp-content\/uploads\/2025\/08\/PemexOficinas-1024x576.png\" alt=\"\" class=\"wp-image-104650\" srcset=\"https:\/\/losperiodistas.com.mx\/portal\/wp-content\/uploads\/2025\/08\/PemexOficinas-1024x576.png 1024w, https:\/\/losperiodistas.com.mx\/portal\/wp-content\/uploads\/2025\/08\/PemexOficinas-300x169.png 300w, https:\/\/losperiodistas.com.mx\/portal\/wp-content\/uploads\/2025\/08\/PemexOficinas-768x432.png 768w, https:\/\/losperiodistas.com.mx\/portal\/wp-content\/uploads\/2025\/08\/PemexOficinas.png 1200w\" sizes=\"(max-width: 1024px) 100vw, 1024px\" \/><figcaption class=\"wp-element-caption\">EEUU revel\u00f3 un esquema de corrupci\u00f3n en Pemex: dos empresarios mexicanos sobornaron a funcionarios con relojes Hublot, bolsos Louis Vuitton y efectivo para manipular licitaciones y obtener contratos por $2.5 millones de d\u00f3lares. Foto: Archivo (Raquel Cunha\/REUTERS)<\/figcaption><\/figure>\n\n\n\n<h2 class=\"wp-block-heading\">Sigue la investigaci\u00f3n<\/h2>\n\n\n\n<p>El caso sigue siendo investigado, y las autoridades contin\u00faan con el <strong>proceso judicial <\/strong>correspondiente, mientras que las propiedades vinculadas al caso est\u00e1n siendo objeto de diligencias para esclarecer los hechos.<\/p>\n\n\n\n<p>El seguimiento del caso por parte de las autoridades estadounidenses tambi\u00e9n a\u00f1ade un componente internacional a la investigaci\u00f3n, lo que aumenta la relevancia del caso en el contexto de la lucha contra la corrupci\u00f3n en el sector p\u00fablico.<\/p>\n\n\n\n<p>Fuente: <a href=\"https:\/\/www.elimparcial.com\/mexico\/2025\/08\/12\/tras-acusaciones-de-eeuu-contra-dos-empresarios-mexicanos-senalados-por-sobornos-en-pemex-catean-propiedad-del-tambien-excandidato-panista-y-sacan-bolsas-llenas-de-documentos\/\" target=\"_blank\" rel=\"noreferrer noopener\">El Imparcial<\/a><\/p>\n","protected":false},"excerpt":{"rendered":"<p>La propiedad est\u00e1 vinculada al excandidato panista al gobierno de Campeche y empresario Mario \u201c\u00c1\u201d (o M.\u00c1.L.), quien actualmente reside en Estados Unidos.<\/p>\n","protected":false},"author":1,"featured_media":104649,"comment_status":"open","ping_status":"open","sticky":false,"template":"","format":"standard","meta":{"site-sidebar-layout":"default","site-content-layout":"","ast-site-content-layout":"default","site-content-style":"default","site-sidebar-style":"default","ast-global-header-display":"","ast-banner-title-visibility":"","ast-main-header-display":"","ast-hfb-above-header-display":"","ast-hfb-below-header-display":"","ast-hfb-mobile-header-display":"","site-post-title":"","ast-breadcrumbs-content":"","ast-featured-img":"","footer-sml-layout":"","theme-transparent-header-meta":"","adv-header-id-meta":"","stick-header-meta":"","header-above-stick-meta":"","header-main-stick-meta":"","header-below-stick-meta":"","astra-migrate-meta-layouts":"default","ast-page-background-enabled":"default","ast-page-background-meta":{"desktop":{"background-color":"var(--ast-global-color-4)","background-image":"","background-repeat":"repeat","background-position":"center center","background-size":"auto","background-attachment":"scroll","background-type":"","background-media":"","overlay-type":"","overlay-color":"","overlay-opacity":"","overlay-gradient":""},"tablet":{"background-color":"","background-image":"","background-repeat":"repeat","background-position":"center center","background-size":"auto","background-attachment":"scroll","background-type":"","background-media":"","overlay-type":"","overlay-color":"","overlay-opacity":"","overlay-gradient":""},"mobile":{"background-color":"","background-image":"","background-repeat":"repeat","background-position":"center center","background-size":"auto","background-attachment":"scroll","background-type":"","background-media":"","overlay-type":"","overlay-color":"","overlay-opacity":"","overlay-gradient":""}},"ast-content-background-meta":{"desktop":{"background-color":"var(--ast-global-color-5)","background-image":"","background-repeat":"repeat","background-position":"center center","background-size":"auto","background-attachment":"scroll","background-type":"","background-media":"","overlay-type":"","overlay-color":"","overlay-opacity":"","overlay-gradient":""},"tablet":{"background-color":"var(--ast-global-color-5)","background-image":"","background-repeat":"repeat","background-position":"center center","background-size":"auto","background-attachment":"scroll","background-type":"","background-media":"","overlay-type":"","overlay-color":"","overlay-opacity":"","overlay-gradient":""},"mobile":{"background-color":"var(--ast-global-color-5)","background-image":"","background-repeat":"repeat","background-position":"center center","background-size":"auto","background-attachment":"scroll","background-type":"","background-media":"","overlay-type":"","overlay-color":"","overlay-opacity":"","overlay-gradient":""}},"footnotes":""},"categories":[8],"tags":[6702,40805,26115,1706],"class_list":["post-104648","post","type-post","status-publish","format-standard","has-post-thumbnail","hentry","category-noticias","tag-campeche","tag-cateo-de-propiedad","tag-garcia-harfuch","tag-pemex"],"_links":{"self":[{"href":"https:\/\/losperiodistas.com.mx\/portal\/wp-json\/wp\/v2\/posts\/104648","targetHints":{"allow":["GET"]}}],"collection":[{"href":"https:\/\/losperiodistas.com.mx\/portal\/wp-json\/wp\/v2\/posts"}],"about":[{"href":"https:\/\/losperiodistas.com.mx\/portal\/wp-json\/wp\/v2\/types\/post"}],"author":[{"embeddable":true,"href":"https:\/\/losperiodistas.com.mx\/portal\/wp-json\/wp\/v2\/users\/1"}],"replies":[{"embeddable":true,"href":"https:\/\/losperiodistas.com.mx\/portal\/wp-json\/wp\/v2\/comments?post=104648"}],"version-history":[{"count":1,"href":"https:\/\/losperiodistas.com.mx\/portal\/wp-json\/wp\/v2\/posts\/104648\/revisions"}],"predecessor-version":[{"id":104651,"href":"https:\/\/losperiodistas.com.mx\/portal\/wp-json\/wp\/v2\/posts\/104648\/revisions\/104651"}],"wp:featuredmedia":[{"embeddable":true,"href":"https:\/\/losperiodistas.com.mx\/portal\/wp-json\/wp\/v2\/media\/104649"}],"wp:attachment":[{"href":"https:\/\/losperiodistas.com.mx\/portal\/wp-json\/wp\/v2\/media?parent=104648"}],"wp:term":[{"taxonomy":"category","embeddable":true,"href":"https:\/\/losperiodistas.com.mx\/portal\/wp-json\/wp\/v2\/categories?post=104648"},{"taxonomy":"post_tag","embeddable":true,"href":"https:\/\/losperiodistas.com.mx\/portal\/wp-json\/wp\/v2\/tags?post=104648"}],"curies":[{"name":"wp","href":"https:\/\/api.w.org\/{rel}","templated":true}]}}