{"id":104638,"date":"2025-08-12T12:00:33","date_gmt":"2025-08-12T18:00:33","guid":{"rendered":"https:\/\/losperiodistas.com.mx\/portal\/?p=104638"},"modified":"2025-08-12T12:00:38","modified_gmt":"2025-08-12T18:00:38","slug":"secretario-de-defensa-de-eeuu-lanza-advertencia-a-carteles-mexicanos-sabemos-mas-de-lo-que-piensan-infobae","status":"publish","type":"post","link":"https:\/\/losperiodistas.com.mx\/portal\/secretario-de-defensa-de-eeuu-lanza-advertencia-a-carteles-mexicanos-sabemos-mas-de-lo-que-piensan-infobae\/","title":{"rendered":"Secretario de Defensa de EEUU lanza advertencia a c\u00e1rteles mexicanos: \u201cSabemos m\u00e1s de lo que piensan\u201d | Infobae"},"content":{"rendered":"\n<h2 class=\"wp-block-heading\">Pete Hegseth eludi\u00f3 precisar si se contempla enviar tropas o realizar ataques con drones en territorio mexicano<\/h2>\n\n\n\n<p><img fetchpriority=\"high\" decoding=\"async\" height=\"1080\" width=\"1920\" src=\"https:\/\/www.infobae.com\/resizer\/v2\/FK5QTNMALNFY5M7JKPMR3BJVPY.jpg?auth=a6719f8c7d7dcc445e513cb5335e36a947feb93fc0b4d87450ad05fb1cc571a9&amp;smart=true&amp;width=350&amp;height=197&amp;quality=85\" alt=\"Hay diez organizaciones criminales preponderantes\">Hay diez organizaciones criminales preponderantes en el pa\u00eds, aunque surgieron nuevas c\u00e9lulas delictivas. Imagen: Infobae M\u00e9xico<\/p>\n\n\n\n<p class=\"has-vivid-red-color has-text-color has-link-color has-medium-font-size wp-elements-10e8dfcb7714d8c8df584bb016bdfeb7\"><strong>Por Anayeli Tapia Sandoval \/ Infobae<\/strong><\/p>\n\n\n\n<p><\/p>\n\n\n\n<p>El&nbsp;<strong>secretario de Defensa de Estados Unidos, Pete Hegseth,&nbsp;<\/strong>advirti\u00f3 p\u00fablicamente a los&nbsp;<strong>c\u00e1rteles mexicanos<\/strong>&nbsp;que la administraci\u00f3n estadounidense vigila de manera sostenida a los grupos criminales y afirm\u00f3: \u201cSabemos m\u00e1s de lo que ellos piensan\u201d.<\/p>\n\n\n\n<p><a href=\"https:\/\/www.infobae.com\/mexico\/2025\/08\/12\/quienes-son-mario-alberto-avila-y-alexandro-rovirosa-empresarios-acusados-en-texas-por-sobornos-millonarios-en-pemex\/\" target=\"_blank\" rel=\"noreferrer noopener\"><\/a><\/p>\n\n\n\n<figure class=\"wp-block-image\"><a href=\"https:\/\/www.infobae.com\/mexico\/2025\/08\/12\/quienes-son-mario-alberto-avila-y-alexandro-rovirosa-empresarios-acusados-en-texas-por-sobornos-millonarios-en-pemex\/\" target=\"_blank\" rel=\"noreferrer noopener\"><img decoding=\"async\" src=\"https:\/\/www.infobae.com\/resizer\/v2\/HTXHRX4XLJHZ7KXFPO2GHSC2YA.jpg?auth=a58ad521f7edd17057af5790b944ef2d25e0d83a3623dcd2c16dd7a63a391a67&amp;smart=true&amp;width=256&amp;height=140&amp;quality=85\" alt=\"\u00bfQui\u00e9nes son Mario Alberto \u00c1vila y Alexandro Rovirosa, empresarios acusados en Texas por sobornos millonarios en Pemex?\"\/><\/a><\/figure>\n\n\n\n<p><a href=\"https:\/\/www.infobae.com\/mexico\/2025\/08\/12\/quienes-son-mario-alberto-avila-y-alexandro-rovirosa-empresarios-acusados-en-texas-por-sobornos-millonarios-en-pemex\/\" target=\"_blank\" rel=\"noreferrer noopener\">Te puede interesar:<strong>\u00bfQui\u00e9nes son Mario Alberto \u00c1vila y Alexandro Rovirosa, empresarios acusados en Texas por sobornos millonarios en Pemex?<\/strong><\/a><a href=\"https:\/\/www.infobae.com\/mexico\/2025\/08\/12\/quienes-son-mario-alberto-avila-y-alexandro-rovirosa-empresarios-acusados-en-texas-por-sobornos-millonarios-en-pemex\/\" target=\"_blank\" rel=\"noreferrer noopener\"><\/a><\/p>\n\n\n\n<p>Las declaraciones se produjeron durante una entrevista con Laura Ingraham transmitida por la cadena<em>&nbsp;Fox News<\/em>, en la que Hegseth reafirm\u00f3 que el&nbsp;<strong>combate a los c\u00e1rteles<\/strong>&nbsp;representa una prioridad tanto presidencial como del Departamento de Defensa.<\/p>\n\n\n\n<p>\u201cEstamos observando.<strong>&nbsp;Sabemos un poco m\u00e1s de lo que ellos piensan<\/strong>&nbsp;<strong>que podemos saber de ellos<\/strong>. Hemos pasado mucho tiempo vigil\u00e1ndolos\u201d, sostuvo el funcionario al ser consultado sobre la pol\u00edtica de Washington respecto a los c\u00e1rteles de la droga.<\/p>\n\n\n\n<p><a href=\"https:\/\/www.infobae.com\/mexico\/2025\/08\/12\/el-presunto-correo-que-el-mencho-mando-a-sedena-vinculaba-a-empresario-ligado-a-sobornos-en-pemex-con-los-zetas-y-ofrecia-10-mdd-por-el\/\" target=\"_blank\" rel=\"noreferrer noopener\"><\/a><\/p>\n\n\n\n<figure class=\"wp-block-image\"><a href=\"https:\/\/www.infobae.com\/mexico\/2025\/08\/12\/el-presunto-correo-que-el-mencho-mando-a-sedena-vinculaba-a-empresario-ligado-a-sobornos-en-pemex-con-los-zetas-y-ofrecia-10-mdd-por-el\/\" target=\"_blank\" rel=\"noreferrer noopener\"><img decoding=\"async\" src=\"https:\/\/www.infobae.com\/resizer\/v2\/XXPLQRFRYFGIRP6BGTT2MCUVJU.jpg?auth=e2a6dba8f7798cf32d5a22acbeace768ac5e9aaf6444401db8d6b0228ef6bd52&amp;smart=true&amp;width=256&amp;height=140&amp;quality=85\" alt=\"El presunto correo que El Mencho mand\u00f3 a Sedena: vinculaba a empresario ligado a sobornos en Pemex con Los Zetas y ofrec\u00eda 10 mdd por \u00e9l\"\/><\/a><\/figure>\n\n\n\n<p><a href=\"https:\/\/www.infobae.com\/mexico\/2025\/08\/12\/el-presunto-correo-que-el-mencho-mando-a-sedena-vinculaba-a-empresario-ligado-a-sobornos-en-pemex-con-los-zetas-y-ofrecia-10-mdd-por-el\/\" target=\"_blank\" rel=\"noreferrer noopener\">Te puede interesar:<strong>El presunto correo que El Mencho mand\u00f3 a Sedena: vinculaba a empresario ligado a sobornos en Pemex con Los Zetas y ofrec\u00eda 10 mdd por \u00e9l<\/strong><\/a><a href=\"https:\/\/www.infobae.com\/mexico\/2025\/08\/12\/el-presunto-correo-que-el-mencho-mando-a-sedena-vinculaba-a-empresario-ligado-a-sobornos-en-pemex-con-los-zetas-y-ofrecia-10-mdd-por-el\/\" target=\"_blank\" rel=\"noreferrer noopener\"><\/a><\/p>\n\n\n\n<p>El secretario subray\u00f3 que actuar\u00e1n contra los c\u00e1rteles siguiendo \u00f3rdenes del presidente<strong>&nbsp;Donald Trump,<\/strong>&nbsp;aunque evit\u00f3 confirmar si se considera la opci\u00f3n de enviar tropas estadounidenses a<strong>&nbsp;territorio mexicano.<\/strong><img decoding=\"async\" alt=\"Pete Hegseth, Secretario de Defensa\" height=\"4333\" src=\"https:\/\/www.infobae.com\/resizer\/v2\/TIHJJNKRLZH3ZAEIZS44PYW2DM.JPG?auth=2f17263d1b40d320846050a5f15354514505af53de82a0bbe19d267c2b01b62d&amp;smart=true&amp;width=350&amp;height=233&amp;quality=85\" width=\"6500\">Pete Hegseth, Secretario de Defensa de EEUU. REUTERS\/Annabelle Gordon<\/p>\n\n\n\n<p>\u201cNo puedo revelar nada, pero no estoy destapando mis cartas de que habr\u00e1 soldados estadounidenses en M\u00e9xico. Eso no es lo que estoy diciendo\u201d, afirm\u00f3 tras preguntas directas de Ingraham sobre la posibilidad de una&nbsp;<strong>acci\u00f3n militar o ataques con drones<\/strong>.<\/p>\n\n\n\n<p><a href=\"https:\/\/www.infobae.com\/mexico\/2025\/08\/12\/fgr-se-dice-sorprendida-por-nuevas-medidas-para-el-abogado-de-el-chapo-y-el-aislamiento-de-caro-quintero\/\" target=\"_blank\" rel=\"noreferrer noopener\"><\/a><\/p>\n\n\n\n<figure class=\"wp-block-image\"><a href=\"https:\/\/www.infobae.com\/mexico\/2025\/08\/12\/fgr-se-dice-sorprendida-por-nuevas-medidas-para-el-abogado-de-el-chapo-y-el-aislamiento-de-caro-quintero\/\" target=\"_blank\" rel=\"noreferrer noopener\"><img decoding=\"async\" src=\"https:\/\/www.infobae.com\/resizer\/v2\/BV46FKKO6RENNOVYFECD5RI5JQ.jpg?auth=2f16a74a538832c9b956abbd24b28e1e91bbf691d1a6461f813fa9cce8444c97&amp;smart=true&amp;width=258&amp;height=140&amp;quality=85\" alt=\"FGR se dice \u201csorprendida\u201d por nuevas medidas para el abogado de \u201cEl Chapo\u201d y el aislamiento de Caro Quintero\"\/><\/a><\/figure>\n\n\n\n<p><a href=\"https:\/\/www.infobae.com\/mexico\/2025\/08\/12\/fgr-se-dice-sorprendida-por-nuevas-medidas-para-el-abogado-de-el-chapo-y-el-aislamiento-de-caro-quintero\/\" target=\"_blank\" rel=\"noreferrer noopener\">Te puede interesar:<strong>FGR se dice \u201csorprendida\u201d por nuevas medidas para el abogado de \u201cEl Chapo\u201d y el aislamiento de Caro Quintero<\/strong><\/a><a href=\"https:\/\/www.infobae.com\/mexico\/2025\/08\/12\/fgr-se-dice-sorprendida-por-nuevas-medidas-para-el-abogado-de-el-chapo-y-el-aislamiento-de-caro-quintero\/\" target=\"_blank\" rel=\"noreferrer noopener\"><\/a><\/p>\n\n\n\n<p>Hegseth tambi\u00e9n declar\u00f3: \u201cCuando tenga sentido, por \u00f3rdenes del presidente, actuaremos para defender al pueblo estadounidense\u201d, sin entrar en m\u00e1s detalles.<\/p>\n\n\n\n<p>El secretario a\u00f1adi\u00f3 que colabora con distintas agencias del gobierno estadounidense y<strong>&nbsp;socios en el<\/strong>&nbsp;<strong>hemisferio occidental&nbsp;<\/strong>para detectar y abordar las actividades de los c\u00e1rteles. Tambi\u00e9n recalc\u00f3 que&nbsp;<strong>ya no existe una postura pasiva<\/strong>&nbsp;frente a estas organizaciones: \u201cYa no estamos de brazos cruzados ante esto\u201d.<\/p>\n\n\n\n<p>Las declaraciones del secretario de Defensa ocurren en un contexto de tensiones diplom\u00e1ticas, luego de que medios estadounidenses publicaran que el presidente Trump firm\u00f3 una&nbsp;<strong>orden secreta&nbsp;<\/strong>para autorizar el uso de la fuerza militar contra ciertos c\u00e1rteles.<\/p>\n\n\n\n<p>Consultado sobre esa supuesta orden, Hegseth respondi\u00f3: \u201cNo comentar\u00e9 sobre lo que dijo el Times\u201d, en referencia a la informaci\u00f3n difundida por&nbsp;<em>The New York Times<\/em>, aunque reiter\u00f3 que \u201cen el momento oportuno, bajo la directriz del presidente Trump,<strong>&nbsp;tomaremos acciones&nbsp;<\/strong>para defender al pueblo estadounidense\u201d.<\/p>\n\n\n\n<h2 class=\"wp-block-heading\">M\u00e9xico rechaza una eventual intervenci\u00f3n militar<\/h2>\n\n\n\n<p>Ante estos acontecimientos, el pasado viernes el Gobierno de M\u00e9xico respondi\u00f3 categ\u00f3ricamente. La Secretar\u00eda de Relaciones Exteriores (SRE) emiti\u00f3 un comunicado en el que asegur\u00f3:&nbsp;<strong>\u201cM\u00e9xico no aceptar\u00eda la participaci\u00f3n de fuerzas militares estadounidenses en nuestro territorio\u201d.<\/strong><img decoding=\"async\" alt=\"La presidenta de M\u00e9xico, Claudia\" height=\"533\" src=\"https:\/\/www.infobae.com\/resizer\/v2\/U3CG74MLLFHBBOJ5ONC4Y76ULQ.JPG?auth=2bb749ad125206a594aeb3f75c9339a2362d0f894ed3fd84b3811f9fcef61b6e&amp;smart=true&amp;width=350&amp;height=233&amp;quality=85\" width=\"800\">La presidenta de M\u00e9xico, Claudia Sheinbaum, ha descartado intervenciones militares en territorio nacional. REUTERS\/Raquel Cunha<\/p>\n\n\n\n<p>La canciller\u00eda subray\u00f3 que cualquier colaboraci\u00f3n en materia de seguridad con EEUU se realiza con&nbsp;<strong>\u201crespeto irrestricto\u201d a la soberan\u00eda de cada pa\u00eds.<\/strong><\/p>\n\n\n\n<p>Por su parte, durante su conferencia de prensa matutina,<strong>&nbsp;la presidenta mexicana, Claudia Sheinbaum,<\/strong>&nbsp;tambi\u00e9n&nbsp;<strong>descart\u00f3 la posibilidad de una intervenci\u00f3n militar:&nbsp;<\/strong>\u201cEstados Unidos no va a venir a M\u00e9xico con los militares; cooperamos, colaboramos, pero no va a haber invasi\u00f3n, eso est\u00e1 descartado, absolutamente descartado y, adem\u00e1s de que lo hemos manifestado en todas las llamadas, no est\u00e1 permitido, ni es parte de ning\u00fan acuerdo\u201d.<\/p>\n\n\n\n<p>En tanto, la embajada de Estados Unidos en M\u00e9xico se\u00f1al\u00f3 en un pronunciamiento que ambos gobiernos \u201cusar\u00e1n todas las herramientas a nuestra disposici\u00f3n para proteger a nuestros pueblos, trabajando de forma colaborativa, como dos aliados soberanos\u201d.<\/p>\n\n\n\n<p>El gobierno estadounidense ha mantenido presi\u00f3n para reforzar la&nbsp;<strong>lucha contra los c\u00e1rteles<\/strong>, en medio de nuevas cifras r\u00e9cord de decomisos de&nbsp;<strong>fentanilo&nbsp;<\/strong>y&nbsp;<strong>detenciones&nbsp;<\/strong>relacionadas con el tr\u00e1fico de drogas.<\/p>\n\n\n\n<p>Fuente: <a href=\"https:\/\/www.infobae.com\/mexico\/2025\/08\/12\/secretario-de-defensa-de-eeuu-lanza-advertencia-a-carteles-mexicanos-sabemos-mas-de-lo-que-piensan\/\">https:\/\/www.infobae.com\/mexico\/2025\/08\/12\/secretario-de-defensa-de-eeuu-lanza-advertencia-a-carteles-mexicanos-sabemos-mas-de-lo-que-piensan\/<\/a><\/p>\n","protected":false},"excerpt":{"rendered":"<p>Pete Hegseth eludi\u00f3 precisar si se contempla enviar tropas o realizar ataques con drones en territorio mexicano Hay diez organizaciones [&hellip;]<\/p>\n","protected":false},"author":1,"featured_media":104639,"comment_status":"open","ping_status":"open","sticky":false,"template":"","format":"standard","meta":{"site-sidebar-layout":"default","site-content-layout":"","ast-site-content-layout":"default","site-content-style":"default","site-sidebar-style":"default","ast-global-header-display":"","ast-banner-title-visibility":"","ast-main-header-display":"","ast-hfb-above-header-display":"","ast-hfb-below-header-display":"","ast-hfb-mobile-header-display":"","site-post-title":"","ast-breadcrumbs-content":"","ast-featured-img":"","footer-sml-layout":"","theme-transparent-header-meta":"","adv-header-id-meta":"","stick-header-meta":"","header-above-stick-meta":"","header-main-stick-meta":"","header-below-stick-meta":"","astra-migrate-meta-layouts":"default","ast-page-background-enabled":"default","ast-page-background-meta":{"desktop":{"background-color":"var(--ast-global-color-4)","background-image":"","background-repeat":"repeat","background-position":"center center","background-size":"auto","background-attachment":"scroll","background-type":"","background-media":"","overlay-type":"","overlay-color":"","overlay-opacity":"","overlay-gradient":""},"tablet":{"background-color":"","background-image":"","background-repeat":"repeat","background-position":"center center","background-size":"auto","background-attachment":"scroll","background-type":"","background-media":"","overlay-type":"","overlay-color":"","overlay-opacity":"","overlay-gradient":""},"mobile":{"background-color":"","background-image":"","background-repeat":"repeat","background-position":"center center","background-size":"auto","background-attachment":"scroll","background-type":"","background-media":"","overlay-type":"","overlay-color":"","overlay-opacity":"","overlay-gradient":""}},"ast-content-background-meta":{"desktop":{"background-color":"var(--ast-global-color-5)","background-image":"","background-repeat":"repeat","background-position":"center center","background-size":"auto","background-attachment":"scroll","background-type":"","background-media":"","overlay-type":"","overlay-color":"","overlay-opacity":"","overlay-gradient":""},"tablet":{"background-color":"var(--ast-global-color-5)","background-image":"","background-repeat":"repeat","background-position":"center center","background-size":"auto","background-attachment":"scroll","background-type":"","background-media":"","overlay-type":"","overlay-color":"","overlay-opacity":"","overlay-gradient":""},"mobile":{"background-color":"var(--ast-global-color-5)","background-image":"","background-repeat":"repeat","background-position":"center center","background-size":"auto","background-attachment":"scroll","background-type":"","background-media":"","overlay-type":"","overlay-color":"","overlay-opacity":"","overlay-gradient":""}},"footnotes":""},"categories":[8],"tags":[15846,40802,33820],"class_list":["post-104638","post","type-post","status-publish","format-standard","has-post-thumbnail","hentry","category-noticias","tag-carteles-mexicanos","tag-departamento-de-defensa-eeuu","tag-pete-hegseth"],"_links":{"self":[{"href":"https:\/\/losperiodistas.com.mx\/portal\/wp-json\/wp\/v2\/posts\/104638","targetHints":{"allow":["GET"]}}],"collection":[{"href":"https:\/\/losperiodistas.com.mx\/portal\/wp-json\/wp\/v2\/posts"}],"about":[{"href":"https:\/\/losperiodistas.com.mx\/portal\/wp-json\/wp\/v2\/types\/post"}],"author":[{"embeddable":true,"href":"https:\/\/losperiodistas.com.mx\/portal\/wp-json\/wp\/v2\/users\/1"}],"replies":[{"embeddable":true,"href":"https:\/\/losperiodistas.com.mx\/portal\/wp-json\/wp\/v2\/comments?post=104638"}],"version-history":[{"count":1,"href":"https:\/\/losperiodistas.com.mx\/portal\/wp-json\/wp\/v2\/posts\/104638\/revisions"}],"predecessor-version":[{"id":104640,"href":"https:\/\/losperiodistas.com.mx\/portal\/wp-json\/wp\/v2\/posts\/104638\/revisions\/104640"}],"wp:featuredmedia":[{"embeddable":true,"href":"https:\/\/losperiodistas.com.mx\/portal\/wp-json\/wp\/v2\/media\/104639"}],"wp:attachment":[{"href":"https:\/\/losperiodistas.com.mx\/portal\/wp-json\/wp\/v2\/media?parent=104638"}],"wp:term":[{"taxonomy":"category","embeddable":true,"href":"https:\/\/losperiodistas.com.mx\/portal\/wp-json\/wp\/v2\/categories?post=104638"},{"taxonomy":"post_tag","embeddable":true,"href":"https:\/\/losperiodistas.com.mx\/portal\/wp-json\/wp\/v2\/tags?post=104638"}],"curies":[{"name":"wp","href":"https:\/\/api.w.org\/{rel}","templated":true}]}}