{"id":104388,"date":"2025-08-08T21:06:37","date_gmt":"2025-08-09T03:06:37","guid":{"rendered":"https:\/\/losperiodistas.com.mx\/portal\/?p=104388"},"modified":"2025-08-08T21:06:39","modified_gmt":"2025-08-09T03:06:39","slug":"cae-implicado-en-asesinato-de-delegado-de-la-fgr-en-tamaulipas-es-presunto-integrante-de-los-metros","status":"publish","type":"post","link":"https:\/\/losperiodistas.com.mx\/portal\/cae-implicado-en-asesinato-de-delegado-de-la-fgr-en-tamaulipas-es-presunto-integrante-de-los-metros\/","title":{"rendered":"Cae implicado en asesinato de delegado de la FGR en Tamaulipas; es presunto integrante de \u00abLos Metros\u00bb"},"content":{"rendered":"\n<p>Jaret Roberto \u201cH\u201d fue localizado en un centro de rehabilitaci\u00f3n de la ciudad de Reynosa, donde se escond\u00eda<\/p>\n\n\n\n<figure class=\"wp-block-image size-large\"><img fetchpriority=\"high\" decoding=\"async\" width=\"1024\" height=\"620\" src=\"https:\/\/losperiodistas.com.mx\/portal\/wp-content\/uploads\/2025\/08\/Delegado-FGR-Tamps-1024x620.png\" alt=\"\" class=\"wp-image-104389\" srcset=\"https:\/\/losperiodistas.com.mx\/portal\/wp-content\/uploads\/2025\/08\/Delegado-FGR-Tamps-1024x620.png 1024w, https:\/\/losperiodistas.com.mx\/portal\/wp-content\/uploads\/2025\/08\/Delegado-FGR-Tamps-300x182.png 300w, https:\/\/losperiodistas.com.mx\/portal\/wp-content\/uploads\/2025\/08\/Delegado-FGR-Tamps-768x465.png 768w, https:\/\/losperiodistas.com.mx\/portal\/wp-content\/uploads\/2025\/08\/Delegado-FGR-Tamps.png 1375w\" sizes=\"(max-width: 1024px) 100vw, 1024px\" \/><figcaption class=\"wp-element-caption\">El delegado de la FGR en Tamaulipas fue asesinado a tiros luego de que saliera de su camioneta incendiada por una granada sobre el Bulevar Hidalgo en la ciudad de Reynosa (04\/08\/2025). Foto: Especial<\/figcaption><\/figure>\n\n\n\n<p class=\"has-vivid-red-color has-text-color has-link-color wp-elements-17cae358cca8a3012e1bf4d6d2246b23\">Manuel Espino \/ El Universal<\/p>\n\n\n\n<p>La Fiscal\u00eda General de la Rep\u00fablica (<strong>FGR<\/strong>) report\u00f3 este viernes la detenci\u00f3n de<strong> Jaret Roberto \u201cH\u201d<\/strong>, por su presunta participaci\u00f3n directa en el <strong>asesinato <\/strong>de su delegado en Tamaulipas, <strong>Ernesto Cuitl\u00e1huac V\u00e1squez Reyna<\/strong>, en calidad de integrante de la c\u00e9lula delictiva <strong>\u00abLos Metros\u00bb<\/strong>, facci\u00f3n del C\u00e1rtel del Golfo.<\/p>\n\n\n\n<p>A trav\u00e9s de un comunicado, la dependencia inform\u00f3 que el sujeto fue localizado en un <strong>centro de rehabilitaci\u00f3n<\/strong> de la ciudad de Reynosa, donde <strong>se escond\u00eda<\/strong>, y en donde se le encontraron dos armas largas, cargadores, cartuchos, as\u00ed como droga.<\/p>\n\n\n\n<p>Lo anterior, indic\u00f3, despu\u00e9s de obtener los datos de investigaci\u00f3n necesarios para identificar un veh\u00edculo, en el que se transportaron algunos de los <strong>homicidas de V\u00e1squez Reyna<\/strong>.<\/p>\n\n\n\n<p>Indic\u00f3 que Jaret Roberto \u201cH\u201d, ya contaba con una <strong>orden de aprehensi\u00f3n<\/strong> <strong>federal<\/strong> y ser\u00eda uno de los homicidas que huyeron en un veh\u00edculo, tras participar en los hechos.<\/p>\n\n\n\n<p>La FGR se\u00f1al\u00f3 que los <strong>datos hallados en el tel\u00e9fono celular<\/strong> del detenido permitieron establecer, con toda precisi\u00f3n, la participaci\u00f3n directa de Jaret Roberto en el homicidio referido, en su calidad de miembro de \u201cLos Metros\u201d, <strong>facci\u00f3n del C\u00e1rtel del Golfo<\/strong> que es uno de los principales responsables del huachicol fiscal en esa zona.<\/p>\n\n\n\n<p>Anunci\u00f3 que este viernes presentar\u00e1 ante un juez al detenido, y se continuar\u00e1 con las <strong>investigaciones <\/strong>para aprehender a los dem\u00e1s responsables.<\/p>\n\n\n\n<p>Fuente: <a href=\"https:\/\/www.eluniversal.com.mx\/nacion\/cae-implicado-en-asesinato-de-delegado-de-la-fgr-en-tamaulipas-es-presunto-integrante-de-los-metros\/\" target=\"_blank\" rel=\"noreferrer noopener\">El Universal<\/a><\/p>\n\n\n\n<p><\/p>\n","protected":false},"excerpt":{"rendered":"<p>Jaret Roberto \u201cH\u201d fue localizado en un centro de rehabilitaci\u00f3n de la ciudad de Reynosa, donde se escond\u00eda<\/p>\n","protected":false},"author":1,"featured_media":104389,"comment_status":"open","ping_status":"open","sticky":false,"template":"","format":"standard","meta":{"site-sidebar-layout":"default","site-content-layout":"","ast-site-content-layout":"default","site-content-style":"default","site-sidebar-style":"default","ast-global-header-display":"","ast-banner-title-visibility":"","ast-main-header-display":"","ast-hfb-above-header-display":"","ast-hfb-below-header-display":"","ast-hfb-mobile-header-display":"","site-post-title":"","ast-breadcrumbs-content":"","ast-featured-img":"","footer-sml-layout":"","theme-transparent-header-meta":"","adv-header-id-meta":"","stick-header-meta":"","header-above-stick-meta":"","header-main-stick-meta":"","header-below-stick-meta":"","astra-migrate-meta-layouts":"default","ast-page-background-enabled":"default","ast-page-background-meta":{"desktop":{"background-color":"var(--ast-global-color-4)","background-image":"","background-repeat":"repeat","background-position":"center center","background-size":"auto","background-attachment":"scroll","background-type":"","background-media":"","overlay-type":"","overlay-color":"","overlay-opacity":"","overlay-gradient":""},"tablet":{"background-color":"","background-image":"","background-repeat":"repeat","background-position":"center center","background-size":"auto","background-attachment":"scroll","background-type":"","background-media":"","overlay-type":"","overlay-color":"","overlay-opacity":"","overlay-gradient":""},"mobile":{"background-color":"","background-image":"","background-repeat":"repeat","background-position":"center center","background-size":"auto","background-attachment":"scroll","background-type":"","background-media":"","overlay-type":"","overlay-color":"","overlay-opacity":"","overlay-gradient":""}},"ast-content-background-meta":{"desktop":{"background-color":"var(--ast-global-color-5)","background-image":"","background-repeat":"repeat","background-position":"center center","background-size":"auto","background-attachment":"scroll","background-type":"","background-media":"","overlay-type":"","overlay-color":"","overlay-opacity":"","overlay-gradient":""},"tablet":{"background-color":"var(--ast-global-color-5)","background-image":"","background-repeat":"repeat","background-position":"center center","background-size":"auto","background-attachment":"scroll","background-type":"","background-media":"","overlay-type":"","overlay-color":"","overlay-opacity":"","overlay-gradient":""},"mobile":{"background-color":"var(--ast-global-color-5)","background-image":"","background-repeat":"repeat","background-position":"center center","background-size":"auto","background-attachment":"scroll","background-type":"","background-media":"","overlay-type":"","overlay-color":"","overlay-opacity":"","overlay-gradient":""}},"footnotes":""},"categories":[8],"tags":[16008,40683,40684,4372],"class_list":["post-104388","post","type-post","status-publish","format-standard","has-post-thumbnail","hentry","category-noticias","tag-asesinato","tag-delegado-fgr","tag-los-metros","tag-tamaulipas"],"_links":{"self":[{"href":"https:\/\/losperiodistas.com.mx\/portal\/wp-json\/wp\/v2\/posts\/104388","targetHints":{"allow":["GET"]}}],"collection":[{"href":"https:\/\/losperiodistas.com.mx\/portal\/wp-json\/wp\/v2\/posts"}],"about":[{"href":"https:\/\/losperiodistas.com.mx\/portal\/wp-json\/wp\/v2\/types\/post"}],"author":[{"embeddable":true,"href":"https:\/\/losperiodistas.com.mx\/portal\/wp-json\/wp\/v2\/users\/1"}],"replies":[{"embeddable":true,"href":"https:\/\/losperiodistas.com.mx\/portal\/wp-json\/wp\/v2\/comments?post=104388"}],"version-history":[{"count":1,"href":"https:\/\/losperiodistas.com.mx\/portal\/wp-json\/wp\/v2\/posts\/104388\/revisions"}],"predecessor-version":[{"id":104390,"href":"https:\/\/losperiodistas.com.mx\/portal\/wp-json\/wp\/v2\/posts\/104388\/revisions\/104390"}],"wp:featuredmedia":[{"embeddable":true,"href":"https:\/\/losperiodistas.com.mx\/portal\/wp-json\/wp\/v2\/media\/104389"}],"wp:attachment":[{"href":"https:\/\/losperiodistas.com.mx\/portal\/wp-json\/wp\/v2\/media?parent=104388"}],"wp:term":[{"taxonomy":"category","embeddable":true,"href":"https:\/\/losperiodistas.com.mx\/portal\/wp-json\/wp\/v2\/categories?post=104388"},{"taxonomy":"post_tag","embeddable":true,"href":"https:\/\/losperiodistas.com.mx\/portal\/wp-json\/wp\/v2\/tags?post=104388"}],"curies":[{"name":"wp","href":"https:\/\/api.w.org\/{rel}","templated":true}]}}