{"id":104224,"date":"2025-08-06T21:06:09","date_gmt":"2025-08-07T03:06:09","guid":{"rendered":"https:\/\/losperiodistas.com.mx\/portal\/?p=104224"},"modified":"2025-08-06T21:06:42","modified_gmt":"2025-08-07T03:06:42","slug":"se-forma-tormenta-ivo-con-lluvias-intensas-en-guerrero-y-oaxaca","status":"publish","type":"post","link":"https:\/\/losperiodistas.com.mx\/portal\/se-forma-tormenta-ivo-con-lluvias-intensas-en-guerrero-y-oaxaca\/","title":{"rendered":"Se forma tormenta Ivo, con lluvias intensas en Guerrero y Oaxaca"},"content":{"rendered":"\n<iframe width=\"800\" height=\"450\" src=\"https:\/\/www.youtube.com\/embed\/qV4YWELlNpY\" title=\"Se forma tormenta Ivo, con lluvias intensas en Guerrero y Oaxaca\" frameborder=\"0\" allow=\"accelerometer; autoplay; clipboard-write; encrypted-media; gyroscope; picture-in-picture; web-share\" referrerpolicy=\"strict-origin-when-cross-origin\" allowfullscreen><\/iframe>\n\n\n\n<p class=\"has-vivid-red-color has-text-color has-link-color wp-elements-a6f568815c99e799e5347fd9d262b9e1\">Omar Hern\u00e1ndez Jim\u00e9nez \/ UnoTV<\/p>\n\n\n\n<p>Se form\u00f3 la<strong> tormenta tropical Ivo <\/strong>en el oc\u00e9ano Pac\u00edfico, al sur de las costas de Guerrero, inform\u00f3 el <strong>Servicio Meteorol\u00f3gico Nacional (SMN)<\/strong>. El sistema se encuentra a 310 kil\u00f3metros al sureste de <strong>Acapulco y a 460 km al sureste de Zihuatanejo<\/strong>, Guerrero.<\/p>\n\n\n\n<p>El organismo de la <strong>Comisi\u00f3n Nacional del Agua (Conagua) <\/strong>se\u00f1al\u00f3 que el noveno cicl\u00f3n tropical de la temporada en el Pac\u00edfico mexicano presenta vientos <strong>m\u00e1ximos sostenidos de 65 km\/h<\/strong>, rachas de 85 km\/h y se desplaza hacia el oeste-noroeste a 35 km\/h.<\/p>\n\n\n\n<figure class=\"wp-block-image size-large\"><img fetchpriority=\"high\" decoding=\"async\" width=\"1024\" height=\"576\" src=\"https:\/\/losperiodistas.com.mx\/portal\/wp-content\/uploads\/2025\/08\/tormenta-tropical-ivo-155123-1024x576.jpg\" alt=\"\" class=\"wp-image-104225\" srcset=\"https:\/\/losperiodistas.com.mx\/portal\/wp-content\/uploads\/2025\/08\/tormenta-tropical-ivo-155123-1024x576.jpg 1024w, https:\/\/losperiodistas.com.mx\/portal\/wp-content\/uploads\/2025\/08\/tormenta-tropical-ivo-155123-300x169.jpg 300w, https:\/\/losperiodistas.com.mx\/portal\/wp-content\/uploads\/2025\/08\/tormenta-tropical-ivo-155123-768x432.jpg 768w, https:\/\/losperiodistas.com.mx\/portal\/wp-content\/uploads\/2025\/08\/tormenta-tropical-ivo-155123.jpg 1200w\" sizes=\"(max-width: 1024px) 100vw, 1024px\" \/><figcaption class=\"wp-element-caption\">Tormenta tropical Ivo en el Pac\u00edfico. Foto: SMN.<\/figcaption><\/figure>\n\n\n\n<figure class=\"wp-block-embed is-type-rich is-provider-twitter wp-block-embed-twitter\"><div class=\"wp-block-embed__wrapper\">\n<blockquote class=\"twitter-tweet\" data-width=\"500\" data-dnt=\"true\"><p lang=\"es\" dir=\"ltr\">Se ha formado la <a href=\"https:\/\/twitter.com\/hashtag\/TormentaTropical?src=hash&amp;ref_src=twsrc%5Etfw\">#TormentaTropical<\/a> <a href=\"https:\/\/twitter.com\/hashtag\/Ivo?src=hash&amp;ref_src=twsrc%5Etfw\">#Ivo<\/a> al sur de las costas de <a href=\"https:\/\/twitter.com\/hashtag\/Guerrero?src=hash&amp;ref_src=twsrc%5Etfw\">#Guerrero<\/a>. <br><br>Para m\u00e1s informaci\u00f3n consulta el gr\u00e1fico. <a href=\"https:\/\/t.co\/nQjIXTh4Jq\">pic.twitter.com\/nQjIXTh4Jq<\/a><\/p>&mdash; CONAGUA Clima (@conagua_clima) <a href=\"https:\/\/twitter.com\/conagua_clima\/status\/1953207736138887284?ref_src=twsrc%5Etfw\">August 6, 2025<\/a><\/blockquote><script async src=\"https:\/\/platform.twitter.com\/widgets.js\" charset=\"utf-8\"><\/script>\n<\/div><\/figure>\n\n\n\n<h2 class=\"wp-block-heading\" id=\"h-trayectoria-de-tormenta-tropical-ivo\">Trayectoria de tormenta tropical Ivo<\/h2>\n\n\n\n<p>De acuerdo con los pron\u00f3sticos del SMN, Ivo estar\u00e1 desplaz\u00e1ndose a lo largo de las <strong>costas mexicanas del Pac\u00edfico<\/strong>, hasta convertirse en <strong>hurac\u00e1n categor\u00eda 1<\/strong> al <strong>mediod\u00eda del viernes 8 de agosto<\/strong>, pero <strong>sin que llegue a tocar tierra<\/strong>.<\/p>\n\n\n\n<h2 class=\"wp-block-heading\">Estados en alerta por lluvias y oleaje elevado<\/h2>\n\n\n\n<p>Las bandas nubosas de Ivo generar\u00e1n lluvias intensas (de 75 a 150 mil\u00edmetros) en <strong>Guerrero y Oaxaca<\/strong>, especialmente en zonas costeras y serranas, as\u00ed como:<\/p>\n\n\n\n<ul class=\"wp-block-list\">\n<li>Viento de 20 a 30 km\/h, con rachas de 40 a 60 km\/h<\/li>\n\n\n\n<li>Oleaje de 2.5 a 3.5 metros con posibles trombas marinas en <strong>costas de Guerrero y Oaxaca<\/strong><\/li>\n<\/ul>\n\n\n\n<h2 class=\"wp-block-heading\" id=\"h-riesgos-y-recomendaciones\">Riesgos y recomendaciones<\/h2>\n\n\n\n<p>El SMN advirti\u00f3 que las precipitaciones pueden <strong>provocar deslaves<\/strong>, incremento en r\u00edos y arroyos, as\u00ed como <strong>inundaciones en zonas bajas<\/strong>.<\/p>\n\n\n\n<p>Se exhorta a la poblaci\u00f3n a <strong>seguir los avisos oficiales<\/strong>, extremar precauciones y acatar las recomendaciones de <strong>Protecci\u00f3n Civil<\/strong>.<\/p>\n\n\n\n<p>Fuente: <a href=\"https:\/\/www.unotv.com\/clima\/se-forma-tormenta-tropical-ivo-lluvias-intensas-en-guerrero-y-oaxaca\/\" target=\"_blank\" rel=\"noreferrer noopener\">UNO Tv<\/a><\/p>\n\n\n\n<p><\/p>\n","protected":false},"excerpt":{"rendered":"<p>Omar Hern\u00e1ndez Jim\u00e9nez \/ UnoTV Se form\u00f3 la tormenta tropical Ivo en el oc\u00e9ano Pac\u00edfico, al sur de las costas [&hellip;]<\/p>\n","protected":false},"author":1,"featured_media":104226,"comment_status":"open","ping_status":"open","sticky":false,"template":"","format":"standard","meta":{"site-sidebar-layout":"default","site-content-layout":"","ast-site-content-layout":"default","site-content-style":"default","site-sidebar-style":"default","ast-global-header-display":"","ast-banner-title-visibility":"","ast-main-header-display":"","ast-hfb-above-header-display":"","ast-hfb-below-header-display":"","ast-hfb-mobile-header-display":"","site-post-title":"","ast-breadcrumbs-content":"","ast-featured-img":"","footer-sml-layout":"","theme-transparent-header-meta":"","adv-header-id-meta":"","stick-header-meta":"","header-above-stick-meta":"","header-main-stick-meta":"","header-below-stick-meta":"","astra-migrate-meta-layouts":"default","ast-page-background-enabled":"default","ast-page-background-meta":{"desktop":{"background-color":"var(--ast-global-color-4)","background-image":"","background-repeat":"repeat","background-position":"center center","background-size":"auto","background-attachment":"scroll","background-type":"","background-media":"","overlay-type":"","overlay-color":"","overlay-opacity":"","overlay-gradient":""},"tablet":{"background-color":"","background-image":"","background-repeat":"repeat","background-position":"center center","background-size":"auto","background-attachment":"scroll","background-type":"","background-media":"","overlay-type":"","overlay-color":"","overlay-opacity":"","overlay-gradient":""},"mobile":{"background-color":"","background-image":"","background-repeat":"repeat","background-position":"center center","background-size":"auto","background-attachment":"scroll","background-type":"","background-media":"","overlay-type":"","overlay-color":"","overlay-opacity":"","overlay-gradient":""}},"ast-content-background-meta":{"desktop":{"background-color":"var(--ast-global-color-5)","background-image":"","background-repeat":"repeat","background-position":"center center","background-size":"auto","background-attachment":"scroll","background-type":"","background-media":"","overlay-type":"","overlay-color":"","overlay-opacity":"","overlay-gradient":""},"tablet":{"background-color":"var(--ast-global-color-5)","background-image":"","background-repeat":"repeat","background-position":"center center","background-size":"auto","background-attachment":"scroll","background-type":"","background-media":"","overlay-type":"","overlay-color":"","overlay-opacity":"","overlay-gradient":""},"mobile":{"background-color":"var(--ast-global-color-5)","background-image":"","background-repeat":"repeat","background-position":"center center","background-size":"auto","background-attachment":"scroll","background-type":"","background-media":"","overlay-type":"","overlay-color":"","overlay-opacity":"","overlay-gradient":""}},"footnotes":""},"categories":[8],"tags":[5017,20615,6297,40616],"class_list":["post-104224","post","type-post","status-publish","format-standard","has-post-thumbnail","hentry","category-noticias","tag-guerrero","tag-lluvias","tag-oaxaca","tag-tormenta-ivo"],"_links":{"self":[{"href":"https:\/\/losperiodistas.com.mx\/portal\/wp-json\/wp\/v2\/posts\/104224","targetHints":{"allow":["GET"]}}],"collection":[{"href":"https:\/\/losperiodistas.com.mx\/portal\/wp-json\/wp\/v2\/posts"}],"about":[{"href":"https:\/\/losperiodistas.com.mx\/portal\/wp-json\/wp\/v2\/types\/post"}],"author":[{"embeddable":true,"href":"https:\/\/losperiodistas.com.mx\/portal\/wp-json\/wp\/v2\/users\/1"}],"replies":[{"embeddable":true,"href":"https:\/\/losperiodistas.com.mx\/portal\/wp-json\/wp\/v2\/comments?post=104224"}],"version-history":[{"count":1,"href":"https:\/\/losperiodistas.com.mx\/portal\/wp-json\/wp\/v2\/posts\/104224\/revisions"}],"predecessor-version":[{"id":104227,"href":"https:\/\/losperiodistas.com.mx\/portal\/wp-json\/wp\/v2\/posts\/104224\/revisions\/104227"}],"wp:featuredmedia":[{"embeddable":true,"href":"https:\/\/losperiodistas.com.mx\/portal\/wp-json\/wp\/v2\/media\/104226"}],"wp:attachment":[{"href":"https:\/\/losperiodistas.com.mx\/portal\/wp-json\/wp\/v2\/media?parent=104224"}],"wp:term":[{"taxonomy":"category","embeddable":true,"href":"https:\/\/losperiodistas.com.mx\/portal\/wp-json\/wp\/v2\/categories?post=104224"},{"taxonomy":"post_tag","embeddable":true,"href":"https:\/\/losperiodistas.com.mx\/portal\/wp-json\/wp\/v2\/tags?post=104224"}],"curies":[{"name":"wp","href":"https:\/\/api.w.org\/{rel}","templated":true}]}}