{"id":104221,"date":"2025-08-06T20:50:06","date_gmt":"2025-08-07T02:50:06","guid":{"rendered":"https:\/\/losperiodistas.com.mx\/portal\/?p=104221"},"modified":"2025-08-06T20:50:07","modified_gmt":"2025-08-07T02:50:07","slug":"es-malisima-norona-critica-carta-de-andy-lopez-en-la-que-justifica-vacaciones-a-japon","status":"publish","type":"post","link":"https:\/\/losperiodistas.com.mx\/portal\/es-malisima-norona-critica-carta-de-andy-lopez-en-la-que-justifica-vacaciones-a-japon\/","title":{"rendered":"\u2018Es mal\u00edsima\u2019: Noro\u00f1a critica carta de \u2018Andy\u2019 L\u00f3pez en la que justifica vacaciones a Jap\u00f3n"},"content":{"rendered":"\n<p>El senador del PT dijo desconocer si la carta de Andr\u00e9s L\u00f3pez Beltr\u00e1n es falsa.<\/p>\n\n\n\n<figure class=\"wp-block-image size-large\"><img fetchpriority=\"high\" decoding=\"async\" width=\"1024\" height=\"575\" src=\"https:\/\/losperiodistas.com.mx\/portal\/wp-content\/uploads\/2025\/08\/AndyNorona-1024x575.png\" alt=\"\" class=\"wp-image-104222\" srcset=\"https:\/\/losperiodistas.com.mx\/portal\/wp-content\/uploads\/2025\/08\/AndyNorona-1024x575.png 1024w, https:\/\/losperiodistas.com.mx\/portal\/wp-content\/uploads\/2025\/08\/AndyNorona-300x169.png 300w, https:\/\/losperiodistas.com.mx\/portal\/wp-content\/uploads\/2025\/08\/AndyNorona-768x432.png 768w, https:\/\/losperiodistas.com.mx\/portal\/wp-content\/uploads\/2025\/08\/AndyNorona.png 1500w\" sizes=\"(max-width: 1024px) 100vw, 1024px\" \/><figcaption class=\"wp-element-caption\">Noro\u00f1a dijo que la carta en que Andr\u00e9s L\u00f3pez Beltr\u00e1n justific\u00f3 sus vacaciones era &#8216;mal\u00edsima&#8217;. <\/figcaption><\/figure>\n\n\n\n<p class=\"has-vivid-red-color has-text-color has-link-color wp-elements-90765b49deeecaf3b8ee52be3e17a93d\">Diana Ben\u00edtez \/ EF<\/p>\n\n\n\n<p>Gerardo Fern\u00e1ndez Noro\u00f1a, presidente de la <strong>Mesa Directiva del Senado<\/strong>, consider\u00f3 que la carta publicada por Andr\u00e9s Manuel L\u00f3pez Beltr\u00e1n, secretario de <strong>organizaci\u00f3n de Morena<\/strong> e hijo del <strong>expresidente Andr\u00e9s Manuel L\u00f3pez Obrador<\/strong>, para justificar sus vacaciones en <strong>Jap\u00f3n<\/strong>, es \u201cmal\u00edsima\u201d.<\/p>\n\n\n\n<p>\u201cYo francamente no le veo que sea su estilo. Vamos a esperar a que \u00e9l diga si esa carta la hizo o no, y ya si \u00e9l dice que la hizo, entonces opino. De cualquier manera, sea quien sea que la haya hecho, <strong>es mal\u00edsima<\/strong>\u201d, coment\u00f3 en entrevista previa a la sesi\u00f3n de la <strong>Comisi\u00f3n Permanente<\/strong>.<\/p>\n\n\n\n<p>Ante medios de comunicaci\u00f3n, el senador del PT dijo desconocer si se trataba da una carta falsa. Sin embargo, se le resalt\u00f3 que la subi\u00f3 en su cuenta de Instagram.<\/p>\n\n\n\n<p>\u201c\u00a1Ah!, bueno, pues ya dije\u201d, contest\u00f3 Fern\u00e1ndez Noro\u00f1a.<\/p>\n\n\n\n<h2 class=\"wp-block-heading\">\u2018Son un fraude\u2019, dice Ricardo Anaya<\/h2>\n\n\n\n<p>Sobre el tema, el senador Ricardo Anaya, coordinador de la <strong>bancada del PAN<\/strong>, afirm\u00f3 que es pura \u201chipocres\u00eda\u201d.<\/p>\n\n\n\n<p>\u201cSon un fraude, son unos farsantes, dicen que viven en la \u2018justa median\u00eda\u2019 y hacen los viajes m\u00e1s caros que podr\u00eda hacer una persona.<\/p>\n\n\n\n<p>\u201cSi fueran de veras transparentes, que nos ense\u00f1en de qu\u00e9 cuenta bancaria sali\u00f3 el dinero, de qu\u00e9 cuenta, no dinero en efectivo, de qu\u00e9 cuenta sali\u00f3 el dinero para pagar el boleto de avi\u00f3n, de qu\u00e9 cuenta o con qu\u00e9 tarjeta pagaron el hospedaje, cu\u00e1nto cost\u00f3. Porque resulta que tienen sueldos de 60 mil pesos y hacen viajes que cuestan cientos de miles de pesos\u201d.<\/p>\n\n\n\n<p><strong>Alejandro Moreno<\/strong>, senador por el PRI, tambi\u00e9n coincidi\u00f3 en el calificativo.<\/p>\n\n\n\n<p>\u201cEsa carta es pat\u00e9tica, te evidencia que no tienen capacidad para resistir.<\/p>\n\n\n\n<p>\u201cNo el tlatoani queriendo heredar el proyecto como si fuera una monarqu\u00eda, pues obviamente el heredero sali\u00f3 pat\u00e9tico, sali\u00f3 torpe, le dimos una \u2018reatiza\u2019 en la pasada elecci\u00f3n y qued\u00f3 claro que representa la <strong>hipocres\u00eda de Morena<\/strong>\u201d, dijo en entrevista realizada en el Patio del Federalismo.<\/p>\n\n\n\n<p>Fuente: <a href=\"https:\/\/www.elfinanciero.com.mx\/nacional\/2025\/08\/06\/es-malisima-norona-critica-carta-de-andy-lopez-en-la-que-justifica-vacaciones-a-japon\/\" target=\"_blank\" rel=\"noreferrer noopener\">El Financiero<\/a><\/p>\n","protected":false},"excerpt":{"rendered":"<p>El senador del PT dijo desconocer si la carta de Andr\u00e9s L\u00f3pez Beltr\u00e1n es falsa.<\/p>\n","protected":false},"author":1,"featured_media":104222,"comment_status":"open","ping_status":"open","sticky":false,"template":"","format":"standard","meta":{"site-sidebar-layout":"default","site-content-layout":"","ast-site-content-layout":"default","site-content-style":"default","site-sidebar-style":"default","ast-global-header-display":"","ast-banner-title-visibility":"","ast-main-header-display":"","ast-hfb-above-header-display":"","ast-hfb-below-header-display":"","ast-hfb-mobile-header-display":"","site-post-title":"","ast-breadcrumbs-content":"","ast-featured-img":"","footer-sml-layout":"","theme-transparent-header-meta":"","adv-header-id-meta":"","stick-header-meta":"","header-above-stick-meta":"","header-main-stick-meta":"","header-below-stick-meta":"","astra-migrate-meta-layouts":"default","ast-page-background-enabled":"default","ast-page-background-meta":{"desktop":{"background-color":"var(--ast-global-color-4)","background-image":"","background-repeat":"repeat","background-position":"center center","background-size":"auto","background-attachment":"scroll","background-type":"","background-media":"","overlay-type":"","overlay-color":"","overlay-opacity":"","overlay-gradient":""},"tablet":{"background-color":"","background-image":"","background-repeat":"repeat","background-position":"center center","background-size":"auto","background-attachment":"scroll","background-type":"","background-media":"","overlay-type":"","overlay-color":"","overlay-opacity":"","overlay-gradient":""},"mobile":{"background-color":"","background-image":"","background-repeat":"repeat","background-position":"center center","background-size":"auto","background-attachment":"scroll","background-type":"","background-media":"","overlay-type":"","overlay-color":"","overlay-opacity":"","overlay-gradient":""}},"ast-content-background-meta":{"desktop":{"background-color":"var(--ast-global-color-5)","background-image":"","background-repeat":"repeat","background-position":"center center","background-size":"auto","background-attachment":"scroll","background-type":"","background-media":"","overlay-type":"","overlay-color":"","overlay-opacity":"","overlay-gradient":""},"tablet":{"background-color":"var(--ast-global-color-5)","background-image":"","background-repeat":"repeat","background-position":"center center","background-size":"auto","background-attachment":"scroll","background-type":"","background-media":"","overlay-type":"","overlay-color":"","overlay-opacity":"","overlay-gradient":""},"mobile":{"background-color":"var(--ast-global-color-5)","background-image":"","background-repeat":"repeat","background-position":"center center","background-size":"auto","background-attachment":"scroll","background-type":"","background-media":"","overlay-type":"","overlay-color":"","overlay-opacity":"","overlay-gradient":""}},"footnotes":""},"categories":[8],"tags":[29829,17023,3404],"class_list":["post-104221","post","type-post","status-publish","format-standard","has-post-thumbnail","hentry","category-noticias","tag-andy-lopez-beltran","tag-fernandez-norona","tag-ricardo-anaya"],"_links":{"self":[{"href":"https:\/\/losperiodistas.com.mx\/portal\/wp-json\/wp\/v2\/posts\/104221","targetHints":{"allow":["GET"]}}],"collection":[{"href":"https:\/\/losperiodistas.com.mx\/portal\/wp-json\/wp\/v2\/posts"}],"about":[{"href":"https:\/\/losperiodistas.com.mx\/portal\/wp-json\/wp\/v2\/types\/post"}],"author":[{"embeddable":true,"href":"https:\/\/losperiodistas.com.mx\/portal\/wp-json\/wp\/v2\/users\/1"}],"replies":[{"embeddable":true,"href":"https:\/\/losperiodistas.com.mx\/portal\/wp-json\/wp\/v2\/comments?post=104221"}],"version-history":[{"count":1,"href":"https:\/\/losperiodistas.com.mx\/portal\/wp-json\/wp\/v2\/posts\/104221\/revisions"}],"predecessor-version":[{"id":104223,"href":"https:\/\/losperiodistas.com.mx\/portal\/wp-json\/wp\/v2\/posts\/104221\/revisions\/104223"}],"wp:featuredmedia":[{"embeddable":true,"href":"https:\/\/losperiodistas.com.mx\/portal\/wp-json\/wp\/v2\/media\/104222"}],"wp:attachment":[{"href":"https:\/\/losperiodistas.com.mx\/portal\/wp-json\/wp\/v2\/media?parent=104221"}],"wp:term":[{"taxonomy":"category","embeddable":true,"href":"https:\/\/losperiodistas.com.mx\/portal\/wp-json\/wp\/v2\/categories?post=104221"},{"taxonomy":"post_tag","embeddable":true,"href":"https:\/\/losperiodistas.com.mx\/portal\/wp-json\/wp\/v2\/tags?post=104221"}],"curies":[{"name":"wp","href":"https:\/\/api.w.org\/{rel}","templated":true}]}}