{"id":103834,"date":"2025-08-01T07:13:22","date_gmt":"2025-08-01T13:13:22","guid":{"rendered":"https:\/\/losperiodistas.com.mx\/portal\/?p=103834"},"modified":"2025-08-01T07:13:23","modified_gmt":"2025-08-01T13:13:23","slug":"opinion-atlixco-es-seguro-despega-la-universidad-de-huejotzingo","status":"publish","type":"post","link":"https:\/\/losperiodistas.com.mx\/portal\/opinion-atlixco-es-seguro-despega-la-universidad-de-huejotzingo\/","title":{"rendered":"Opini\u00f3n | Atlixco es seguro; despega la Universidad de Huejotzingo"},"content":{"rendered":"\n<p class=\"has-medium-font-size\">*Personal de la Secretar\u00eda de Salud pide di\u00e1logo con el Gobernador Armenta<\/p>\n\n\n\n<p><\/p>\n\n\n\n<figure class=\"wp-block-image size-full\"><img fetchpriority=\"high\" decoding=\"async\" width=\"937\" height=\"449\" src=\"https:\/\/losperiodistas.com.mx\/portal\/wp-content\/uploads\/2025\/08\/ARIADNA-AYALA-Y-COLUMNISTAS.jpg\" alt=\"\" class=\"wp-image-103835\" srcset=\"https:\/\/losperiodistas.com.mx\/portal\/wp-content\/uploads\/2025\/08\/ARIADNA-AYALA-Y-COLUMNISTAS.jpg 937w, https:\/\/losperiodistas.com.mx\/portal\/wp-content\/uploads\/2025\/08\/ARIADNA-AYALA-Y-COLUMNISTAS-300x144.jpg 300w, https:\/\/losperiodistas.com.mx\/portal\/wp-content\/uploads\/2025\/08\/ARIADNA-AYALA-Y-COLUMNISTAS-768x368.jpg 768w\" sizes=\"(max-width: 937px) 100vw, 937px\" \/><\/figure>\n\n\n\n<p class=\"has-vivid-red-color has-text-color has-link-color has-medium-font-size wp-elements-4865f9003ac6cfcf5a7f44570e7f0aa1\"><strong><em>Por Ra\u00fal Torres Salmer\u00f3n \/ Sin L\u00edmites<\/em><\/strong><\/p>\n\n\n\n<p>El Municipio de Atlixco, a la fecha no tiene desempleo y es uno de los m\u00e1s seguros, sostiene la Alcaldesa Ariadna Ayala; por su parte, la Universidad Tecnol\u00f3gica de Huejotzingo se ha colocado como la mejor instituci\u00f3n educativa de la zona Izta-popo, expresa la Rectora Mirna Toxqui; por otro lado, los miles de trabajadores de la Secretar\u00eda de Salud en el Estado piden un di\u00e1logo para resolver muchos de los problemas en el estado, manifiesta el dirigente sindical Julio Alfredo Garc\u00eda.<\/p>\n\n\n\n<p>En diversas entrevistas con columnistas, la Presidenta Municipal, la Rectora y el dirigente sindical, externaron sus puntos de vista. En primer t\u00e9rmino, en al restaurante La Noria, Ariadna Ayala, militante del PT, describe la situaci\u00f3n del cercano Municipio, en las siguientes afirmaciones:<\/p>\n\n\n\n<p>-Despu\u00e9s de la reelecci\u00f3n, en 4 a\u00f1os de gobernar Atlixco es un lugar seguro, donde no hay desempleo y existe una coordinaci\u00f3n plena entre las autoridades y la ciudadan\u00eda.<\/p>\n\n\n\n<p>-Mi sue\u00f1o desde peque\u00f1a, a los 8 a\u00f1os, ha sido llegar a la Presidencia Municipal, lo que logr\u00e9 38 a\u00f1os despu\u00e9s. Desde chica he trabajado, ayudaba a mis abuelos en una panader\u00eda desde las 4 de la ma\u00f1ana. No me quejo ni me rajo.<\/p>\n\n\n\n<p>-Fui pri\u00edsta desde muy joven, siempre fui de la ideolog\u00eda del nacionalismo revolucionario y cuando se unieron el PRI y el PAN, el agua y el aceite juntos, me fui al PT. El PRI ya no me representaba, por eso gan\u00e9.&nbsp;<\/p>\n\n\n\n<p>-Estudi\u00e9 Derecho en la BUAP y a los 23 a\u00f1os en 1999, fui Maestra de Ceremonias de Coordinaci\u00f3n de Giras del Gobernador Melquiades Morales Flores. Nunca dej\u00e9 de estudiar, termin\u00e9 la Maestr\u00eda y el Doctorado, incluso estudi\u00e9 en Edimburgo, Escocia.<\/p>\n\n\n\n<p>-Le gan\u00e9 al PAN que hab\u00eda gobernado 30 a\u00f1os consecutivos en Atlixco; la gente se cans\u00f3 del cacicazgo, se confiaron, descuidaron el perfil y se sent\u00edan ganadores por siempre; cometieron excesos en el tiempo que gobernaron.<\/p>\n\n\n\n<p>-Por ser mujer minimizaron mi participaci\u00f3n y no se dieron cuenta del trabajo de tierra que realic\u00e9 desde muchos a\u00f1os antes y en la campa\u00f1a\u00b4; recorr\u00ed el municipio calle por calle, con sencillez y mirando a la gente a los ojos, al estilo melquiadista, saludando a todos por nombre, escucharlos y atender sus quejas.<\/p>\n\n\n\n<p>-Soy soltera, sin hijos, esa situaci\u00f3n me fortaleci\u00f3 ante la gente; les dec\u00eda que tendr\u00eda tiempo completo para gobernar, sin compartir el tiempo con nadie.<\/p>\n\n\n\n<p>-Tel\u00e9fono celular en mano, atiendo todas las llamadas y mensajes, con diversas aplicaciones tengo control de los servicios p\u00fablicos.<\/p>\n\n\n\n<p>-No hay desempleo, ha crecido el comercio, no hay desocupados, existen 232 escuelas, son 141 mil habitantes; es un municipio seguro; tengo acuerdos firmados con los empresarios y aument\u00f3 la recaudaci\u00f3n y obviamente los recursos municipales.<\/p>\n\n\n\n<p><strong>UNIVERSIDAD DE HUEJOTZINGO<\/strong><\/p>\n\n\n\n<p>En el comedor del hotel Banyan Tree, en el Barrio del Alto, Mirna Toxqui Oliver comparte con columnistas su labor de 7 meses al frente de la Universidad Tecnol\u00f3gica de Huejotzingo.<\/p>\n\n\n\n<p>Las siguientes son sus afirmaciones:<\/p>\n\n\n\n<p>-A 7 meses de asumir la rector\u00eda de la Universidad Tecnol\u00f3gica de Huejotzingo (UTH), consolida el liderazgo de esta instituci\u00f3n como la mejor de la regi\u00f3n Izta-Popo. Actualmente, la UTH ocupa el lugar 27 entre las mejores instituciones de educaci\u00f3n superior del estado, en un ranking que considera 350 planteles p\u00fablicos y privados.<\/p>\n\n\n\n<p>-La UTH impulsa la capacitaci\u00f3n y preparaci\u00f3n docente. De los 198 profesores que conforman la planta acad\u00e9mica, 103 cuentan con posgrados, lo cual eleva la calidad educativa.<\/p>\n\n\n\n<p>-Las becas para estudiantes representan un eje prioritario. En el primer semestre del a\u00f1o, la Universidad bec\u00f3 a 500 estudiantes, una cifra sin precedentes en la instituci\u00f3n, lo cual asegura la continuidad de su formaci\u00f3n acad\u00e9mica.<\/p>\n\n\n\n<p>-La rehabilitaci\u00f3n de \u00e1reas verdes y espacios comunes fue fundamental. Se realizaron diversas faenas con la participaci\u00f3n activa de los j\u00f3venes, que recuperaron la funcionalidad y est\u00e9tica de estos lugares.<\/p>\n\n\n\n<p>-La UTH es pionera en el Centro Integral de Innovaci\u00f3n y Transformaci\u00f3n Agroindustrial (CIITRA). Este proyecto, que se fundamenta en la visi\u00f3n del gobernador Alejandro Armenta, beneficiar\u00e1 a productores y comunidades al impulsar la producci\u00f3n y procesamiento de alimentos.<\/p>\n\n\n\n<p>-Adem\u00e1s, la UTH suma logros importantes como Becas de Internet del Bienestar, Galer\u00eda de Arte, acercamiento con instituciones de la Embajada de Estados Unidos en M\u00e9xico, Internet comunitario, convenios de colaboraci\u00f3n con organismos estatales, nacionales e internacionales, donde se beneficia a la comunidad universitaria y a los habitantes de la regi\u00f3n. De enero a julio, se han firmado 35convenios.<\/p>\n\n\n\n<p>-Las carreras que se ofertan son: Licenciatura en Administraci\u00f3n, Licenciatura en Negocios Mercadotecnia, Ingenier\u00eda en Alimentos, Ingenier\u00eda en Textil y Moda, Ingenier\u00eda Industrial, Ingenier\u00eda Mec\u00e1nica, Ingenier\u00eda Mecatr\u00f3nica, Ingenier\u00eda en Tecnolog\u00edas de la Informaci\u00f3n e Innovaci\u00f3n Digital.<\/p>\n\n\n\n<p><strong>SECTOR SALUD PIDE DI\u00c1LOGO<\/strong><\/p>\n\n\n\n<p>En el comedor del hotel Banyan Tree en el Barrio de El Alto, Julio Alfredo Garc\u00eda, Secretario General del Sindicato de Trabajadores de Salud en el Estado, en desayuno con columnistas, da a conocer la situaci\u00f3n actual del sector:<\/p>\n\n\n\n<p>-Conforme pasan los a\u00f1os el Sector Salud del pa\u00eds est\u00e1 cada vez m\u00e1s depauperado, porque cada vez aumenta la poblaci\u00f3n sin acceso a los servicios de salud. Esta situaci\u00f3n afecta principalmente a personas con bajos ingresos y aquellos que no est\u00e1n afiliados a instituciones de salud p\u00fablica, aunado a que los gobiernos cada vez desatienden m\u00e1s a este a los mexicanos.<\/p>\n\n\n\n<p>-Incluso, quienes tienen acceso a los servicios a trav\u00e9s del ISSSTE o IMSS o instituciones estatales, cada d\u00eda observan la ca\u00edda, en todos los sentidos, de la atenci\u00f3n por falta de m\u00e9dicos incluidos especialistas, enfermeras, trabajadores sociales, qu\u00edmicos y radi\u00f3logos entre otros trabajadores del sector.&nbsp;<\/p>\n\n\n\n<p>-Adem\u00e1s hay que sumar la falta de medicamentos en los \u00faltimos a\u00f1os; el desabasto afecta a la poblaci\u00f3n; adem\u00e1s ya faltan los insumos esenciales, desde alcohol, algod\u00f3n, torundas, vendas, jeringas, gasas, compresas y muchas cosas m\u00e1s, hasta para una simple curaci\u00f3n.<\/p>\n\n\n\n<p>-Los trabajadores de la salud tienen maneras de ayudar al Gobierno de la entidad y respaldar las pol\u00edticas p\u00fablicas en materia de salud del gobernador Alejandro Armenta Mier, a quien dijo apoy\u00f3 con sus 12 mil trabajadores del sector en la entidad para impulsar su triunfo electoral a\u00f1o pasado.<\/p>\n\n\n\n<p>-Sin embargo, no ha existido un dialogo fluido y continuo con el actual Secretario de Salud de Puebla Carlos Alberto Olivier Pacheco, pero reconozco que el Secretario de Gobernaci\u00f3n Samuel Aguilar Pala, ha mostrado inter\u00e9s en dialogar con los miembros del Sindicato de la Secci\u00f3n 25 de Puebla.<\/p>\n\n\n\n<p>-Los expertos en materia de salud son los trabajadores, por lo que deben ser escuchados para mejorar el sistema, porque consideramos y no dudo que el Gobernador tiene las mejores intenciones para atender a los poblanos, pero seguramente no est\u00e1 bien informado.<\/p>\n\n\n\n<p>Julio Alfredo Garc\u00eda es tambi\u00e9n Secretario de Capacitaci\u00f3n Pol\u00edtica y Divulgaci\u00f3n Ideol\u00f3gica a nivel nacional del Sindicato Nacional de Trabajadores del Sector Salud.<\/p>\n\n\n\n<p>En fin, como dice el Himno Municipal de Atlixco, compuesto por el Profesor Epifanio Estrada Cruz:<\/p>\n\n\n\n<p>\u00a1H\u00e9roes del 4 de mayo \u00a1Gloria!<\/p>\n\n\n\n<p>sublime legi\u00f3n de paladines,<\/p>\n\n\n\n<p>hoy que cantamos en tu memoria<\/p>\n\n\n\n<p>que se escuchen los \u00e1ureos clarines.<\/p>\n\n\n\n<p>Sacrosanta lecci\u00f3n de civismo<\/p>\n\n\n\n<p>para ejemplo de muchas naciones,<\/p>\n\n\n\n<p>recibimos de tu patriotismo<\/p>\n\n\n\n<p>para todas las generaciones.<\/p>\n\n\n\n<p>A Ju\u00e1rez, Zaragoza y Carvajal,<\/p>\n\n\n\n<p>Alatriste y mil m\u00e1s de gran valor,<\/p>\n\n\n\n<p>entreguemos en su d\u00eda triunfal<\/p>\n\n\n\n<p>la promesa de ser siempre mejor.<\/p>\n\n\n\n<p>raultorress@hotmail.com<\/p>\n\n\n\n<hr class=\"wp-block-separator has-alpha-channel-opacity\"\/>\n\n\n\n<p><strong>+ OPINI\u00d3N : Las opiniones expresadas son responsabilidad del autor<\/strong><\/p>\n","protected":false},"excerpt":{"rendered":"<p>*Personal de la Secretar\u00eda de Salud pide di\u00e1logo con el Gobernador Armenta Por Ra\u00fal Torres Salmer\u00f3n \/ Sin L\u00edmites El [&hellip;]<\/p>\n","protected":false},"author":1,"featured_media":103835,"comment_status":"open","ping_status":"open","sticky":false,"template":"","format":"standard","meta":{"site-sidebar-layout":"default","site-content-layout":"","ast-site-content-layout":"default","site-content-style":"default","site-sidebar-style":"default","ast-global-header-display":"","ast-banner-title-visibility":"","ast-main-header-display":"","ast-hfb-above-header-display":"","ast-hfb-below-header-display":"","ast-hfb-mobile-header-display":"","site-post-title":"","ast-breadcrumbs-content":"","ast-featured-img":"","footer-sml-layout":"","theme-transparent-header-meta":"","adv-header-id-meta":"","stick-header-meta":"","header-above-stick-meta":"","header-main-stick-meta":"","header-below-stick-meta":"","astra-migrate-meta-layouts":"default","ast-page-background-enabled":"default","ast-page-background-meta":{"desktop":{"background-color":"var(--ast-global-color-4)","background-image":"","background-repeat":"repeat","background-position":"center center","background-size":"auto","background-attachment":"scroll","background-type":"","background-media":"","overlay-type":"","overlay-color":"","overlay-opacity":"","overlay-gradient":""},"tablet":{"background-color":"","background-image":"","background-repeat":"repeat","background-position":"center center","background-size":"auto","background-attachment":"scroll","background-type":"","background-media":"","overlay-type":"","overlay-color":"","overlay-opacity":"","overlay-gradient":""},"mobile":{"background-color":"","background-image":"","background-repeat":"repeat","background-position":"center center","background-size":"auto","background-attachment":"scroll","background-type":"","background-media":"","overlay-type":"","overlay-color":"","overlay-opacity":"","overlay-gradient":""}},"ast-content-background-meta":{"desktop":{"background-color":"var(--ast-global-color-5)","background-image":"","background-repeat":"repeat","background-position":"center center","background-size":"auto","background-attachment":"scroll","background-type":"","background-media":"","overlay-type":"","overlay-color":"","overlay-opacity":"","overlay-gradient":""},"tablet":{"background-color":"var(--ast-global-color-5)","background-image":"","background-repeat":"repeat","background-position":"center center","background-size":"auto","background-attachment":"scroll","background-type":"","background-media":"","overlay-type":"","overlay-color":"","overlay-opacity":"","overlay-gradient":""},"mobile":{"background-color":"var(--ast-global-color-5)","background-image":"","background-repeat":"repeat","background-position":"center center","background-size":"auto","background-attachment":"scroll","background-type":"","background-media":"","overlay-type":"","overlay-color":"","overlay-opacity":"","overlay-gradient":""}},"footnotes":""},"categories":[8,19],"tags":[40448,40447],"class_list":["post-103834","post","type-post","status-publish","format-standard","has-post-thumbnail","hentry","category-noticias","category-sin-limites-2","tag-ariadna-ayala","tag-atlixco-seguridad"],"_links":{"self":[{"href":"https:\/\/losperiodistas.com.mx\/portal\/wp-json\/wp\/v2\/posts\/103834","targetHints":{"allow":["GET"]}}],"collection":[{"href":"https:\/\/losperiodistas.com.mx\/portal\/wp-json\/wp\/v2\/posts"}],"about":[{"href":"https:\/\/losperiodistas.com.mx\/portal\/wp-json\/wp\/v2\/types\/post"}],"author":[{"embeddable":true,"href":"https:\/\/losperiodistas.com.mx\/portal\/wp-json\/wp\/v2\/users\/1"}],"replies":[{"embeddable":true,"href":"https:\/\/losperiodistas.com.mx\/portal\/wp-json\/wp\/v2\/comments?post=103834"}],"version-history":[{"count":1,"href":"https:\/\/losperiodistas.com.mx\/portal\/wp-json\/wp\/v2\/posts\/103834\/revisions"}],"predecessor-version":[{"id":103836,"href":"https:\/\/losperiodistas.com.mx\/portal\/wp-json\/wp\/v2\/posts\/103834\/revisions\/103836"}],"wp:featuredmedia":[{"embeddable":true,"href":"https:\/\/losperiodistas.com.mx\/portal\/wp-json\/wp\/v2\/media\/103835"}],"wp:attachment":[{"href":"https:\/\/losperiodistas.com.mx\/portal\/wp-json\/wp\/v2\/media?parent=103834"}],"wp:term":[{"taxonomy":"category","embeddable":true,"href":"https:\/\/losperiodistas.com.mx\/portal\/wp-json\/wp\/v2\/categories?post=103834"},{"taxonomy":"post_tag","embeddable":true,"href":"https:\/\/losperiodistas.com.mx\/portal\/wp-json\/wp\/v2\/tags?post=103834"}],"curies":[{"name":"wp","href":"https:\/\/api.w.org\/{rel}","templated":true}]}}