{"id":103709,"date":"2025-07-29T20:27:32","date_gmt":"2025-07-30T02:27:32","guid":{"rendered":"https:\/\/losperiodistas.com.mx\/portal\/?p=103709"},"modified":"2025-07-29T20:27:33","modified_gmt":"2025-07-30T02:27:33","slug":"sheinbaum-espera-un-buen-acuerdo-sobre-los-aranceles-con-trump-antes-del-1-de-agosto","status":"publish","type":"post","link":"https:\/\/losperiodistas.com.mx\/portal\/sheinbaum-espera-un-buen-acuerdo-sobre-los-aranceles-con-trump-antes-del-1-de-agosto\/","title":{"rendered":"Sheinbaum espera \u201cun buen acuerdo\u201d sobre los aranceles con Trump antes del 1 de agosto"},"content":{"rendered":"\n<p>El Gobierno mexicano y el estadounidense mantienen una negociaci\u00f3n a horas de que entre en vigor la imposici\u00f3n del 30% de aranceles a autom\u00f3viles, acero, aluminio, piezas met\u00e1licas y tomates producidos en M\u00e9xico<\/p>\n\n\n\n<figure class=\"wp-block-image size-large\"><img fetchpriority=\"high\" decoding=\"async\" width=\"1024\" height=\"682\" src=\"https:\/\/losperiodistas.com.mx\/portal\/wp-content\/uploads\/2025\/07\/SheinbaumAranceles-1024x682.png\" alt=\"\" class=\"wp-image-103710\" srcset=\"https:\/\/losperiodistas.com.mx\/portal\/wp-content\/uploads\/2025\/07\/SheinbaumAranceles-1024x682.png 1024w, https:\/\/losperiodistas.com.mx\/portal\/wp-content\/uploads\/2025\/07\/SheinbaumAranceles-300x200.png 300w, https:\/\/losperiodistas.com.mx\/portal\/wp-content\/uploads\/2025\/07\/SheinbaumAranceles-768x512.png 768w, https:\/\/losperiodistas.com.mx\/portal\/wp-content\/uploads\/2025\/07\/SheinbaumAranceles.png 1385w\" sizes=\"(max-width: 1024px) 100vw, 1024px\" \/><figcaption class=\"wp-element-caption\">Claudia Sheinbaum en Palacio Nacional en Ciudad de M\u00e9xico el 24 de julio del 2025.Jos\u00e9 Mendez (EFE)<\/figcaption><\/figure>\n\n\n\n<p class=\"has-vivid-red-color has-text-color has-link-color wp-elements-c46c3a0a25c6f0b01b778f83dc8c27d5\">Elia Castillo Jim\u00e9nez \/ El Pa\u00eds<\/p>\n\n\n\n<p>El Gobierno mexicano se mantiene en la incertidumbre, pero con esperanza de frenar de \u00faltimo momento la imposici\u00f3n de un incremento del 25% al 30% al impuesto sobre las exportaciones mexicanas de autom\u00f3viles, acero, aluminio, piezas met\u00e1licas y tomates producidos en M\u00e9xico, fuera del tratado comercial entre ambos pa\u00edses, el TMEC, que la Administraci\u00f3n de Donald Trump ha amagado con aplicar desde el primer minuto del 1 de agosto. La presidenta, Claudia Sheinbaum, ha insistido este martes en la confianza que tiene de llegar a un buen acuerdo con su principal socio comercial antes de que se cumpla la fecha fatal.<\/p>\n\n\n\n<p>Su optimismo radica en el di\u00e1logo permanente de la comitiva de funcionarios encabezados por el secretario de Econom\u00eda, Marcelo Ebrard, con el equipo estadounidense que lidera su hom\u00f3logo, Howard Lutnick. La mandataria ha dicho que esperar\u00e1 a ver qu\u00e9 ocurre el pr\u00f3ximo viernes \u2014cuando entra en vigor la tarifa arancelaria\u2014 y de ser necesario buscar\u00e1 comunicaci\u00f3n con su par estadounidense. \u201cEsperamos llegar a un buen acuerdo esta semana, es importante. Si es necesario, vamos a hablar con el presidente Trump\u201d, lanz\u00f3 en su conferencia matutina.<\/p>\n\n\n\n<p>La mandataria mexicana ha puesto por delante el trabajo de negociaci\u00f3n que realiza su gabinete, principalmente, los secretarios de Econom\u00eda, Marcelo Ebrard y de Relaciones Exteriores, Juan Ram\u00f3n de la Fuente, que mantienen di\u00e1logo permanente con sus hom\u00f3logos de EE UU, Howard Lutnick y Marco Rubio, respectivamente.<\/p>\n\n\n\n<p>La confianza se ha volcado en que estas negociaciones, a marchas forzadas, que mantiene el gabinete de Econom\u00eda, logren persuadir a la Administraci\u00f3n estadounidense de la aplicaci\u00f3n de las medidas arancelarias que est\u00e1n a d\u00edas de entrar en vigor. <em>\u201cAl final la decisi\u00f3n la toma el presidente Trump, pero esperamos que pueda haber un buen acuerdo por la relaci\u00f3n que tenemos. No queremos adelantar nada porque todav\u00eda no tenemos nada concreto. Estamos esperando de aqu\u00ed al viernes\u201d<\/em>, desliz\u00f3 Sheinbaum.<\/p>\n\n\n\n<p>En medio del optimismo que mantiene la Administraci\u00f3n mexicana, se ha contemplado un escenario adverso en el que la medida arancelaria del 30% a autom\u00f3viles, acero, aluminio, piezas met\u00e1licas y tomates producidos en M\u00e9xico se aplique irremediablemente a partir del 1 de agosto.<\/p>\n\n\n\n<p>Para ello, la mandataria ha desmenuzado parte de las medidas preventivas que su gabinete realiza. Esto incluye reuniones semanales para analizar el impacto de los eventuales aranceles que EE UU aplique a las importaciones mexicanas y en consecuencia, alistan medidas alternativas que den respuesta al embate econ\u00f3mico del vecino del norte.<\/p>\n\n\n\n<p>Entre ellas, acciones relacionadas con el Plan M\u00e9xico, una estrategia aupada por la mandataria que consiste en fortalecer la econom\u00eda nacional a trav\u00e9s de la inversi\u00f3n, la producci\u00f3n nacional y el bienestar social. El equipo es encabezado por los secretarios de Econom\u00eda y de Relaciones Exteriores. Adem\u00e1s de los titulares de las secretar\u00edas de Agricultura, Julio Berdegu\u00e9; de Energ\u00eda, Luz Elena Gonz\u00e1lez y del Trabajo, Marath Bola\u00f1os.<\/p>\n\n\n\n<p>Sheinbaum ha descartado el trabajo de su Gobierno en otras \u00e1reas. El marcaje que mantiene para dar seguimiento a las inversiones y la digitalizaci\u00f3n de procesos productivos como parte de las opciones que puede tener el pa\u00eds, si el presidente Trump cumple la imposici\u00f3n de los impuestos de importaci\u00f3n. La presidenta mexicana ha sostenido, hasta el \u00faltimo momento, su disposici\u00f3n para entablar un di\u00e1logo directo con su hom\u00f3logo en caso de que el pr\u00f3ximo viernes M\u00e9xico amanezca con los incrementos arancelarios.<\/p>\n\n\n\n<p>Fuente: <a href=\"https:\/\/elpais.com\/mexico\/2025-07-29\/sheinbaum-espera-un-buen-acuerdo-sobre-los-aranceles-con-trump-antes-del-1-de-agosto.html\" target=\"_blank\" rel=\"noreferrer noopener\">El Pa\u00eds<\/a><\/p>\n","protected":false},"excerpt":{"rendered":"<p>El Gobierno mexicano y el estadounidense mantienen una negociaci\u00f3n a horas de que entre en vigor la imposici\u00f3n del 30% de aranceles a autom\u00f3viles, acero, aluminio, piezas met\u00e1licas y tomates producidos en M\u00e9xico <\/p>\n","protected":false},"author":1,"featured_media":103710,"comment_status":"open","ping_status":"open","sticky":false,"template":"","format":"standard","meta":{"site-sidebar-layout":"default","site-content-layout":"","ast-site-content-layout":"default","site-content-style":"default","site-sidebar-style":"default","ast-global-header-display":"","ast-banner-title-visibility":"","ast-main-header-display":"","ast-hfb-above-header-display":"","ast-hfb-below-header-display":"","ast-hfb-mobile-header-display":"","site-post-title":"","ast-breadcrumbs-content":"","ast-featured-img":"","footer-sml-layout":"","theme-transparent-header-meta":"","adv-header-id-meta":"","stick-header-meta":"","header-above-stick-meta":"","header-main-stick-meta":"","header-below-stick-meta":"","astra-migrate-meta-layouts":"default","ast-page-background-enabled":"default","ast-page-background-meta":{"desktop":{"background-color":"var(--ast-global-color-4)","background-image":"","background-repeat":"repeat","background-position":"center center","background-size":"auto","background-attachment":"scroll","background-type":"","background-media":"","overlay-type":"","overlay-color":"","overlay-opacity":"","overlay-gradient":""},"tablet":{"background-color":"","background-image":"","background-repeat":"repeat","background-position":"center center","background-size":"auto","background-attachment":"scroll","background-type":"","background-media":"","overlay-type":"","overlay-color":"","overlay-opacity":"","overlay-gradient":""},"mobile":{"background-color":"","background-image":"","background-repeat":"repeat","background-position":"center center","background-size":"auto","background-attachment":"scroll","background-type":"","background-media":"","overlay-type":"","overlay-color":"","overlay-opacity":"","overlay-gradient":""}},"ast-content-background-meta":{"desktop":{"background-color":"var(--ast-global-color-5)","background-image":"","background-repeat":"repeat","background-position":"center center","background-size":"auto","background-attachment":"scroll","background-type":"","background-media":"","overlay-type":"","overlay-color":"","overlay-opacity":"","overlay-gradient":""},"tablet":{"background-color":"var(--ast-global-color-5)","background-image":"","background-repeat":"repeat","background-position":"center center","background-size":"auto","background-attachment":"scroll","background-type":"","background-media":"","overlay-type":"","overlay-color":"","overlay-opacity":"","overlay-gradient":""},"mobile":{"background-color":"var(--ast-global-color-5)","background-image":"","background-repeat":"repeat","background-position":"center center","background-size":"auto","background-attachment":"scroll","background-type":"","background-media":"","overlay-type":"","overlay-color":"","overlay-opacity":"","overlay-gradient":""}},"footnotes":""},"categories":[8],"tags":[17118,1505,25065,645,10989],"class_list":["post-103709","post","type-post","status-publish","format-standard","has-post-thumbnail","hentry","category-noticias","tag-aranceles","tag-claudia-sheinbaum","tag-eua","tag-marcelo-ebrard","tag-trump"],"_links":{"self":[{"href":"https:\/\/losperiodistas.com.mx\/portal\/wp-json\/wp\/v2\/posts\/103709","targetHints":{"allow":["GET"]}}],"collection":[{"href":"https:\/\/losperiodistas.com.mx\/portal\/wp-json\/wp\/v2\/posts"}],"about":[{"href":"https:\/\/losperiodistas.com.mx\/portal\/wp-json\/wp\/v2\/types\/post"}],"author":[{"embeddable":true,"href":"https:\/\/losperiodistas.com.mx\/portal\/wp-json\/wp\/v2\/users\/1"}],"replies":[{"embeddable":true,"href":"https:\/\/losperiodistas.com.mx\/portal\/wp-json\/wp\/v2\/comments?post=103709"}],"version-history":[{"count":1,"href":"https:\/\/losperiodistas.com.mx\/portal\/wp-json\/wp\/v2\/posts\/103709\/revisions"}],"predecessor-version":[{"id":103711,"href":"https:\/\/losperiodistas.com.mx\/portal\/wp-json\/wp\/v2\/posts\/103709\/revisions\/103711"}],"wp:featuredmedia":[{"embeddable":true,"href":"https:\/\/losperiodistas.com.mx\/portal\/wp-json\/wp\/v2\/media\/103710"}],"wp:attachment":[{"href":"https:\/\/losperiodistas.com.mx\/portal\/wp-json\/wp\/v2\/media?parent=103709"}],"wp:term":[{"taxonomy":"category","embeddable":true,"href":"https:\/\/losperiodistas.com.mx\/portal\/wp-json\/wp\/v2\/categories?post=103709"},{"taxonomy":"post_tag","embeddable":true,"href":"https:\/\/losperiodistas.com.mx\/portal\/wp-json\/wp\/v2\/tags?post=103709"}],"curies":[{"name":"wp","href":"https:\/\/api.w.org\/{rel}","templated":true}]}}