{"id":103704,"date":"2025-07-29T20:20:14","date_gmt":"2025-07-30T02:20:14","guid":{"rendered":"https:\/\/losperiodistas.com.mx\/portal\/?p=103704"},"modified":"2025-07-29T20:20:15","modified_gmt":"2025-07-30T02:20:15","slug":"renuncia-teresa-reyes-a-la-comision-nacional-de-busqueda","status":"publish","type":"post","link":"https:\/\/losperiodistas.com.mx\/portal\/renuncia-teresa-reyes-a-la-comision-nacional-de-busqueda\/","title":{"rendered":"Renuncia Teresa Reyes a la Comisi\u00f3n Nacional de B\u00fasqueda"},"content":{"rendered":"\n<p>La Secretar\u00eda de Gobernaci\u00f3n publicar\u00e1 la pr\u00f3xima semana las bases para la consulta con la que se designar\u00e1 al nuevo o nueva titular<\/p>\n\n\n\n<figure class=\"wp-block-image size-large\"><img fetchpriority=\"high\" decoding=\"async\" width=\"1024\" height=\"576\" src=\"https:\/\/losperiodistas.com.mx\/portal\/wp-content\/uploads\/2025\/07\/ComisionBusqueda-1024x576.png\" alt=\"\" class=\"wp-image-103705\" srcset=\"https:\/\/losperiodistas.com.mx\/portal\/wp-content\/uploads\/2025\/07\/ComisionBusqueda-1024x576.png 1024w, https:\/\/losperiodistas.com.mx\/portal\/wp-content\/uploads\/2025\/07\/ComisionBusqueda-300x169.png 300w, https:\/\/losperiodistas.com.mx\/portal\/wp-content\/uploads\/2025\/07\/ComisionBusqueda-768x432.png 768w, https:\/\/losperiodistas.com.mx\/portal\/wp-content\/uploads\/2025\/07\/ComisionBusqueda.png 1240w\" sizes=\"(max-width: 1024px) 100vw, 1024px\" \/><figcaption class=\"wp-element-caption\">Teresa Guadalupe Reyes Sahag\u00fan era la titular de la Comisi\u00f3n Nacional de B\u00fasqueda. Foto: @LuisaAlcalde<\/figcaption><\/figure>\n\n\n\n<p class=\"has-vivid-red-color has-text-color has-link-color wp-elements-d76781aca744225ba25b5f514e085e30\">Omar Tinoco Morales \/ Infobae<\/p>\n\n\n\n<p><strong>Teresa Guadalupe Reyes Sahag\u00fan<\/strong> renunci\u00f3 a la<strong> Comisi\u00f3n Nacional de B\u00fasqueda<\/strong>, seg\u00fan inform\u00f3 la<strong> Secretar\u00eda de Gobernaci\u00f3n (Segob)<\/strong> a trav\u00e9s de un comunicado.<\/p>\n\n\n\n<p>Apenas<strong> a inicios de abril, colectivos de madres buscadoras solicitaron<\/strong>, a trav\u00e9s de las mesas de di\u00e1logo con Segob, la salida de Reyes Sahag\u00fan debido a los magros resultados de la Comisi\u00f3n, <strong>sin embargo, \u00e9sta \u00faltima rechaz\u00f3 en ese momento presentar su renuncia<\/strong>.<\/p>\n\n\n\n<p>La dependencia federal explic\u00f3 que <strong>la renuncia de Reyes Sahag\u00fan ser\u00e1 efectiva a partir del 31 de agosto<\/strong>, y en los pr\u00f3ximos d\u00edas se der\u00e1n a conocer las bases del proceso para designar a la persona que quedar\u00e1 al frente del organismo.<\/p>\n\n\n\n<p>\u201cLa consulta estar\u00e1 dirigida a colectivos de v\u00edctimas, <strong>personas expertas y organizaciones de la sociedad civil especializadas en desaparici\u00f3n forzada y b\u00fasqueda de personas\u201d<\/strong>, se\u00f1al\u00f3 Segob a trav\u00e9s de un comunicado.<\/p>\n\n\n\n<figure class=\"wp-block-image size-full\"><img decoding=\"async\" width=\"969\" height=\"545\" src=\"https:\/\/losperiodistas.com.mx\/portal\/wp-content\/uploads\/2025\/07\/Foto-de-Madres-Buscadoras.png\" alt=\"\" class=\"wp-image-103706\" srcset=\"https:\/\/losperiodistas.com.mx\/portal\/wp-content\/uploads\/2025\/07\/Foto-de-Madres-Buscadoras.png 969w, https:\/\/losperiodistas.com.mx\/portal\/wp-content\/uploads\/2025\/07\/Foto-de-Madres-Buscadoras-300x169.png 300w, https:\/\/losperiodistas.com.mx\/portal\/wp-content\/uploads\/2025\/07\/Foto-de-Madres-Buscadoras-768x432.png 768w\" sizes=\"(max-width: 969px) 100vw, 969px\" \/><figcaption class=\"wp-element-caption\">Foto: Madres Buscadoras de Sonora<\/figcaption><\/figure>\n\n\n\n<p>Tras la salida de Teresa Reyes, el gobierno federal espera la participaci\u00f3n de colectivos y organizaciones civiles, a fin de recibir propuestas de candidaturas que fortalezcan la labor de b\u00fasqueda, pues en M\u00e9xico la cifra de personas sin localizar es de casi 125 mil.<\/p>\n\n\n\n<p>Dependiente del gobierno federal, a trav\u00e9s de Segob, la funci\u00f3n de la Comisi\u00f3n Nacional de B\u00fasqueda es realizar y coordinar acciones de b\u00fasqueda de personas desaparecidas.<\/p>\n\n\n\n<p>Mientras el gobierno federal alista un cambio el la direcci\u00f3n de la CNB, el Congreso mantiene pendiente la aprobaci\u00f3n de la reforma en materia de b\u00fasqueda de personas desaparecidas, sin embargo, se espera que el dictamen sea de los primeros en ser votados a partir de septiembre.<\/p>\n\n\n\n<figure class=\"wp-block-image size-large\"><img decoding=\"async\" width=\"1024\" height=\"576\" src=\"https:\/\/losperiodistas.com.mx\/portal\/wp-content\/uploads\/2025\/07\/ColectivoMadresBuscadoras-1024x576.png\" alt=\"\" class=\"wp-image-103707\" srcset=\"https:\/\/losperiodistas.com.mx\/portal\/wp-content\/uploads\/2025\/07\/ColectivoMadresBuscadoras-1024x576.png 1024w, https:\/\/losperiodistas.com.mx\/portal\/wp-content\/uploads\/2025\/07\/ColectivoMadresBuscadoras-300x169.png 300w, https:\/\/losperiodistas.com.mx\/portal\/wp-content\/uploads\/2025\/07\/ColectivoMadresBuscadoras-768x432.png 768w, https:\/\/losperiodistas.com.mx\/portal\/wp-content\/uploads\/2025\/07\/ColectivoMadresBuscadoras.png 1240w\" sizes=\"(max-width: 1024px) 100vw, 1024px\" \/><figcaption class=\"wp-element-caption\">El colectivo de Madres Buscadoras de Sonora coloc\u00f3 tres cruces blancas en la zona donde fueron halladas las tres menores de edad. | X- Ceci Flores<\/figcaption><\/figure>\n\n\n\n<p>Antes de enviar la iniciativa al Congreso, la presidenta <strong>Claudia Sheinbaum Pardo expuso<\/strong> que con esta reforma la <strong>Comisi\u00f3n Nacional de B\u00fasqueda <\/strong>contar\u00e1 con m\u00e1s presupuesto, un tema que ha afectado su funcionamiento, seg\u00fan los colectivos.<\/p>\n\n\n\n<h2 class=\"wp-block-heading\">Segob present\u00f3 plan para implementar las reformas a Ley de Desaparici\u00f3n y B\u00fasqueda de Personas<\/h2>\n\n\n\n<p>Las principales acciones para implementar las reformas a la Ley General en Materia de Desaparici\u00f3n y B\u00fasqueda de Personas fueron presentadas el 23 de julio con la participaci\u00f3n de m\u00e1s de 450 colectivos y familias, seg\u00fan inform\u00f3 la Secretar\u00eda de Gobernaci\u00f3n.<\/p>\n\n\n\n<p>Entre las medidas m\u00e1s relevantes se encuentra la expedici\u00f3n del Reglamento de la Ley de B\u00fasqueda, que deber\u00e1 publicarse antes del 15 de octubre de 2025, as\u00ed como la actualizaci\u00f3n del Protocolo Homologado de B\u00fasqueda (PHB) para incorporar planes de seguridad y protecci\u00f3n a familiares.<\/p>\n\n\n\n<p>Adem\u00e1s, se prev\u00e9 la puesta en marcha de la Plataforma \u00danica de Identidad y la Alerta Nacional de B\u00fasqueda, el uso de datos biom\u00e9tricos e im\u00e1genes satelitales en los operativos, el fortalecimiento de Fiscal\u00edas Especializadas y del Banco Nacional de Datos Forenses, la creaci\u00f3n de la Base Nacional de Carpetas de Investigaci\u00f3n y la atenci\u00f3n al rezago en la identificaci\u00f3n de cuerpos y restos humanos.<\/p>\n\n\n\n<p>Tambi\u00e9n se contempla la atenci\u00f3n integral a hijos e hijas de personas desaparecidas y la armonizaci\u00f3n de leyes locales con la normativa federal.<\/p>\n\n\n\n<p>La secretaria de Gobernaci\u00f3n Rosa Icela Rodr\u00edguez subray\u00f3 que la presidenta Claudia Sheinbaum ha dado instrucciones para que este tema sea una prioridad del gobierno.<\/p>\n\n\n\n<p>Rodr\u00edguez afirm\u00f3: \u201cNo basta con la aprobaci\u00f3n de la ley; estamos trabajando en las consideraciones que nos han planteado, as\u00ed como la armonizaci\u00f3n de instrumentos normativos para el dise\u00f1o de una pol\u00edtica p\u00fablica en la materia\u201d.<\/p>\n\n\n\n<p>Fuente: <a href=\"https:\/\/www.infobae.com\/mexico\/2025\/07\/29\/renuncia-teresa-reyes-a-la-comision-nacional-de-busqueda\/\" target=\"_blank\" rel=\"noreferrer noopener\">Infobae<\/a><\/p>\n","protected":false},"excerpt":{"rendered":"<p>La Secretar\u00eda de Gobernaci\u00f3n publicar\u00e1 la pr\u00f3xima semana las bases para la consulta con la que se designar\u00e1 al nuevo o nueva titular<\/p>\n","protected":false},"author":1,"featured_media":103705,"comment_status":"open","ping_status":"open","sticky":false,"template":"","format":"standard","meta":{"site-sidebar-layout":"default","site-content-layout":"","ast-site-content-layout":"default","site-content-style":"default","site-sidebar-style":"default","ast-global-header-display":"","ast-banner-title-visibility":"","ast-main-header-display":"","ast-hfb-above-header-display":"","ast-hfb-below-header-display":"","ast-hfb-mobile-header-display":"","site-post-title":"","ast-breadcrumbs-content":"","ast-featured-img":"","footer-sml-layout":"","theme-transparent-header-meta":"","adv-header-id-meta":"","stick-header-meta":"","header-above-stick-meta":"","header-main-stick-meta":"","header-below-stick-meta":"","astra-migrate-meta-layouts":"default","ast-page-background-enabled":"default","ast-page-background-meta":{"desktop":{"background-color":"var(--ast-global-color-4)","background-image":"","background-repeat":"repeat","background-position":"center center","background-size":"auto","background-attachment":"scroll","background-type":"","background-media":"","overlay-type":"","overlay-color":"","overlay-opacity":"","overlay-gradient":""},"tablet":{"background-color":"","background-image":"","background-repeat":"repeat","background-position":"center center","background-size":"auto","background-attachment":"scroll","background-type":"","background-media":"","overlay-type":"","overlay-color":"","overlay-opacity":"","overlay-gradient":""},"mobile":{"background-color":"","background-image":"","background-repeat":"repeat","background-position":"center center","background-size":"auto","background-attachment":"scroll","background-type":"","background-media":"","overlay-type":"","overlay-color":"","overlay-opacity":"","overlay-gradient":""}},"ast-content-background-meta":{"desktop":{"background-color":"var(--ast-global-color-5)","background-image":"","background-repeat":"repeat","background-position":"center center","background-size":"auto","background-attachment":"scroll","background-type":"","background-media":"","overlay-type":"","overlay-color":"","overlay-opacity":"","overlay-gradient":""},"tablet":{"background-color":"var(--ast-global-color-5)","background-image":"","background-repeat":"repeat","background-position":"center center","background-size":"auto","background-attachment":"scroll","background-type":"","background-media":"","overlay-type":"","overlay-color":"","overlay-opacity":"","overlay-gradient":""},"mobile":{"background-color":"var(--ast-global-color-5)","background-image":"","background-repeat":"repeat","background-position":"center center","background-size":"auto","background-attachment":"scroll","background-type":"","background-media":"","overlay-type":"","overlay-color":"","overlay-opacity":"","overlay-gradient":""}},"footnotes":""},"categories":[8],"tags":[29109,9311,6130,40402],"class_list":["post-103704","post","type-post","status-publish","format-standard","has-post-thumbnail","hentry","category-noticias","tag-busqueda-de-personas","tag-comision-nacional-de-busqueda","tag-segob","tag-teresa-guadalupe-reyes-sahagun"],"_links":{"self":[{"href":"https:\/\/losperiodistas.com.mx\/portal\/wp-json\/wp\/v2\/posts\/103704","targetHints":{"allow":["GET"]}}],"collection":[{"href":"https:\/\/losperiodistas.com.mx\/portal\/wp-json\/wp\/v2\/posts"}],"about":[{"href":"https:\/\/losperiodistas.com.mx\/portal\/wp-json\/wp\/v2\/types\/post"}],"author":[{"embeddable":true,"href":"https:\/\/losperiodistas.com.mx\/portal\/wp-json\/wp\/v2\/users\/1"}],"replies":[{"embeddable":true,"href":"https:\/\/losperiodistas.com.mx\/portal\/wp-json\/wp\/v2\/comments?post=103704"}],"version-history":[{"count":1,"href":"https:\/\/losperiodistas.com.mx\/portal\/wp-json\/wp\/v2\/posts\/103704\/revisions"}],"predecessor-version":[{"id":103708,"href":"https:\/\/losperiodistas.com.mx\/portal\/wp-json\/wp\/v2\/posts\/103704\/revisions\/103708"}],"wp:featuredmedia":[{"embeddable":true,"href":"https:\/\/losperiodistas.com.mx\/portal\/wp-json\/wp\/v2\/media\/103705"}],"wp:attachment":[{"href":"https:\/\/losperiodistas.com.mx\/portal\/wp-json\/wp\/v2\/media?parent=103704"}],"wp:term":[{"taxonomy":"category","embeddable":true,"href":"https:\/\/losperiodistas.com.mx\/portal\/wp-json\/wp\/v2\/categories?post=103704"},{"taxonomy":"post_tag","embeddable":true,"href":"https:\/\/losperiodistas.com.mx\/portal\/wp-json\/wp\/v2\/tags?post=103704"}],"curies":[{"name":"wp","href":"https:\/\/api.w.org\/{rel}","templated":true}]}}