{"id":1036,"date":"2020-11-10T07:09:50","date_gmt":"2020-11-10T13:09:50","guid":{"rendered":"http:\/\/losperiodistas.com.mx\/portal\/?p=1036"},"modified":"2020-11-10T07:09:50","modified_gmt":"2020-11-10T13:09:50","slug":"tiros-al-aire-en-protesta-feminista-de-cancun-fueron-ordenados-para-salvaguardar-a-servidores-publicos-carlos-joaquin","status":"publish","type":"post","link":"https:\/\/losperiodistas.com.mx\/portal\/tiros-al-aire-en-protesta-feminista-de-cancun-fueron-ordenados-para-salvaguardar-a-servidores-publicos-carlos-joaquin\/","title":{"rendered":"Tiros al aire en protesta feminista de Canc\u00fan fueron ordenados para salvaguardar a servidores p\u00fablicos: Carlos Joaqu\u00edn"},"content":{"rendered":"\n<p><em>El gobernador del estado reprob\u00f3 los hechos y asegur\u00f3 que se investigar\u00e1 a fondo para castigar a los responsables<\/em><\/p>\n\n\n\n<p class=\"has-vivid-cyan-blue-color has-text-color has-medium-font-size\">INFOBAE<\/p>\n\n\n\n<p>Tras darse a conocer una serie de videos donde elementos de la polic\u00eda disparaban al aire para dispersar a los manifestantes en Canc\u00fan, el gobernador de Quintana Roo, Carlos Joaqu\u00edn, anunci\u00f3 que los primeros datos del evento revelan que&nbsp;<strong>la orden se dio para salvaguardar a los servidores p\u00fablicos que se encontraban al interior del edificio principal del municipio.<\/strong><\/p>\n\n\n\n<p><strong>Durante la protesta se incendi\u00f3 la fachada del<\/strong>&nbsp;<strong>Palacio Municipal&nbsp;<\/strong>del Ayuntamiento de Benito Ju\u00e1rez<strong>. Ante la supuesta presencia de personal al interior del inmueble<\/strong>, el director de la polic\u00eda municipal de Canc\u00fan, Eduardo Santamar\u00eda,&nbsp;<strong>habr\u00eda dado la orden de disparar al aire<\/strong>&nbsp;para dispersar a los manifestantes.<\/p>\n\n\n\n<p>As\u00ed lo dio a conocer el gobernador del estado, quien, adem\u00e1s, reprob\u00f3 el actuar de los agentes de seguridad que&nbsp;<strong>habr\u00edan herido por lo menos a cuatro personas&nbsp;<\/strong>durante la protesta.El director de la polic\u00eda municipal de Benito Ju\u00e1rez, Canc\u00fan, Eduardo Santamar\u00eda, dio la instrucci\u00f3n de disparar al aire para dispersar a los manifestantes que intentaban invadir las oficinas de la presidencia municipal con la finalidad de salvaguardar la integridad de los servidores p\u00fablicos que ah\u00ed laboraban<\/p>\n\n\n\n<p>Por medio de una transmisi\u00f3n en vivo en su cuenta oficial de Facebook, el gobernador tambi\u00e9n inform\u00f3 que varios polic\u00edas municipales participaron en dichas acciones, por lo que calific\u00f3 de necesario que&nbsp;<strong>la presidenta municipal de Canc\u00fan, Mara Ledezma, d\u00e9 de baja a los agentes implicados.&nbsp;<\/strong>Recalc\u00f3, adem\u00e1s, que \u00e9l mismo no puede cumplir esa acci\u00f3n porque no se encuentra dentro de las facultades de su cargo.<img fetchpriority=\"high\" decoding=\"async\" alt=\"Las autoridades aseguran que al momento del incendio hab\u00eda servidores p\u00fablicos al interior del palacio municipal (Foto: Reuters\/Israel Leal)\" height=\"3648\" src=\"https:\/\/www.infobae.com\/new-resizer\/NMHgFeL67ZmkTySABKslyyKurrw=\/420x280\/filters:format(jpg):quality(85)\/\/cloudfront-us-east-1.images.arcpublishing.com\/infobae\/KCPUDTJZNPF3KNRIXR65DEDXQQ.jpg\" width=\"5472\">Las autoridades aseguran que al momento del incendio hab\u00eda servidores p\u00fablicos al interior del palacio municipal (Foto: Reuters\/Israel Leal)<\/p>\n\n\n\n<p>Reiter\u00f3 que desde se convocaron las protestas le dio la instrucci\u00f3n al secretario de Seguridad P\u00fablica del Estado, Alberto Capella, para que no hubiera&nbsp;<strong>\u201cning\u00fan tipo de violencia o agresi\u00f3n en contra de los manifestantes\u201d.<\/strong><\/p>\n\n\n\n<p>El gobernador asegur\u00f3 que&nbsp;<strong>la instrucci\u00f3n se dio a todos los municipios de Quintana Roo, donde se habr\u00eda cumplido cabalmente<\/strong>. Sin embargo, en Canc\u00fan no sucedi\u00f3 as\u00ed.<\/p>\n\n\n\n<p>\u201cLas investigaciones confirmar\u00e1n si el secretario de Seguridad P\u00fablica dio la misma instrucci\u00f3n al director de la polic\u00eda municipal respecto de los hechos ocurridos en el palacio municipal de Canc\u00fan\u201d, indic\u00f3. Por otro lado, se\u00f1al\u00f3 que&nbsp;<strong>las v\u00edctimas del hecho ser\u00e1n respaldadas por el estado y se les reparar\u00e1 el da\u00f1o causado.<\/strong><\/p>\n\n\n\n<p>Finalmente reiter\u00f3 su compromiso tanto para enfrentar la violencia contra las mujeres como para defender la libertad de expresi\u00f3n.<\/p>\n\n\n\n<p>En entrevista con Azucena Uresti, Capella asegur\u00f3 que los implicados actuaron por voluntad propia y violaron los protocolos de actuaci\u00f3n policiaca. \u201cLamentablemente yo no estoy en el estado, evidentemente, tengo un equipo de trabajo en el que conf\u00edo, pero&nbsp;<strong>es inaceptable, una enorme estupidez\u201d<\/strong>, dijo a la conductora de&nbsp;<em>Milenio TV.<\/em><img decoding=\"async\" alt=\"Los agentes dispararon al aire y habr\u00edan herido por lo menos a cuatro personas (Foto: Reuters\/Jorge Delgado)\" height=\"3648\" src=\"https:\/\/www.infobae.com\/new-resizer\/do9NsmvUa6RTixq2qjW6qCJutOM=\/420x280\/filters:format(jpg):quality(85)\/\/cloudfront-us-east-1.images.arcpublishing.com\/infobae\/4VHLXBRZKFORB7DHLNPLQHYGO4.jpg\" width=\"5472\">Los agentes dispararon al aire y habr\u00edan herido por lo menos a cuatro personas (Foto: Reuters\/Jorge Delgado)<\/p>\n\n\n\n<p>Por su parte, la presidenta municipal de Canc\u00fan, Mara Ledezma, tambi\u00e9n reprob\u00f3 los hechos. Asegur\u00f3 que como mujer y funcionaria solicitar\u00eda<strong>&nbsp;\u201cque se ejerza toda la fuerza para castigar a los culpables. Que no haya impunidad\u201d.<\/strong><\/p>\n\n\n\n<p>Adem\u00e1s, se\u00f1al\u00f3 que las mujeres en M\u00e9xico, especialmente en Canc\u00fan, contaban con todo su respaldo y recalc\u00f3 que&nbsp;<strong>el municipio no cuenta con polic\u00eda a su cargo,&nbsp;<\/strong>m\u00e1s bien esta responde al mando \u00fanico estatal dirigido por Carlos Joaqu\u00edn.<\/p>\n\n\n\n<p>\u201cEn breve,<strong>\u00a0estar\u00e9 presentando las denuncias penales correspondientes\u00a0<\/strong>en contra de los elementos policiacos que actuaron de forma indebida, ilegal e inmoral\u201d, inform\u00f3. Del mismo modo, asegur\u00f3 que\u00a0<strong>est\u00e1n al tanto de presuntas detenciones durante la manifestaci\u00f3n\u00a0<\/strong>y exigieron la inmediata liberaci\u00f3n de esas personas.<\/p>\n\n\n\n<p>Fuente: https:\/\/www.infobae.com\/america\/mexico\/2020\/11\/10\/tiros-al-aire-en-protesta-feminista-de-cancun-habrian-sido-para-salvaguardar-a-servidores-publicos-carlos-joaquin\/<\/p>\n","protected":false},"excerpt":{"rendered":"<p>El gobernador del estado reprob\u00f3 los hechos y asegur\u00f3 que se investigar\u00e1 a fondo para castigar a los responsables INFOBAE [&hellip;]<\/p>\n","protected":false},"author":1,"featured_media":1037,"comment_status":"open","ping_status":"open","sticky":false,"template":"","format":"standard","meta":{"site-sidebar-layout":"default","site-content-layout":"","ast-site-content-layout":"default","site-content-style":"default","site-sidebar-style":"default","ast-global-header-display":"","ast-banner-title-visibility":"","ast-main-header-display":"","ast-hfb-above-header-display":"","ast-hfb-below-header-display":"","ast-hfb-mobile-header-display":"","site-post-title":"","ast-breadcrumbs-content":"","ast-featured-img":"","footer-sml-layout":"","theme-transparent-header-meta":"","adv-header-id-meta":"","stick-header-meta":"","header-above-stick-meta":"","header-main-stick-meta":"","header-below-stick-meta":"","astra-migrate-meta-layouts":"default","ast-page-background-enabled":"default","ast-page-background-meta":{"desktop":{"background-color":"var(--ast-global-color-4)","background-image":"","background-repeat":"repeat","background-position":"center center","background-size":"auto","background-attachment":"scroll","background-type":"","background-media":"","overlay-type":"","overlay-color":"","overlay-opacity":"","overlay-gradient":""},"tablet":{"background-color":"","background-image":"","background-repeat":"repeat","background-position":"center center","background-size":"auto","background-attachment":"scroll","background-type":"","background-media":"","overlay-type":"","overlay-color":"","overlay-opacity":"","overlay-gradient":""},"mobile":{"background-color":"","background-image":"","background-repeat":"repeat","background-position":"center center","background-size":"auto","background-attachment":"scroll","background-type":"","background-media":"","overlay-type":"","overlay-color":"","overlay-opacity":"","overlay-gradient":""}},"ast-content-background-meta":{"desktop":{"background-color":"var(--ast-global-color-5)","background-image":"","background-repeat":"repeat","background-position":"center center","background-size":"auto","background-attachment":"scroll","background-type":"","background-media":"","overlay-type":"","overlay-color":"","overlay-opacity":"","overlay-gradient":""},"tablet":{"background-color":"var(--ast-global-color-5)","background-image":"","background-repeat":"repeat","background-position":"center center","background-size":"auto","background-attachment":"scroll","background-type":"","background-media":"","overlay-type":"","overlay-color":"","overlay-opacity":"","overlay-gradient":""},"mobile":{"background-color":"var(--ast-global-color-5)","background-image":"","background-repeat":"repeat","background-position":"center center","background-size":"auto","background-attachment":"scroll","background-type":"","background-media":"","overlay-type":"","overlay-color":"","overlay-opacity":"","overlay-gradient":""}},"footnotes":""},"categories":[8],"tags":[],"class_list":["post-1036","post","type-post","status-publish","format-standard","has-post-thumbnail","hentry","category-noticias"],"_links":{"self":[{"href":"https:\/\/losperiodistas.com.mx\/portal\/wp-json\/wp\/v2\/posts\/1036","targetHints":{"allow":["GET"]}}],"collection":[{"href":"https:\/\/losperiodistas.com.mx\/portal\/wp-json\/wp\/v2\/posts"}],"about":[{"href":"https:\/\/losperiodistas.com.mx\/portal\/wp-json\/wp\/v2\/types\/post"}],"author":[{"embeddable":true,"href":"https:\/\/losperiodistas.com.mx\/portal\/wp-json\/wp\/v2\/users\/1"}],"replies":[{"embeddable":true,"href":"https:\/\/losperiodistas.com.mx\/portal\/wp-json\/wp\/v2\/comments?post=1036"}],"version-history":[{"count":1,"href":"https:\/\/losperiodistas.com.mx\/portal\/wp-json\/wp\/v2\/posts\/1036\/revisions"}],"predecessor-version":[{"id":1038,"href":"https:\/\/losperiodistas.com.mx\/portal\/wp-json\/wp\/v2\/posts\/1036\/revisions\/1038"}],"wp:featuredmedia":[{"embeddable":true,"href":"https:\/\/losperiodistas.com.mx\/portal\/wp-json\/wp\/v2\/media\/1037"}],"wp:attachment":[{"href":"https:\/\/losperiodistas.com.mx\/portal\/wp-json\/wp\/v2\/media?parent=1036"}],"wp:term":[{"taxonomy":"category","embeddable":true,"href":"https:\/\/losperiodistas.com.mx\/portal\/wp-json\/wp\/v2\/categories?post=1036"},{"taxonomy":"post_tag","embeddable":true,"href":"https:\/\/losperiodistas.com.mx\/portal\/wp-json\/wp\/v2\/tags?post=1036"}],"curies":[{"name":"wp","href":"https:\/\/api.w.org\/{rel}","templated":true}]}}