{"id":103441,"date":"2025-07-26T09:18:17","date_gmt":"2025-07-26T15:18:17","guid":{"rendered":"https:\/\/losperiodistas.com.mx\/portal\/?p=103441"},"modified":"2025-07-26T09:18:18","modified_gmt":"2025-07-26T15:18:18","slug":"verstappen-supera-a-piastri-y-gana-la-carrera-al-sprint-en-el-gp-de-belgica-iniciando-una-nueva-era-de-red-bull-en-la-f1-ap","status":"publish","type":"post","link":"https:\/\/losperiodistas.com.mx\/portal\/verstappen-supera-a-piastri-y-gana-la-carrera-al-sprint-en-el-gp-de-belgica-iniciando-una-nueva-era-de-red-bull-en-la-f1-ap\/","title":{"rendered":"Verstappen supera a Piastri y gana la carrera al sprint en el GP de B\u00e9lgica, iniciando una nueva era de Red Bull en la F1 | AP"},"content":{"rendered":"\n<figure class=\"wp-block-image size-large\"><img fetchpriority=\"high\" decoding=\"async\" width=\"1024\" height=\"683\" src=\"https:\/\/losperiodistas.com.mx\/portal\/wp-content\/uploads\/2025\/07\/descarga-3-1024x683.jpeg\" alt=\"\" class=\"wp-image-103442\" srcset=\"https:\/\/losperiodistas.com.mx\/portal\/wp-content\/uploads\/2025\/07\/descarga-3-1024x683.jpeg 1024w, https:\/\/losperiodistas.com.mx\/portal\/wp-content\/uploads\/2025\/07\/descarga-3-300x200.jpeg 300w, https:\/\/losperiodistas.com.mx\/portal\/wp-content\/uploads\/2025\/07\/descarga-3-768x512.jpeg 768w, https:\/\/losperiodistas.com.mx\/portal\/wp-content\/uploads\/2025\/07\/descarga-3.jpeg 1440w\" sizes=\"(max-width: 1024px) 100vw, 1024px\" \/><figcaption class=\"wp-element-caption\">Stephanie Lecoqc \/ Pool Foto v\u00eda AP<\/figcaption><\/figure>\n\n\n\n<p>SPA-FRANCORCHAMPS, B\u00e9lgica (AP) \u2014 Max Verstappen super\u00f3 a Oscar Piastri y condujo \u201c15 vueltas de clasificaci\u00f3n\u201d para ganar la carrera sprint&nbsp;<a href=\"https:\/\/apnews.com\/hub\/formula-one\">de F\u00f3rmula 1<\/a>&nbsp;en el Gran Premio de B\u00e9lgica el s\u00e1bado, mientras Red Bull comienza una nueva era sin&nbsp;<a href=\"https:\/\/apnews.com\/article\/red-bull-laurent-mekies-christian-horner-5b46316c297ad528594cda403d5e332d\">el despedido director del equipo Christian Horner<\/a>&nbsp;.<\/p>\n\n\n\n<p>Verstappen adelant\u00f3 a Piastri en la recta de la primera vuelta. El australiano se mantuvo cerca de Verstappen durante el resto de la carrera al sprint de 15 vueltas, pero no logr\u00f3 superar al cuatro veces campe\u00f3n.<\/p>\n\n\n\n<p>Lando Norris, en el otro McLaren, fue tercero despu\u00e9s de recuperar el puesto de Charles Leclerc de Ferrari y alcanzar a Piastri.<\/p>\n\n\n\n<h2 class=\"wp-block-heading\">Verstappen corre &#8216;por encima del l\u00edmite&#8217;<\/h2>\n\n\n\n<p>\u00abEst\u00e1s manteniendo coches m\u00e1s r\u00e1pidos detr\u00e1s, por lo que tienes que conducir por encima del l\u00edmite de lo que crees que es posible\u00bb, dijo Verstappen.<\/p>\n\n\n\n<p>La gesti\u00f3n de neum\u00e1ticos est\u00e1 descartada, y eso es lo que lo hace realmente dif\u00edcil. Solo estoy dando 15 vueltas de clasificaci\u00f3n para intentar mantenerlos atr\u00e1s en una pista donde la gesti\u00f3n de neum\u00e1ticos es importante.<\/p>\n\n\n\n<p>Fue la primera victoria de Verstappen en una carrera de cualquier tipo desde el Gran Premio de Emilia-Roma\u00f1a en mayo, y la primera al sprint desde el Gran Premio de Estados Unidos en octubre pasado.<\/p>\n\n\n\n<p>Piastri ampl\u00eda su ventaja sobre Norris en la clasificaci\u00f3n a nueve puntos de ocho. Verstappen es tercero, a 68 puntos del l\u00edder.<\/p>\n\n\n\n<p>Leclerc se mantuvo en cuarto lugar y fue un resultado impresionante para Haas, con Esteban Ocon quinto y Oliver Bearman s\u00e9ptimo. Carlos Sainz Jr. fue sexto para Williams e Isack Hadjar se llev\u00f3 el \u00faltimo punto para Racing Bulls en octavo lugar.<\/p>\n\n\n\n<figure class=\"wp-block-image size-large\"><img decoding=\"async\" width=\"1024\" height=\"683\" src=\"https:\/\/losperiodistas.com.mx\/portal\/wp-content\/uploads\/2025\/07\/descarga-1-1-1024x683.webp\" alt=\"\" class=\"wp-image-103443\" srcset=\"https:\/\/losperiodistas.com.mx\/portal\/wp-content\/uploads\/2025\/07\/descarga-1-1-1024x683.webp 1024w, https:\/\/losperiodistas.com.mx\/portal\/wp-content\/uploads\/2025\/07\/descarga-1-1-300x200.webp 300w, https:\/\/losperiodistas.com.mx\/portal\/wp-content\/uploads\/2025\/07\/descarga-1-1-768x512.webp 768w, https:\/\/losperiodistas.com.mx\/portal\/wp-content\/uploads\/2025\/07\/descarga-1-1.webp 1440w\" sizes=\"(max-width: 1024px) 100vw, 1024px\" \/><figcaption class=\"wp-element-caption\">Foto AP \/ Geert Vanden Wijngaert<\/figcaption><\/figure>\n\n\n\n<h2 class=\"wp-block-heading\">El dilema de McLaren<\/h2>\n\n\n\n<p>La clasificaci\u00f3n tendr\u00e1 lugar m\u00e1s tarde el s\u00e1bado para la carrera del Gran Premio del domingo, y McLaren tiene que tomar una decisi\u00f3n despu\u00e9s de perder ante Verstappen y Red Bull en el sprint.<\/p>\n\n\n\n<p>Verstappen no pudo igualar el ritmo general de los McLaren, pero fue el m\u00e1s r\u00e1pido donde realmente importaba. Opt\u00f3 por un aler\u00f3n trasero de menor carga aerodin\u00e1mica para maximizar la velocidad punta a costa del agarre.<\/p>\n\n\n\n<p>Eso ayud\u00f3 a Verstappen con su pase en la primera vuelta para tomar la delantera y luego ayud\u00f3 a asegurar que Piastri estuviera demasiado atr\u00e1s en las rectas para alinearse para adelantarlo en las siguientes curvas.<\/p>\n\n\n\n<p>\u00abNo tuve suficiente velocidad en l\u00ednea recta\u00bb, admiti\u00f3 Piastri, pero dijo que el riesgo de lluvia el domingo har\u00eda que fuera una apuesta arriesgada seguir el ejemplo de Verstappen.<\/p>\n\n\n\n<p>\u201cEl tiempo pinta bastante mal para ma\u00f1ana, lo que obviamente significa que probablemente no quieras usar mucho el aler\u00f3n, pero no quiero repetir el sprint que acabamos de hacer\u201d, dijo. \u201cLo revisaremos, a ver qu\u00e9 podemos hacer\u201d.<\/p>\n\n\n\n<p>___<\/p>\n\n\n\n<p>Carreras de autos AP:&nbsp;<a href=\"https:\/\/apnews.com\/hub\/auto-racing\">https:\/\/apnews.com\/hub\/auto-racing<\/a><\/p>\n\n\n\n<p>Fuente: <a href=\"https:\/\/apnews.com\/article\/f1-norris-piastri-verstappen-sprint-qualifying-belgian-4ea1fdd4295e5c5c177a90a449333008\">https:\/\/apnews.com\/article\/f1-norris-piastri-verstappen-sprint-qualifying-belgian-4ea1fdd4295e5c5c177a90a449333008<\/a><\/p>\n\n\n\n<p><\/p>\n","protected":false},"excerpt":{"rendered":"<p>SPA-FRANCORCHAMPS, B\u00e9lgica (AP) \u2014 Max Verstappen super\u00f3 a Oscar Piastri y condujo \u201c15 vueltas de clasificaci\u00f3n\u201d para ganar la carrera [&hellip;]<\/p>\n","protected":false},"author":1,"featured_media":103442,"comment_status":"open","ping_status":"open","sticky":false,"template":"","format":"standard","meta":{"site-sidebar-layout":"default","site-content-layout":"","ast-site-content-layout":"default","site-content-style":"default","site-sidebar-style":"default","ast-global-header-display":"","ast-banner-title-visibility":"","ast-main-header-display":"","ast-hfb-above-header-display":"","ast-hfb-below-header-display":"","ast-hfb-mobile-header-display":"","site-post-title":"","ast-breadcrumbs-content":"","ast-featured-img":"","footer-sml-layout":"","theme-transparent-header-meta":"","adv-header-id-meta":"","stick-header-meta":"","header-above-stick-meta":"","header-main-stick-meta":"","header-below-stick-meta":"","astra-migrate-meta-layouts":"default","ast-page-background-enabled":"default","ast-page-background-meta":{"desktop":{"background-color":"var(--ast-global-color-4)","background-image":"","background-repeat":"repeat","background-position":"center center","background-size":"auto","background-attachment":"scroll","background-type":"","background-media":"","overlay-type":"","overlay-color":"","overlay-opacity":"","overlay-gradient":""},"tablet":{"background-color":"","background-image":"","background-repeat":"repeat","background-position":"center center","background-size":"auto","background-attachment":"scroll","background-type":"","background-media":"","overlay-type":"","overlay-color":"","overlay-opacity":"","overlay-gradient":""},"mobile":{"background-color":"","background-image":"","background-repeat":"repeat","background-position":"center center","background-size":"auto","background-attachment":"scroll","background-type":"","background-media":"","overlay-type":"","overlay-color":"","overlay-opacity":"","overlay-gradient":""}},"ast-content-background-meta":{"desktop":{"background-color":"var(--ast-global-color-5)","background-image":"","background-repeat":"repeat","background-position":"center center","background-size":"auto","background-attachment":"scroll","background-type":"","background-media":"","overlay-type":"","overlay-color":"","overlay-opacity":"","overlay-gradient":""},"tablet":{"background-color":"var(--ast-global-color-5)","background-image":"","background-repeat":"repeat","background-position":"center center","background-size":"auto","background-attachment":"scroll","background-type":"","background-media":"","overlay-type":"","overlay-color":"","overlay-opacity":"","overlay-gradient":""},"mobile":{"background-color":"var(--ast-global-color-5)","background-image":"","background-repeat":"repeat","background-position":"center center","background-size":"auto","background-attachment":"scroll","background-type":"","background-media":"","overlay-type":"","overlay-color":"","overlay-opacity":"","overlay-gradient":""}},"footnotes":""},"categories":[8],"tags":[17688,40291,466,40290],"class_list":["post-103441","post","type-post","status-publish","format-standard","has-post-thumbnail","hentry","category-noticias","tag-gp-belgica","tag-piastri-belgica-2025","tag-red-bull","tag-verstappen-belgica-2025"],"_links":{"self":[{"href":"https:\/\/losperiodistas.com.mx\/portal\/wp-json\/wp\/v2\/posts\/103441","targetHints":{"allow":["GET"]}}],"collection":[{"href":"https:\/\/losperiodistas.com.mx\/portal\/wp-json\/wp\/v2\/posts"}],"about":[{"href":"https:\/\/losperiodistas.com.mx\/portal\/wp-json\/wp\/v2\/types\/post"}],"author":[{"embeddable":true,"href":"https:\/\/losperiodistas.com.mx\/portal\/wp-json\/wp\/v2\/users\/1"}],"replies":[{"embeddable":true,"href":"https:\/\/losperiodistas.com.mx\/portal\/wp-json\/wp\/v2\/comments?post=103441"}],"version-history":[{"count":1,"href":"https:\/\/losperiodistas.com.mx\/portal\/wp-json\/wp\/v2\/posts\/103441\/revisions"}],"predecessor-version":[{"id":103444,"href":"https:\/\/losperiodistas.com.mx\/portal\/wp-json\/wp\/v2\/posts\/103441\/revisions\/103444"}],"wp:featuredmedia":[{"embeddable":true,"href":"https:\/\/losperiodistas.com.mx\/portal\/wp-json\/wp\/v2\/media\/103442"}],"wp:attachment":[{"href":"https:\/\/losperiodistas.com.mx\/portal\/wp-json\/wp\/v2\/media?parent=103441"}],"wp:term":[{"taxonomy":"category","embeddable":true,"href":"https:\/\/losperiodistas.com.mx\/portal\/wp-json\/wp\/v2\/categories?post=103441"},{"taxonomy":"post_tag","embeddable":true,"href":"https:\/\/losperiodistas.com.mx\/portal\/wp-json\/wp\/v2\/tags?post=103441"}],"curies":[{"name":"wp","href":"https:\/\/api.w.org\/{rel}","templated":true}]}}