{"id":103430,"date":"2025-07-25T21:37:53","date_gmt":"2025-07-26T03:37:53","guid":{"rendered":"https:\/\/losperiodistas.com.mx\/portal\/?p=103430"},"modified":"2025-07-25T21:37:54","modified_gmt":"2025-07-26T03:37:54","slug":"no-puede-permitirse-la-violencia-de-genero-disfrazada-de-critica-sheinbaum","status":"publish","type":"post","link":"https:\/\/losperiodistas.com.mx\/portal\/no-puede-permitirse-la-violencia-de-genero-disfrazada-de-critica-sheinbaum\/","title":{"rendered":"No puede permitirse la violencia de g\u00e9nero disfrazada de cr\u00edtica: Sheinbaum"},"content":{"rendered":"\n<figure class=\"wp-block-image size-large\"><img fetchpriority=\"high\" decoding=\"async\" width=\"1024\" height=\"681\" src=\"https:\/\/losperiodistas.com.mx\/portal\/wp-content\/uploads\/2025\/07\/SheinbaumJulio25-1024x681.png\" alt=\"\" class=\"wp-image-103431\" srcset=\"https:\/\/losperiodistas.com.mx\/portal\/wp-content\/uploads\/2025\/07\/SheinbaumJulio25-1024x681.png 1024w, https:\/\/losperiodistas.com.mx\/portal\/wp-content\/uploads\/2025\/07\/SheinbaumJulio25-300x199.png 300w, https:\/\/losperiodistas.com.mx\/portal\/wp-content\/uploads\/2025\/07\/SheinbaumJulio25-768x511.png 768w, https:\/\/losperiodistas.com.mx\/portal\/wp-content\/uploads\/2025\/07\/SheinbaumJulio25.png 1388w\" sizes=\"(max-width: 1024px) 100vw, 1024px\" \/><figcaption class=\"wp-element-caption\">La presidenta Claudia Sheinbaum durante su conferencia matutina desde Palacio Nacional, en la Ciudad de M\u00e9xico, el 25 de julio de 2025. Foto Presidencia<\/figcaption><\/figure>\n\n\n\n<p class=\"has-vivid-red-color has-text-color has-link-color wp-elements-66ea5fd6cb1793959014c23279d17087\">Arturo S\u00e1nchez Jim\u00e9nez \/ Alma E. Mu\u00f1oz \/ La Jornada<\/p>\n\n\n\n<p>La presidenta Claudia Sheinbaum Pardo afirm\u00f3 este viernes que en M\u00e9xico debe garantizarse la libertad de expresi\u00f3n \u201cen todos los sentidos\u201d, pero subray\u00f3 que no puede permitirse la violencia de g\u00e9nero disfrazada de cr\u00edtica, especialmente cuando est\u00e1 motivada por misoginia o estereotipos sexistas.<\/p>\n\n\n\n<p>Consultada en su conferencia de prensa habitual en Palacio Nacional sobre la aparente tendencia de algunos gobernantes estatales a recurrir a la v\u00eda judicial para responder a las cr\u00edticas, Sheinbaum pidi\u00f3 analizar cada caso por separado y advirti\u00f3 que muchas de estas resoluciones judiciales tienen como base denuncias por violencia pol\u00edtica de g\u00e9nero.<\/p>\n\n\n\n<p>\u201cLo que hay que ver es cada caso, yo creo. Cada uno de los casos en qu\u00e9 circunstancias se dan\u201d, dijo. \u201cMuchos de estos casos en donde hay resoluciones de los tribunales electorales tienen que ver con la violencia contra las mujeres, violencia de g\u00e9nero\u201d, explic\u00f3. Se\u00f1al\u00f3 que es fundamental que tanto los tribunales como la sociedad distingan claramente cu\u00e1ndo existe violencia de g\u00e9nero real y cu\u00e1ndo se est\u00e1 utilizando de manera incorrecta esa figura legal para responder a cr\u00edticas leg\u00edtimas.<\/p>\n\n\n\n<p>En las \u00faltimas semanas, han sido cuestionadas resoluciones judiciales en estados como Campeche, Puebla, Tamaulipas y Guerrero, donde autoridades o actores pol\u00edticos han promovido medidas legales o sanciones p\u00fablicas contra periodistas, usuarios de redes sociales y ciudadanos por opiniones cr\u00edticas.<\/p>\n\n\n\n<p>Sheinbaum insisti\u00f3 en que las cr\u00edticas no deben ser judicializadas cuando se trata de opiniones leg\u00edtimas o cuestionamientos informados. \u201cLo que no debe haber es, si hay un tema que no tiene nada que ver con violencia contra las mujeres, utilizar la tipificaci\u00f3n de violencia contra la mujer frente a una posici\u00f3n de un periodista, de un peri\u00f3dico, de un medio, de una cr\u00edtica informada a un pol\u00edtico\u201d, se\u00f1al\u00f3.<\/p>\n\n\n\n<p>Al mismo tiempo, fue enf\u00e1tica en que la violencia por razones de g\u00e9nero debe ser rechazada por toda la sociedad. \u201cNo puede ser que a una mujer por su f\u00edsico, por de qu\u00e9 color lleva el cabello pintado, por cualquier tema, sea utilizado como una denostaci\u00f3n, porque ah\u00ed s\u00ed hay violencia contra la mujer\u201d, afirm\u00f3. A\u00f1adi\u00f3 que esta condena debe ir m\u00e1s all\u00e1 del \u00e1mbito judicial: \u201cAh\u00ed tiene que haber una condena social, ni siquiera solo de un tribunal\u201d.<\/p>\n\n\n\n<p>La mandataria pidi\u00f3 que de parte de los medios de comunicaci\u00f3n \u201chaya informaci\u00f3n responsable, que no haya mentiras en la manera y en lo que dicen. Y ahora con la nueva ley, el gran derecho de las audiencias, que es el gran triunfo de la ley de telecomunicaciones: el derecho del ciudadano a la informaci\u00f3n y al derecho de r\u00e9plica\u201d, concluy\u00f3.<\/p>\n\n\n\n<p>Fuente: <a href=\"https:\/\/www.jornada.com.mx\/noticia\/2025\/07\/25\/sociedad\/no-puede-permitirse-la-violencia-de-genero-disfrazada-de-critica-sheinbaum\" target=\"_blank\" rel=\"noreferrer noopener\">La Jornada<\/a><\/p>\n\n\n\n<p><\/p>\n","protected":false},"excerpt":{"rendered":"<p>Arturo S\u00e1nchez Jim\u00e9nez \/ Alma E. Mu\u00f1oz \/ La Jornada La presidenta Claudia Sheinbaum Pardo afirm\u00f3 este viernes que en [&hellip;]<\/p>\n","protected":false},"author":1,"featured_media":103431,"comment_status":"open","ping_status":"open","sticky":false,"template":"","format":"standard","meta":{"site-sidebar-layout":"default","site-content-layout":"","ast-site-content-layout":"default","site-content-style":"default","site-sidebar-style":"default","ast-global-header-display":"","ast-banner-title-visibility":"","ast-main-header-display":"","ast-hfb-above-header-display":"","ast-hfb-below-header-display":"","ast-hfb-mobile-header-display":"","site-post-title":"","ast-breadcrumbs-content":"","ast-featured-img":"","footer-sml-layout":"","theme-transparent-header-meta":"","adv-header-id-meta":"","stick-header-meta":"","header-above-stick-meta":"","header-main-stick-meta":"","header-below-stick-meta":"","astra-migrate-meta-layouts":"default","ast-page-background-enabled":"default","ast-page-background-meta":{"desktop":{"background-color":"var(--ast-global-color-4)","background-image":"","background-repeat":"repeat","background-position":"center center","background-size":"auto","background-attachment":"scroll","background-type":"","background-media":"","overlay-type":"","overlay-color":"","overlay-opacity":"","overlay-gradient":""},"tablet":{"background-color":"","background-image":"","background-repeat":"repeat","background-position":"center center","background-size":"auto","background-attachment":"scroll","background-type":"","background-media":"","overlay-type":"","overlay-color":"","overlay-opacity":"","overlay-gradient":""},"mobile":{"background-color":"","background-image":"","background-repeat":"repeat","background-position":"center center","background-size":"auto","background-attachment":"scroll","background-type":"","background-media":"","overlay-type":"","overlay-color":"","overlay-opacity":"","overlay-gradient":""}},"ast-content-background-meta":{"desktop":{"background-color":"var(--ast-global-color-5)","background-image":"","background-repeat":"repeat","background-position":"center center","background-size":"auto","background-attachment":"scroll","background-type":"","background-media":"","overlay-type":"","overlay-color":"","overlay-opacity":"","overlay-gradient":""},"tablet":{"background-color":"var(--ast-global-color-5)","background-image":"","background-repeat":"repeat","background-position":"center center","background-size":"auto","background-attachment":"scroll","background-type":"","background-media":"","overlay-type":"","overlay-color":"","overlay-opacity":"","overlay-gradient":""},"mobile":{"background-color":"var(--ast-global-color-5)","background-image":"","background-repeat":"repeat","background-position":"center center","background-size":"auto","background-attachment":"scroll","background-type":"","background-media":"","overlay-type":"","overlay-color":"","overlay-opacity":"","overlay-gradient":""}},"footnotes":""},"categories":[8],"tags":[1505,40285,4146],"class_list":["post-103430","post","type-post","status-publish","format-standard","has-post-thumbnail","hentry","category-noticias","tag-claudia-sheinbaum","tag-criticas","tag-violencia-de-genero"],"_links":{"self":[{"href":"https:\/\/losperiodistas.com.mx\/portal\/wp-json\/wp\/v2\/posts\/103430","targetHints":{"allow":["GET"]}}],"collection":[{"href":"https:\/\/losperiodistas.com.mx\/portal\/wp-json\/wp\/v2\/posts"}],"about":[{"href":"https:\/\/losperiodistas.com.mx\/portal\/wp-json\/wp\/v2\/types\/post"}],"author":[{"embeddable":true,"href":"https:\/\/losperiodistas.com.mx\/portal\/wp-json\/wp\/v2\/users\/1"}],"replies":[{"embeddable":true,"href":"https:\/\/losperiodistas.com.mx\/portal\/wp-json\/wp\/v2\/comments?post=103430"}],"version-history":[{"count":1,"href":"https:\/\/losperiodistas.com.mx\/portal\/wp-json\/wp\/v2\/posts\/103430\/revisions"}],"predecessor-version":[{"id":103432,"href":"https:\/\/losperiodistas.com.mx\/portal\/wp-json\/wp\/v2\/posts\/103430\/revisions\/103432"}],"wp:featuredmedia":[{"embeddable":true,"href":"https:\/\/losperiodistas.com.mx\/portal\/wp-json\/wp\/v2\/media\/103431"}],"wp:attachment":[{"href":"https:\/\/losperiodistas.com.mx\/portal\/wp-json\/wp\/v2\/media?parent=103430"}],"wp:term":[{"taxonomy":"category","embeddable":true,"href":"https:\/\/losperiodistas.com.mx\/portal\/wp-json\/wp\/v2\/categories?post=103430"},{"taxonomy":"post_tag","embeddable":true,"href":"https:\/\/losperiodistas.com.mx\/portal\/wp-json\/wp\/v2\/tags?post=103430"}],"curies":[{"name":"wp","href":"https:\/\/api.w.org\/{rel}","templated":true}]}}