{"id":103425,"date":"2025-07-25T21:34:39","date_gmt":"2025-07-26T03:34:39","guid":{"rendered":"https:\/\/losperiodistas.com.mx\/portal\/?p=103425"},"modified":"2025-07-25T21:34:41","modified_gmt":"2025-07-26T03:34:41","slug":"oscar-piastri-hace-anicos-record-de-checo-perez","status":"publish","type":"post","link":"https:\/\/losperiodistas.com.mx\/portal\/oscar-piastri-hace-anicos-record-de-checo-perez\/","title":{"rendered":"Oscar Piastri hace a\u00f1icos r\u00e9cord de &#8216;Checo&#8217; P\u00e9rez"},"content":{"rendered":"\n<p>Oscar Piastri conquist\u00f3 el Circuito de Spa-Francorchamps e hizo a\u00f1icos a &#8216;Checo&#8217; P\u00e9rez; Pedro Ram\u00edrez, el mexicano que hizo historia en GP de B\u00e9lgica<\/p>\n\n\n\n<figure class=\"wp-block-image size-full\"><img fetchpriority=\"high\" decoding=\"async\" width=\"962\" height=\"662\" src=\"https:\/\/losperiodistas.com.mx\/portal\/wp-content\/uploads\/2025\/07\/PiastriPerez.png\" alt=\"\" class=\"wp-image-103426\" srcset=\"https:\/\/losperiodistas.com.mx\/portal\/wp-content\/uploads\/2025\/07\/PiastriPerez.png 962w, https:\/\/losperiodistas.com.mx\/portal\/wp-content\/uploads\/2025\/07\/PiastriPerez-300x206.png 300w, https:\/\/losperiodistas.com.mx\/portal\/wp-content\/uploads\/2025\/07\/PiastriPerez-768x528.png 768w\" sizes=\"(max-width: 962px) 100vw, 962px\" \/><figcaption class=\"wp-element-caption\">Oscar Piastri saldr\u00e1 desde la pole position en la Carrera Sprint de B\u00e9lgica, por delante de Lando Norris y Max Verstappen. (Reuters y Mexsport)<\/figcaption><\/figure>\n\n\n\n<p>El piloto de McLaren, <strong>Oscar Piastri<\/strong>, se present\u00f3 en el <strong>GP de B\u00e9lgica 2025<\/strong> e hizo a\u00f1icos el r\u00e9cord impuesto por Sergio <em>Checo <\/em>P\u00e9rez, qued\u00e1ndose con la pole position para la Carrera Sprint; marc\u00f3 <strong>cuatro segundos por debajo <\/strong>del mexicano.<\/p>\n\n\n\n<p>En 2024, <strong>Sergio <em>Checo <\/em>P\u00e9rez<\/strong> vol\u00f3 en el <strong>Circuito de Spa-Francorchamps<\/strong> y \u2013tras 80 ediciones- se adue\u00f1\u00f3 del tiempo m\u00e1s r\u00e1pido en la historia del GP de B\u00e9lgica con una vuelta que cronometr\u00f3<strong> 1:44.701<\/strong>.<\/p>\n\n\n\n<p>Un a\u00f1o m\u00e1s tarde, durante la <strong>Calificaci\u00f3n para la Carrera Sprint<\/strong> del GP de B\u00e9lgica 2025, <strong>Oscar Piastri<\/strong> hizo rugir el motor de su McLaren y <strong>baj\u00f3 poco m\u00e1s de 4 segundos<\/strong> lo realizado por el piloto tapat\u00edo, quien se encuentra fuera de las pistas durante esta temporada. As\u00ed termin\u00f3 el r\u00e9cord.<\/p>\n\n\n\n<figure class=\"wp-block-image size-full\"><img decoding=\"async\" width=\"660\" height=\"495\" src=\"https:\/\/losperiodistas.com.mx\/portal\/wp-content\/uploads\/2025\/07\/piastricn250725.webp\" alt=\"\" class=\"wp-image-103427\" srcset=\"https:\/\/losperiodistas.com.mx\/portal\/wp-content\/uploads\/2025\/07\/piastricn250725.webp 660w, https:\/\/losperiodistas.com.mx\/portal\/wp-content\/uploads\/2025\/07\/piastricn250725-300x225.webp 300w\" sizes=\"(max-width: 660px) 100vw, 660px\" \/><\/figure>\n\n\n\n<p>PEDRO RAM\u00cdREZ, \u00daNICO MEXICANO EN CONQUISTAR B\u00c9LGICA<\/p>\n\n\n\n<p>Pese a que <strong>Sergio <em>Checo <\/em>P\u00e9rez<\/strong> se manten\u00eda con la vuelta m\u00e1s r\u00e1pida en la historia del GP de B\u00e9lgica, en ninguna de las<strong> ediciones disputadas<\/strong> logr\u00f3 subir a lo m\u00e1s alto del podio. Su mejor resultado fue un <strong>segundo puesto<\/strong> obtenido en las ediciones: <strong>2022 y 2023<\/strong>.<\/p>\n\n\n\n<p>Fue en <strong>1970 <\/strong>cuando <strong>Pedro Rodr\u00edguez <\/strong>hizo que se entonara el Himno Nacional de M\u00e9xico en el <strong>Circuito de Spa-Francorchamps<\/strong>, mismo en el que tras 28 vueltas logr\u00f3 remontar 5 posiciones (6\u00b0 en la parrilla de salida) para quedar por delante de Chris Amon y Jean-Pierre Beltoise; Jackie Stewart \u2013quien se hab\u00eda llevado la pole- se retir\u00f3 en la vuelta 14, a la mitad de la carrera.<\/p>\n\n\n\n<figure class=\"wp-block-embed is-type-rich is-provider-twitter wp-block-embed-twitter\"><div class=\"wp-block-embed__wrapper\">\nhttps:\/\/twitter.com\/F1\/status\/815864330361114624\n<\/div><\/figure>\n\n\n\n<p>Fuente: <a href=\"https:\/\/www.excelsior.com.mx\/adrenalina\/oscar-piastri-hace-anicos-a-checo-perez\/1729207\" target=\"_blank\" rel=\"noreferrer noopener\">Exc\u00e9lsior<\/a><\/p>\n","protected":false},"excerpt":{"rendered":"<p>Oscar Piastri conquist\u00f3 el Circuito de Spa-Francorchamps e hizo a\u00f1icos a &#8216;Checo&#8217; P\u00e9rez; Pedro Ram\u00edrez, el mexicano que hizo historia en GP de B\u00e9lgica <\/p>\n","protected":false},"author":1,"featured_media":103426,"comment_status":"open","ping_status":"open","sticky":false,"template":"","format":"standard","meta":{"site-sidebar-layout":"default","site-content-layout":"","ast-site-content-layout":"default","site-content-style":"default","site-sidebar-style":"default","ast-global-header-display":"","ast-banner-title-visibility":"","ast-main-header-display":"","ast-hfb-above-header-display":"","ast-hfb-below-header-display":"","ast-hfb-mobile-header-display":"","site-post-title":"","ast-breadcrumbs-content":"","ast-featured-img":"","footer-sml-layout":"","theme-transparent-header-meta":"","adv-header-id-meta":"","stick-header-meta":"","header-above-stick-meta":"","header-main-stick-meta":"","header-below-stick-meta":"","astra-migrate-meta-layouts":"default","ast-page-background-enabled":"default","ast-page-background-meta":{"desktop":{"background-color":"var(--ast-global-color-4)","background-image":"","background-repeat":"repeat","background-position":"center center","background-size":"auto","background-attachment":"scroll","background-type":"","background-media":"","overlay-type":"","overlay-color":"","overlay-opacity":"","overlay-gradient":""},"tablet":{"background-color":"","background-image":"","background-repeat":"repeat","background-position":"center center","background-size":"auto","background-attachment":"scroll","background-type":"","background-media":"","overlay-type":"","overlay-color":"","overlay-opacity":"","overlay-gradient":""},"mobile":{"background-color":"","background-image":"","background-repeat":"repeat","background-position":"center center","background-size":"auto","background-attachment":"scroll","background-type":"","background-media":"","overlay-type":"","overlay-color":"","overlay-opacity":"","overlay-gradient":""}},"ast-content-background-meta":{"desktop":{"background-color":"var(--ast-global-color-5)","background-image":"","background-repeat":"repeat","background-position":"center center","background-size":"auto","background-attachment":"scroll","background-type":"","background-media":"","overlay-type":"","overlay-color":"","overlay-opacity":"","overlay-gradient":""},"tablet":{"background-color":"var(--ast-global-color-5)","background-image":"","background-repeat":"repeat","background-position":"center center","background-size":"auto","background-attachment":"scroll","background-type":"","background-media":"","overlay-type":"","overlay-color":"","overlay-opacity":"","overlay-gradient":""},"mobile":{"background-color":"var(--ast-global-color-5)","background-image":"","background-repeat":"repeat","background-position":"center center","background-size":"auto","background-attachment":"scroll","background-type":"","background-media":"","overlay-type":"","overlay-color":"","overlay-opacity":"","overlay-gradient":""}},"footnotes":""},"categories":[8],"tags":[276,40284,27753],"class_list":["post-103425","post","type-post","status-publish","format-standard","has-post-thumbnail","hentry","category-noticias","tag-checo-perez","tag-gp-de-belgica","tag-piastri"],"_links":{"self":[{"href":"https:\/\/losperiodistas.com.mx\/portal\/wp-json\/wp\/v2\/posts\/103425","targetHints":{"allow":["GET"]}}],"collection":[{"href":"https:\/\/losperiodistas.com.mx\/portal\/wp-json\/wp\/v2\/posts"}],"about":[{"href":"https:\/\/losperiodistas.com.mx\/portal\/wp-json\/wp\/v2\/types\/post"}],"author":[{"embeddable":true,"href":"https:\/\/losperiodistas.com.mx\/portal\/wp-json\/wp\/v2\/users\/1"}],"replies":[{"embeddable":true,"href":"https:\/\/losperiodistas.com.mx\/portal\/wp-json\/wp\/v2\/comments?post=103425"}],"version-history":[{"count":1,"href":"https:\/\/losperiodistas.com.mx\/portal\/wp-json\/wp\/v2\/posts\/103425\/revisions"}],"predecessor-version":[{"id":103428,"href":"https:\/\/losperiodistas.com.mx\/portal\/wp-json\/wp\/v2\/posts\/103425\/revisions\/103428"}],"wp:featuredmedia":[{"embeddable":true,"href":"https:\/\/losperiodistas.com.mx\/portal\/wp-json\/wp\/v2\/media\/103426"}],"wp:attachment":[{"href":"https:\/\/losperiodistas.com.mx\/portal\/wp-json\/wp\/v2\/media?parent=103425"}],"wp:term":[{"taxonomy":"category","embeddable":true,"href":"https:\/\/losperiodistas.com.mx\/portal\/wp-json\/wp\/v2\/categories?post=103425"},{"taxonomy":"post_tag","embeddable":true,"href":"https:\/\/losperiodistas.com.mx\/portal\/wp-json\/wp\/v2\/tags?post=103425"}],"curies":[{"name":"wp","href":"https:\/\/api.w.org\/{rel}","templated":true}]}}