{"id":102905,"date":"2025-07-18T09:39:12","date_gmt":"2025-07-18T15:39:12","guid":{"rendered":"https:\/\/losperiodistas.com.mx\/portal\/?p=102905"},"modified":"2025-07-18T09:39:14","modified_gmt":"2025-07-18T15:39:14","slug":"pompeya-recupera-un-mosaico-romano-localizado-en-alemania-y-robado-durante-la-segunda-guerra-mundial-ld","status":"publish","type":"post","link":"https:\/\/losperiodistas.com.mx\/portal\/pompeya-recupera-un-mosaico-romano-localizado-en-alemania-y-robado-durante-la-segunda-guerra-mundial-ld\/","title":{"rendered":"Pompeya recupera un mosaico romano localizado en Alemania y robado durante la Segunda Guerra Mundial | LD"},"content":{"rendered":"\n<h2 class=\"wp-block-heading has-blush-light-purple-gradient-background has-background\">La pieza se encontraba en manos de un ciudadano alem\u00e1n, ya fallecido, quien la habr\u00eda recibido como obsequio de un capit\u00e1n de la Wehrmacht alemana.<\/h2>\n\n\n\n<figure class=\"wp-block-image size-full\"><img fetchpriority=\"high\" decoding=\"async\" width=\"697\" height=\"466\" src=\"https:\/\/losperiodistas.com.mx\/portal\/wp-content\/uploads\/2025\/07\/domus-augusta-italia.jpg.jpeg\" alt=\"\" class=\"wp-image-102906\" srcset=\"https:\/\/losperiodistas.com.mx\/portal\/wp-content\/uploads\/2025\/07\/domus-augusta-italia.jpg.jpeg 697w, https:\/\/losperiodistas.com.mx\/portal\/wp-content\/uploads\/2025\/07\/domus-augusta-italia.jpg-300x201.jpeg 300w\" sizes=\"(max-width: 697px) 100vw, 697px\" \/><figcaption class=\"wp-element-caption\">Pompeya recupera un mosaico romano localizado en Alemania y robado durante la Segunda Guerra Mundial |\u00a0Ministerio de Cultura de Italia<\/figcaption><\/figure>\n\n\n\n<p class=\"has-vivid-red-color has-text-color has-link-color has-medium-font-size wp-elements-67d97246e14e64c2800aa3ffd1bc3f6b\"><strong><a href=\"https:\/\/www.libertaddigital.com\/autores\/antonio-jimenez\/\">Antonio J. Mole\u00f3n<\/a> \/ Libertad Digital<\/strong><\/p>\n\n\n\n<p>El&nbsp;<strong>Parque Arqueol\u00f3gico de Pompeya<\/strong>&nbsp;ha recuperado este martes un mosaico romano de tem\u00e1tica er\u00f3tica, robado durante la Segunda Guerra Mundial y<strong>&nbsp;localizado en Alemania<\/strong>&nbsp;por la polic\u00eda italiana en 2023. La obra, un panel de mosaico sobre losa de travertino que representa a una pareja de amantes semidesnudos, data del siglo I a.C., seg\u00fan informaron este martes los Carabineros (polic\u00eda militarizada italiana).<\/p>\n\n\n\n<p>Las autoridades calificaron la pieza como \u00ab<strong>una obra de extraordinario inter\u00e9s cultural<\/strong>\u00ab, relacionada con los saqueos de obras de arte del patrimonio del Estado italiano ocurridos durante la Segunda Guerra Mundial. El mosaico, cuyo origen se sit\u00faa en la zona vesubiana, pr\u00f3xima a Pompeya, fue repatriado mediante un env\u00edo diplom\u00e1tico gestionado por el Consulado General de Italia en Stuttgart (Alemania).<\/p>\n\n\n\n<p>La pieza se encontraba en manos de un ciudadano alem\u00e1n, ya fallecido, quien la habr\u00eda recibido como&nbsp;<strong>obsequio de un capit\u00e1n de la Wehrmacht alemana<\/strong>, encargado de la cadena de suministros militares en Italia durante la Segunda Guerra Mundial. Tras su muerte, los herederos del \u00faltimo poseedor contactaron con el Comando de Carabineros para la Protecci\u00f3n del Patrimonio Cultural (TPC), para devolver la obra a Italia.<\/p>\n\n\n\n<p>El proceso de repatriaci\u00f3n concluy\u00f3 el 16 de septiembre de 2023 y, una vez en Italia, los expertos del Parque Arqueol\u00f3gico de Pompeya lograron vincular el hallazgo con el territorio vesubiano, a pesar de la escasa documentaci\u00f3n sobre su contexto original.&nbsp;<strong>El panel fue oficialmente asignado al parque<\/strong>, donde ha sido catalogado, protegido y puesto en valor, con el objetivo de favorecer su estudio, exhibici\u00f3n y difusi\u00f3n educativa.<\/p>\n\n\n\n<p>Fuente: <a href=\"https:\/\/www.libertaddigital.com\/cultura\/arte\/2025-07-17\/pompeya-recupera-un-mosaico-romano-localizado-en-alemania-y-robado-durante-la-segunda-guerra-mundial-7277861\/\">https:\/\/www.libertaddigital.com\/cultura\/arte\/2025-07-17\/pompeya-recupera-un-mosaico-romano-localizado-en-alemania-y-robado-durante-la-segunda-guerra-mundial-7277861\/<\/a><\/p>\n","protected":false},"excerpt":{"rendered":"<p>La pieza se encontraba en manos de un ciudadano alem\u00e1n, ya fallecido, quien la habr\u00eda recibido como obsequio de un [&hellip;]<\/p>\n","protected":false},"author":1,"featured_media":102906,"comment_status":"open","ping_status":"open","sticky":false,"template":"","format":"standard","meta":{"site-sidebar-layout":"default","site-content-layout":"","ast-site-content-layout":"default","site-content-style":"default","site-sidebar-style":"default","ast-global-header-display":"","ast-banner-title-visibility":"","ast-main-header-display":"","ast-hfb-above-header-display":"","ast-hfb-below-header-display":"","ast-hfb-mobile-header-display":"","site-post-title":"","ast-breadcrumbs-content":"","ast-featured-img":"","footer-sml-layout":"","theme-transparent-header-meta":"","adv-header-id-meta":"","stick-header-meta":"","header-above-stick-meta":"","header-main-stick-meta":"","header-below-stick-meta":"","astra-migrate-meta-layouts":"default","ast-page-background-enabled":"default","ast-page-background-meta":{"desktop":{"background-color":"var(--ast-global-color-4)","background-image":"","background-repeat":"repeat","background-position":"center center","background-size":"auto","background-attachment":"scroll","background-type":"","background-media":"","overlay-type":"","overlay-color":"","overlay-opacity":"","overlay-gradient":""},"tablet":{"background-color":"","background-image":"","background-repeat":"repeat","background-position":"center center","background-size":"auto","background-attachment":"scroll","background-type":"","background-media":"","overlay-type":"","overlay-color":"","overlay-opacity":"","overlay-gradient":""},"mobile":{"background-color":"","background-image":"","background-repeat":"repeat","background-position":"center center","background-size":"auto","background-attachment":"scroll","background-type":"","background-media":"","overlay-type":"","overlay-color":"","overlay-opacity":"","overlay-gradient":""}},"ast-content-background-meta":{"desktop":{"background-color":"var(--ast-global-color-5)","background-image":"","background-repeat":"repeat","background-position":"center center","background-size":"auto","background-attachment":"scroll","background-type":"","background-media":"","overlay-type":"","overlay-color":"","overlay-opacity":"","overlay-gradient":""},"tablet":{"background-color":"var(--ast-global-color-5)","background-image":"","background-repeat":"repeat","background-position":"center center","background-size":"auto","background-attachment":"scroll","background-type":"","background-media":"","overlay-type":"","overlay-color":"","overlay-opacity":"","overlay-gradient":""},"mobile":{"background-color":"var(--ast-global-color-5)","background-image":"","background-repeat":"repeat","background-position":"center center","background-size":"auto","background-attachment":"scroll","background-type":"","background-media":"","overlay-type":"","overlay-color":"","overlay-opacity":"","overlay-gradient":""}},"footnotes":""},"categories":[8],"tags":[40069,40068,3413],"class_list":["post-102905","post","type-post","status-publish","format-standard","has-post-thumbnail","hentry","category-noticias","tag-mosico-romano-erotico","tag-parque-arqueologico-de-pompeya","tag-pompeya"],"_links":{"self":[{"href":"https:\/\/losperiodistas.com.mx\/portal\/wp-json\/wp\/v2\/posts\/102905","targetHints":{"allow":["GET"]}}],"collection":[{"href":"https:\/\/losperiodistas.com.mx\/portal\/wp-json\/wp\/v2\/posts"}],"about":[{"href":"https:\/\/losperiodistas.com.mx\/portal\/wp-json\/wp\/v2\/types\/post"}],"author":[{"embeddable":true,"href":"https:\/\/losperiodistas.com.mx\/portal\/wp-json\/wp\/v2\/users\/1"}],"replies":[{"embeddable":true,"href":"https:\/\/losperiodistas.com.mx\/portal\/wp-json\/wp\/v2\/comments?post=102905"}],"version-history":[{"count":1,"href":"https:\/\/losperiodistas.com.mx\/portal\/wp-json\/wp\/v2\/posts\/102905\/revisions"}],"predecessor-version":[{"id":102907,"href":"https:\/\/losperiodistas.com.mx\/portal\/wp-json\/wp\/v2\/posts\/102905\/revisions\/102907"}],"wp:featuredmedia":[{"embeddable":true,"href":"https:\/\/losperiodistas.com.mx\/portal\/wp-json\/wp\/v2\/media\/102906"}],"wp:attachment":[{"href":"https:\/\/losperiodistas.com.mx\/portal\/wp-json\/wp\/v2\/media?parent=102905"}],"wp:term":[{"taxonomy":"category","embeddable":true,"href":"https:\/\/losperiodistas.com.mx\/portal\/wp-json\/wp\/v2\/categories?post=102905"},{"taxonomy":"post_tag","embeddable":true,"href":"https:\/\/losperiodistas.com.mx\/portal\/wp-json\/wp\/v2\/tags?post=102905"}],"curies":[{"name":"wp","href":"https:\/\/api.w.org\/{rel}","templated":true}]}}