{"id":102893,"date":"2025-07-18T09:22:56","date_gmt":"2025-07-18T15:22:56","guid":{"rendered":"https:\/\/losperiodistas.com.mx\/portal\/?p=102893"},"modified":"2025-07-18T09:22:57","modified_gmt":"2025-07-18T15:22:57","slug":"trump-envuelto-en-la-controversia-sobre-epstein-mientras-el-wall-street-journal-informa-sobre-una-carta-de-2003-ap","status":"publish","type":"post","link":"https:\/\/losperiodistas.com.mx\/portal\/trump-envuelto-en-la-controversia-sobre-epstein-mientras-el-wall-street-journal-informa-sobre-una-carta-de-2003-ap\/","title":{"rendered":"Trump envuelto en la controversia sobre Epstein mientras el Wall Street Journal informa sobre una carta de 2003 | AP"},"content":{"rendered":"\n<figure class=\"wp-block-image size-large\"><img fetchpriority=\"high\" decoding=\"async\" width=\"1024\" height=\"679\" src=\"https:\/\/losperiodistas.com.mx\/portal\/wp-content\/uploads\/2025\/07\/Captura-de-pantalla-2025-07-18-a-las-9.19.13\u202fa.m-1024x679.png\" alt=\"\" class=\"wp-image-102894\" srcset=\"https:\/\/losperiodistas.com.mx\/portal\/wp-content\/uploads\/2025\/07\/Captura-de-pantalla-2025-07-18-a-las-9.19.13\u202fa.m-1024x679.png 1024w, https:\/\/losperiodistas.com.mx\/portal\/wp-content\/uploads\/2025\/07\/Captura-de-pantalla-2025-07-18-a-las-9.19.13\u202fa.m-300x199.png 300w, https:\/\/losperiodistas.com.mx\/portal\/wp-content\/uploads\/2025\/07\/Captura-de-pantalla-2025-07-18-a-las-9.19.13\u202fa.m-768x509.png 768w, https:\/\/losperiodistas.com.mx\/portal\/wp-content\/uploads\/2025\/07\/Captura-de-pantalla-2025-07-18-a-las-9.19.13\u202fa.m-1536x1018.png 1536w, https:\/\/losperiodistas.com.mx\/portal\/wp-content\/uploads\/2025\/07\/Captura-de-pantalla-2025-07-18-a-las-9.19.13\u202fa.m.png 1958w\" sizes=\"(max-width: 1024px) 100vw, 1024px\" \/><figcaption class=\"wp-element-caption\">La secretaria de prensa de la Casa Blanca, Karoline Leavitt, dijo a los periodistas el mi\u00e9rcoles que el presidente Donald Trump no recomendar\u00e1 un fiscal especial en el caso de tr\u00e1fico sexual de Jeffrey Epstein, incluso cuando la administraci\u00f3n sostiene que ha sido completamente \u00abtransparente\u00bb en su manejo del asunto.<\/figcaption><\/figure>\n\n\n\n<p class=\"has-vivid-red-color has-text-color has-link-color wp-elements-d6213e2defd163064837335184029e22\">Por\u00a0\u00a0<strong><a href=\"https:\/\/apnews.com\/author\/eric-tucker\">ERIC TUCKER<\/a>\u00a0y\u00a0<a href=\"https:\/\/apnews.com\/author\/alanna-durkin-richer\">ALANNA DURKIN RICHER<\/a> \/ AP<\/strong><\/p>\n\n\n\n<p>WASHINGTON (AP) \u2014&nbsp;<a href=\"https:\/\/apnews.com\/article\/trump-epstein-conspiracy-theories-bondi-bongino-fbi-a143076353acbc1193cb9697e7fc4a90\">La controversia sobre<\/a>&nbsp;el manejo por parte del presidente Donald Trump de los registros de la investigaci\u00f3n de Jeffrey Epstein entr\u00f3 en una nueva dimensi\u00f3n el jueves mientras su gobierno lucha por cumplir sus promesas de publicar detalles sobre el caso de tr\u00e1fico sexual que involucra a un ex amigo del ahora presidente.<\/p>\n\n\n\n<p>Trump prometi\u00f3 una demanda despu\u00e9s de que The Wall Street Journal describiera una carta sexualmente sugerente que, seg\u00fan el peri\u00f3dico, llevaba el nombre de Trump y que se incluy\u00f3 en un \u00e1lbum de 2003 para el 50.\u00ba cumplea\u00f1os de Epstein. Trump neg\u00f3 haber escrito la carta, calific\u00e1ndola de \u00abfalsa, maliciosa y difamatoria\u00bb.<\/p>\n\n\n\n<p>Esto se produjo despu\u00e9s de que&nbsp;<a href=\"https:\/\/apnews.com\/article\/trump-supporters-epstein-sex-trafficking-investigation-bondi-47370e63060d79af64b0b8ac70b970a4\">Trump en los \u00faltimos d\u00edas calificara de \u00abd\u00e9biles\u00bb<\/a>&nbsp;a los partidarios que compiten por m\u00e1s registros de la investigaci\u00f3n de Epstein, despu\u00e9s de a\u00f1os de cortejar el apoyo pol\u00edtico de aquellos que han avivado las afirmaciones de un encubrimiento en el caso para proteger a los amigos ricos de Epstein, quien se suicid\u00f3 en 2019 en espera de juicio por cargos federales de tr\u00e1fico de ni\u00f1as menores de edad.<\/p>\n\n\n\n<p>Trump tambi\u00e9n ha&nbsp;<a href=\"https:\/\/apnews.com\/article\/bondi-epstein-justice-department-trump-c48d6fe79a38ffdf804d8b5042042504\">protegido a su fiscal general<\/a>&nbsp;de ser interrogada sobre el caso despu\u00e9s de que ella se retractara de las afirmaciones de la existencia de una \u00ablista de clientes\u00bb de \u00e9lites que participaron en los cr\u00edmenes de Epstein, e incluso ha llegado a&nbsp;<a href=\"https:\/\/apnews.com\/article\/trump-epstein-obama-biden-comey-democrats-conspiracies-41c0d5565beb9b50fdac63361f516583\">afirmar sin pruebas que los archivos fueron manipulados por los dem\u00f3cratas<\/a>&nbsp;.<\/p>\n\n\n\n<p>En una administraci\u00f3n que se enorgullece de cambiar la narrativa sobre historias negativas, la saga de Epstein ha tenido un poder de permanencia notable,&nbsp;<a href=\"https:\/\/apnews.com\/article\/epstein-files-dan-bongino-bondi-trump-fbi-0f02f67b6c97fc50e4d93bc4dbf4c4d0\">en parte gracias a las luchas internas en los altos niveles de gobierno<\/a>&nbsp;, las cr\u00edticas mordaces de Trump a su propia base y el&nbsp;<a href=\"https:\/\/apnews.com\/article\/jeffrey-epstein-files-pam-bondi-trump-1a6af3e9fa1cfb6d267985a971a4929a\">misterio desconcertante de por qu\u00e9 los documentos que su propia administraci\u00f3n prometi\u00f3 desbloquear<\/a>&nbsp;permanecer\u00e1n enterrados, aparentemente para siempre.<\/p>\n\n\n\n<figure class=\"wp-block-image\"><img decoding=\"async\" src=\"https:\/\/dims.apnews.com\/dims4\/default\/dbd4e40\/2147483647\/strip\/true\/crop\/5776x3851+0+0\/resize\/599x399!\/quality\/90\/?url=https%3A%2F%2Fassets.apnews.com%2F76%2F1f%2F00dcaaf0fa0f1cd71b471264fa01%2F29ee39764b114d3998767bf2b9741e99\" alt=\"La fiscal general Pam Bondi habla con la prensa mientras el presidente Donald Trump escucha, el viernes 27 de junio de 2025, en la sala de prensa de la Casa Blanca en Washington. (Foto AP\/Jacquelyn Martin)\"\/><figcaption class=\"wp-element-caption\">La fiscal general Pam Bondi habla con la prensa mientras el presidente Donald Trump escucha, el viernes 27 de junio de 2025, en la sala de prensa de la Casa Blanca en Washington. (Foto AP\/Jacquelyn Martin)<\/figcaption><\/figure>\n\n\n\n<p>La revelaci\u00f3n del jueves, sumada a la frustraci\u00f3n de los legisladores aliados de Trump en el Capitolio, empuj\u00f3 a Trump a revertir abruptamente el rumbo y ordenar a la Fiscal General Pam Bondi que intentara hacer p\u00fablicos algunos de los documentos del caso.<\/p>\n\n\n\n<p>Bondi dijo que el viernes solicitar\u00eda permiso judicial para divulgar informaci\u00f3n del gran jurado, pero que eso requerir\u00eda la aprobaci\u00f3n de un juez, y ella y Trump guardaron silencio sobre la evidencia adicional recopilada por las fuerzas del orden federales en la extensa investigaci\u00f3n que Bondi anunci\u00f3 la semana pasada que no divulgar\u00eda.<\/p>\n\n\n\n<h2 class=\"wp-block-heading\">Una carta reci\u00e9n revelada a Epstein<\/h2>\n\n\n\n<p>La carta revelada por The Wall Street Journal fue recopilada, seg\u00fan se informa, por&nbsp;<a href=\"https:\/\/apnews.com\/article\/ghislaine-maxwell-sex-trafficking-conviction-2e090610b579c8313bea7c31174ae0c4\">la socialit\u00e9 brit\u00e1nica deshonrada Ghislaine Maxwell<\/a>&nbsp;como parte de un \u00e1lbum de cumplea\u00f1os para Epstein, a\u00f1os antes de que el acaudalado financiero fuera arrestado por primera vez en 2006 y posteriormente tuviera una disputa con Trump. La carta, que lleva el nombre de Trump, incluye un texto enmarcado por la silueta de lo que parece ser una mujer desnuda dibujada a mano y termina con: \u00abFeliz cumplea\u00f1os, y que cada d\u00eda sea otro maravilloso secreto\u00bb, seg\u00fan el peri\u00f3dico. El medio describi\u00f3 el contenido de la carta, pero no public\u00f3 una foto que la muestre completa.<\/p>\n\n\n\n<p>Maxwell fue arrestada en 2020 y condenada un a\u00f1o despu\u00e9s por cargos de haber ayudado a Epstein a atraer ni\u00f1as para que fueran abusadas sexualmente.<\/p>\n\n\n\n<figure class=\"wp-block-image\"><img decoding=\"async\" src=\"https:\/\/dims.apnews.com\/dims4\/default\/7c5e767\/2147483647\/strip\/true\/crop\/5760x3840+0+0\/resize\/599x399!\/quality\/90\/?url=https%3A%2F%2Fassets.apnews.com%2Fa7%2Ff4%2Ff39325e1523f193116962481afc2%2F8c7d29d49e864bf282d06ee283727f61\" alt=\"Esta foto, proporcionada por el Registro de Delincuentes Sexuales del Estado de Nueva York, muestra a Jeffrey Epstein, el 28 de marzo de 2017. (Registro de Delincuentes Sexuales del Estado de Nueva York v\u00eda AP, Archivo)\"\/><figcaption class=\"wp-element-caption\">Esta foto, proporcionada por el Registro de Delincuentes Sexuales del Estado de Nueva York, muestra a Jeffrey Epstein, el 28 de marzo de 2017. (Registro de Delincuentes Sexuales del Estado de Nueva York v\u00eda AP, Archivo)<\/figcaption><\/figure>\n\n\n\n<p>Trump critic\u00f3 duramente la noticia en una extensa publicaci\u00f3n en redes sociales el jueves por la noche, afirmando que habl\u00f3 con el due\u00f1o del peri\u00f3dico, Rupert Murdoch, y con su editora principal, Emma Tucker, y les dijo que la carta era \u00abfalsa\u00bb. Trump prometi\u00f3 demandar al peri\u00f3dico por la noticia, afirmando: \u00abEstas no son mis palabras, no es mi forma de hablar. Adem\u00e1s, no hago dibujos\u00bb.<\/p>\n\n\n\n<p>El vicepresidente JD Vance dijo que The Wall Street Journal \u201cdeber\u00eda estar avergonzado\u201d por publicarlo.<\/p>\n\n\n\n<p>\u00ab\u00bfD\u00f3nde est\u00e1 esta carta? \u00bfTe sorprender\u00eda saber que nunca nos la mostraron antes de publicarla? \u00bfAlguien cree de verdad que esto suena a Donald Trump?\u00bb, escribi\u00f3 en X.<\/p>\n\n\n\n<h2 class=\"wp-block-heading\">Trump intenta seguir adelante<\/h2>\n\n\n\n<p>La administraci\u00f3n Trump lleva casi dos semanas luchando por contener las consecuencias del anuncio del Departamento de Justicia de que no se har\u00edan p\u00fablicas m\u00e1s pruebas de Epstein en posesi\u00f3n del gobierno, a pesar de las promesas de transparencia de Bondi. La retractaci\u00f3n del Departamento de Justicia sobre los archivos de Epstein no solo enfureci\u00f3 a los partidarios de Trump, sino que desencaden\u00f3 un tenso intercambio en la Casa Blanca la semana pasada entre Bondi y el subdirector del FBI, Dan Bongino, que ninguno de los dos funcionarios ha abordado p\u00fablicamente.<\/p>\n\n\n\n<p>El Departamento de Justicia a\u00fan no ha dado cuenta completa de su revocaci\u00f3n, meses despu\u00e9s de que Bondi entregara carpetas a influyentes conservadores de la Casa Blanca que dec\u00edan \u00abExpedientes Epstein: Fase 1\u00bb y \u00abla administraci\u00f3n m\u00e1s transparente\u00bb. A principios de esta semana, Bondi se neg\u00f3 a responder preguntas de la prensa sobre los archivos Epstein y su relaci\u00f3n con Bongino.<\/p>\n\n\n\n<p>El jueves la Casa Blanca cerr\u00f3 la puerta a los pedidos de una mayor investigaci\u00f3n sobre la investigaci\u00f3n de Epstein, diciendo que el presidente no recomendar\u00eda el nombramiento de un fiscal especial.<\/p>\n\n\n\n<figure class=\"wp-block-image\"><img decoding=\"async\" src=\"https:\/\/dims.apnews.com\/dims4\/default\/f3d175f\/2147483647\/strip\/true\/crop\/2839x1899+0+0\/resize\/599x401!\/quality\/90\/?url=https%3A%2F%2Fassets.apnews.com%2F0e%2F85%2F5b509d65c428499222eea752b37a%2F0ce5f46edf5249f2908e54c32a6b35ca\" alt=\"La secretaria de prensa de la Casa Blanca, Karoline Leavitt, habla con periodistas en la Sala de Prensa James Brady de la Casa Blanca, el jueves 17 de julio de 2025, en Washington. (Foto AP\/Alex Brandon)\"\/><figcaption class=\"wp-element-caption\">La secretaria de prensa de la Casa Blanca, Karoline Leavitt, habla con periodistas en la Sala de Prensa James Brady de la Casa Blanca, el jueves 17 de julio de 2025, en Washington. (Foto AP\/Alex Brandon)<\/figcaption><\/figure>\n\n\n\n<p>Aunque su administraci\u00f3n hab\u00eda promocionado durante meses la esperada publicaci\u00f3n de m\u00e1s documentos, Trump critic\u00f3 duramente a sus propios partidarios a principios de esta semana por su indignaci\u00f3n ante la saga de los archivos de Epstein. Trump lo calific\u00f3 de \u00abenga\u00f1o\u00bb e intent\u00f3 culpar a los dem\u00f3cratas, acusando a los expresidentes Barack Obama y Joe Biden, as\u00ed como al exdirector del FBI James Comey \u2014sin pruebas\u2014 de inventar dichos documentos.<\/p>\n\n\n\n<p>M\u00e1s temprano el jueves, la controversia sobre los archivos de Epstein hab\u00eda obstaculizado los esfuerzos de la C\u00e1mara para aprobar un proyecto de ley que recupera 9.400 millones de d\u00f3lares en gastos federales, mientras los dem\u00f3cratas utilizaban maniobras de procedimiento para forzar la votaci\u00f3n sobre la publicaci\u00f3n de los documentos junto con el paquete.<\/p>\n\n\n\n<p>Eso frustr\u00f3 a los republicanos de la C\u00e1mara de Representantes, que intentaron forjar una soluci\u00f3n que podr\u00eda incluir una resoluci\u00f3n que apoyara la publicaci\u00f3n de archivos \u201ccre\u00edbles\u201d relacionados con Epstein y sus actividades.<\/p>\n\n\n\n<h2 class=\"wp-block-heading\">Trump no es ajeno al escrutinio<\/h2>\n\n\n\n<p>El propio Trump ha enfrentado a\u00f1os de escrutinio sobre su vida privada. El a\u00f1o pasado, por ejemplo,&nbsp;<a href=\"https:\/\/apnews.com\/article\/trump-trial-deliberations-jury-testimony-verdict-85558c6d08efb434d05b694364470aa0\">fue condenado por delitos graves en Nueva York<\/a>&nbsp;en relaci\u00f3n con el pago de dinero para silenciar las declaraciones de una estrella de cine para adultos sobre su sexualidad antes de las elecciones presidenciales de 2016. Trump ha negado la relaci\u00f3n.<\/p>\n\n\n\n<p>Y los v\u00ednculos de Trump con Epstein han sido bien documentados, aunque el presidente no ha sido acusado de mala conducta en relaci\u00f3n con su relaci\u00f3n social.<\/p>\n\n\n\n<p><a href=\"https:\/\/apnews.com\/article\/156bf74aa00640969bbf57011b8395f1\">Im\u00e1genes de video descubiertas por NBC News luego de la acusaci\u00f3n federal de Epstein en 2019<\/a>&nbsp;mostraron a los dos conversando en una fiesta en la propiedad de Trump en Mar-a-Lago en 1992. El video, grabado en un momento en que Trump estaba reci\u00e9n divorciado, lo muestra rodeado de mujeres j\u00f3venes, a quienes NBC identific\u00f3 como animadoras de los Buffalo Bills.<\/p>\n\n\n\n<p>Tambi\u00e9n se muestran a los dos hombres de pie y haciendo gestos hacia las mujeres en la pista de baile.<\/p>\n\n\n\n<p>\u201cLo conoc\u00eda como todo el mundo en Palm Beach\u201d, dijo Trump cuando se difundi\u00f3 el video. \u201cEra un personaje habitual en Palm Beach. Tuve una discusi\u00f3n con \u00e9l hace mucho tiempo. Creo que no he hablado con \u00e9l en 15 a\u00f1os\u201d.<\/p>\n\n\n\n<p>Los archivos publicados anteriormente inclu\u00edan una declaraci\u00f3n de 2016 en la que una acusadora cont\u00f3 haber pasado varias horas con Epstein en el casino de Trump en Atlantic City, pero no dijo si realmente conoci\u00f3 a Trump y no lo acus\u00f3 de ninguna irregularidad.<\/p>\n\n\n\n<p>_____<\/p>\n\n\n\n<p>Los periodistas de Associated Press Seung Min Kim y Lisa Mascaro en Washington contribuyeron a este informe.<\/p>\n\n\n\n<figure class=\"wp-block-image\"><img decoding=\"async\" src=\"https:\/\/dims.apnews.com\/dims4\/default\/72a6cc7\/2147483647\/strip\/true\/crop\/3763x3763+585+0\/resize\/100x100!\/quality\/90\/?url=https%3A%2F%2Fassets.apnews.com%2F1d%2Fb6%2F724933dd415abc92e4af0701011b%2Ftucker2-1jm9337.jpg\" alt=\"ERIC TUCKER\"\/><\/figure>\n\n\n\n<p><a href=\"https:\/\/apnews.com\/author\/eric-tucker\"><\/a><\/p>\n\n\n\n<p><a href=\"https:\/\/apnews.com\/author\/eric-tucker\">ERIC TUCKER<\/a>Tucker cubre seguridad nacional en Washington para The Associated Press, con especial atenci\u00f3n al FBI y el Departamento de Justicia.<\/p>\n\n\n\n<p><a rel=\"noreferrer noopener\" href=\"https:\/\/twitter.com\/etuckerAP\" target=\"_blank\"><\/a><a rel=\"noreferrer noopener\" href=\"https:\/\/twitter.com\/etuckerAP\" target=\"_blank\"><\/a><a rel=\"noreferrer noopener\" href=\"https:\/\/twitter.com\/etuckerAP\" target=\"_blank\">gorjeo<\/a><a rel=\"noreferrer noopener\" href=\"mailto:etucker@ap.org\" target=\"_blank\">correo a<\/a><\/p>\n\n\n\n<figure class=\"wp-block-image\"><img decoding=\"async\" src=\"https:\/\/dims.apnews.com\/dims4\/default\/4e7b10e\/2147483647\/strip\/true\/crop\/4961x4961+1110+0\/resize\/100x100!\/quality\/90\/?url=https%3A%2F%2Fassets.apnews.com%2Fd2%2F40%2Fee40c85e41948f51582072348d17%2Fheadshot-1-alanna-durkin.jpg\" alt=\"Alanna Durkin Richer\"\/><\/figure>\n\n\n\n<p><a href=\"https:\/\/apnews.com\/author\/alanna-durkin-richer\"><\/a><\/p>\n\n\n\n<p><a href=\"https:\/\/apnews.com\/author\/alanna-durkin-richer\">Alanna Durkin Richer<\/a>Richer cubre el Departamento de Justicia y los tribunales federales. Se incorpor\u00f3 a AP en 2013 y reside en Washington.<\/p>\n\n\n\n<p>Fuente: <a href=\"https:\/\/apnews.com\/article\/trump-epstein-special-counsel-white-house-a70a8c8d4bfe0b625b893a7de1cc72f0\">https:\/\/apnews.com\/article\/trump-epstein-special-counsel-white-house-a70a8c8d4bfe0b625b893a7de1cc72f0<\/a><\/p>\n","protected":false},"excerpt":{"rendered":"<p>Por\u00a0\u00a0ERIC TUCKER\u00a0y\u00a0ALANNA DURKIN RICHER \/ AP WASHINGTON (AP) \u2014&nbsp;La controversia sobre&nbsp;el manejo por parte del presidente Donald Trump de los [&hellip;]<\/p>\n","protected":false},"author":1,"featured_media":102894,"comment_status":"open","ping_status":"open","sticky":false,"template":"","format":"standard","meta":{"site-sidebar-layout":"default","site-content-layout":"","ast-site-content-layout":"default","site-content-style":"default","site-sidebar-style":"default","ast-global-header-display":"","ast-banner-title-visibility":"","ast-main-header-display":"","ast-hfb-above-header-display":"","ast-hfb-below-header-display":"","ast-hfb-mobile-header-display":"","site-post-title":"","ast-breadcrumbs-content":"","ast-featured-img":"","footer-sml-layout":"","theme-transparent-header-meta":"","adv-header-id-meta":"","stick-header-meta":"","header-above-stick-meta":"","header-main-stick-meta":"","header-below-stick-meta":"","astra-migrate-meta-layouts":"default","ast-page-background-enabled":"default","ast-page-background-meta":{"desktop":{"background-color":"var(--ast-global-color-4)","background-image":"","background-repeat":"repeat","background-position":"center center","background-size":"auto","background-attachment":"scroll","background-type":"","background-media":"","overlay-type":"","overlay-color":"","overlay-opacity":"","overlay-gradient":""},"tablet":{"background-color":"","background-image":"","background-repeat":"repeat","background-position":"center center","background-size":"auto","background-attachment":"scroll","background-type":"","background-media":"","overlay-type":"","overlay-color":"","overlay-opacity":"","overlay-gradient":""},"mobile":{"background-color":"","background-image":"","background-repeat":"repeat","background-position":"center center","background-size":"auto","background-attachment":"scroll","background-type":"","background-media":"","overlay-type":"","overlay-color":"","overlay-opacity":"","overlay-gradient":""}},"ast-content-background-meta":{"desktop":{"background-color":"var(--ast-global-color-5)","background-image":"","background-repeat":"repeat","background-position":"center center","background-size":"auto","background-attachment":"scroll","background-type":"","background-media":"","overlay-type":"","overlay-color":"","overlay-opacity":"","overlay-gradient":""},"tablet":{"background-color":"var(--ast-global-color-5)","background-image":"","background-repeat":"repeat","background-position":"center center","background-size":"auto","background-attachment":"scroll","background-type":"","background-media":"","overlay-type":"","overlay-color":"","overlay-opacity":"","overlay-gradient":""},"mobile":{"background-color":"var(--ast-global-color-5)","background-image":"","background-repeat":"repeat","background-position":"center center","background-size":"auto","background-attachment":"scroll","background-type":"","background-media":"","overlay-type":"","overlay-color":"","overlay-opacity":"","overlay-gradient":""}},"footnotes":""},"categories":[8],"tags":[21377,5257,40061],"class_list":["post-102893","post","type-post","status-publish","format-standard","has-post-thumbnail","hentry","category-noticias","tag-caso-epstein","tag-donald-trump","tag-wall-street-journal"],"_links":{"self":[{"href":"https:\/\/losperiodistas.com.mx\/portal\/wp-json\/wp\/v2\/posts\/102893","targetHints":{"allow":["GET"]}}],"collection":[{"href":"https:\/\/losperiodistas.com.mx\/portal\/wp-json\/wp\/v2\/posts"}],"about":[{"href":"https:\/\/losperiodistas.com.mx\/portal\/wp-json\/wp\/v2\/types\/post"}],"author":[{"embeddable":true,"href":"https:\/\/losperiodistas.com.mx\/portal\/wp-json\/wp\/v2\/users\/1"}],"replies":[{"embeddable":true,"href":"https:\/\/losperiodistas.com.mx\/portal\/wp-json\/wp\/v2\/comments?post=102893"}],"version-history":[{"count":1,"href":"https:\/\/losperiodistas.com.mx\/portal\/wp-json\/wp\/v2\/posts\/102893\/revisions"}],"predecessor-version":[{"id":102895,"href":"https:\/\/losperiodistas.com.mx\/portal\/wp-json\/wp\/v2\/posts\/102893\/revisions\/102895"}],"wp:featuredmedia":[{"embeddable":true,"href":"https:\/\/losperiodistas.com.mx\/portal\/wp-json\/wp\/v2\/media\/102894"}],"wp:attachment":[{"href":"https:\/\/losperiodistas.com.mx\/portal\/wp-json\/wp\/v2\/media?parent=102893"}],"wp:term":[{"taxonomy":"category","embeddable":true,"href":"https:\/\/losperiodistas.com.mx\/portal\/wp-json\/wp\/v2\/categories?post=102893"},{"taxonomy":"post_tag","embeddable":true,"href":"https:\/\/losperiodistas.com.mx\/portal\/wp-json\/wp\/v2\/tags?post=102893"}],"curies":[{"name":"wp","href":"https:\/\/api.w.org\/{rel}","templated":true}]}}