{"id":102890,"date":"2025-07-18T09:16:05","date_gmt":"2025-07-18T15:16:05","guid":{"rendered":"https:\/\/losperiodistas.com.mx\/portal\/?p=102890"},"modified":"2025-07-18T09:16:06","modified_gmt":"2025-07-18T15:16:06","slug":"hernan-bermudez-exsecretario-de-adan-augusto-murio-en-panama-no-esta-confirmado-dice-sheinbaum-el-financiero","status":"publish","type":"post","link":"https:\/\/losperiodistas.com.mx\/portal\/hernan-bermudez-exsecretario-de-adan-augusto-murio-en-panama-no-esta-confirmado-dice-sheinbaum-el-financiero\/","title":{"rendered":"\u00bfHern\u00e1n Berm\u00fadez, exsecretario de Ad\u00e1n Augusto, muri\u00f3 en Panam\u00e1? \u2018No est\u00e1 confirmado\u2019, dice Sheinbaum | El Financiero"},"content":{"rendered":"\n<h2 class=\"wp-block-heading\">Estos fueron los temas m\u00e1s importantes de la conferencia matutina de la presidenta Sheinbaum.<\/h2>\n\n\n\n<figure class=\"wp-block-image size-large\"><img fetchpriority=\"high\" decoding=\"async\" width=\"1024\" height=\"576\" src=\"https:\/\/losperiodistas.com.mx\/portal\/wp-content\/uploads\/2025\/07\/SSLO6BSMLZH2TIVJG7KSX2EAWE-copia-1024x576.jpg\" alt=\"\" class=\"wp-image-102891\" srcset=\"https:\/\/losperiodistas.com.mx\/portal\/wp-content\/uploads\/2025\/07\/SSLO6BSMLZH2TIVJG7KSX2EAWE-copia-1024x576.jpg 1024w, https:\/\/losperiodistas.com.mx\/portal\/wp-content\/uploads\/2025\/07\/SSLO6BSMLZH2TIVJG7KSX2EAWE-copia-300x169.jpg 300w, https:\/\/losperiodistas.com.mx\/portal\/wp-content\/uploads\/2025\/07\/SSLO6BSMLZH2TIVJG7KSX2EAWE-copia-768x432.jpg 768w, https:\/\/losperiodistas.com.mx\/portal\/wp-content\/uploads\/2025\/07\/SSLO6BSMLZH2TIVJG7KSX2EAWE-copia.jpg 1200w\" sizes=\"(max-width: 1024px) 100vw, 1024px\" \/><figcaption class=\"wp-element-caption\">La presidenta Claudia Sheinbaum encabeza la conferencia de prensa de este 18 de julio en Palacio Nacional. (Cuartoscuro)\u00a0(Mois\u00e9s Pablo Nava)<\/figcaption><\/figure>\n\n\n\n<p><\/p>\n\n\n\n<p class=\"has-vivid-red-color has-text-color has-link-color has-medium-font-size wp-elements-3602f9e358963aba7754162d9e4dec47\"><strong>Redacci\u00f3n El Financiero<\/strong><\/p>\n\n\n\n<p>La presidenta&nbsp;<a href=\"https:\/\/www.elfinanciero.com.mx\/nacional\/2025\/07\/17\/claudia-sheinbaum-mananera-temas-hoy-17-de-julio-de-2025-en-vivo\/\">Claudia Sheinbaum encabez\u00f3 la conferencia \u2018ma\u00f1anera\u2019<\/a>&nbsp;desde Palacio Nacional este 18 de julio de 2025.<\/p>\n\n\n\n<p>La mandataria se refiri\u00f3 a la&nbsp;<a href=\"https:\/\/www.elfinanciero.com.mx\/nacional\/2025\/07\/16\/donde-esta-adan-augusto-senadores-desconocen-su-paradero-pero-respaldan-a-su-coordinador\/\">pol\u00e9mica de Ad\u00e1n Augusto L\u00f3pez<\/a>&nbsp;y su exsecretario de Seguridad durante su gobierno en Tabasco, Hern\u00e1n Berm\u00fadez, luego que&nbsp;<a href=\"https:\/\/www.elfinanciero.com.mx\/nacional\/2025\/07\/17\/era-de-la-4t-hernan-bermudez-exsecretario-de-adan-augusto-se-afilio-a-morena-en-2023\/\">surgiera nueva informaci\u00f3n en torno al tema<\/a>&nbsp;de la relaci\u00f3n del grupo criminal y el funcionario.<\/p>\n\n\n\n<h2 class=\"wp-block-heading\">Sheinbaum pide conocer \u2018versi\u00f3n\u2019 de Ad\u00e1n Augusto por caso Hern\u00e1n Berm\u00fadez<\/h2>\n\n\n\n<p>La mandataria volvi\u00f3 a&nbsp;<a href=\"https:\/\/www.elfinanciero.com.mx\/nacional\/2025\/07\/17\/sheinbaum-defiende-a-adan-augusto-por-caso-hernan-bermudez-se-necesitan-pruebas-no-dichos\/\">defender a Ad\u00e1n Augusto L\u00f3pez<\/a>. Asegur\u00f3 que durante su primer periodo como gobernador redujeron los&nbsp;<strong>casos de homicidio doloso<\/strong>&nbsp;y que la&nbsp;<a href=\"https:\/\/www.elfinanciero.com.mx\/nacional\/2025\/07\/17\/sheinbaum-no-habia-pruebas-para-investigacion-vs-bermudez-requena\/\">investigaci\u00f3n contra Hern\u00e1n Berm\u00fadez<\/a>&nbsp;inici\u00f3&nbsp;<strong>despu\u00e9s que L\u00f3pez dej\u00f3 su cargo<\/strong>&nbsp;para ser titular de la Secretar\u00eda de Gobernaci\u00f3n.<\/p>\n\n\n\n<p>Agreg\u00f3 que se necesita&nbsp;<strong>conocer la versi\u00f3n de Ad\u00e1n Augusto L\u00f3pez<\/strong>, quien se alej\u00f3 de los espacios p\u00fablicos y no ofreci\u00f3 entrevistas ante los se\u00f1alamientos contra su exsecretario de Seguridad vinculado al grupo criminal \u2018La Barredora\u2019.<\/p>\n\n\n\n<p><a href=\"https:\/\/www.elfinanciero.com.mx\/nacional\/2025\/07\/17\/es-un-exceso-sheinbaum-jala-orejas-a-diputada-del-pt-que-exige-disculpas-a-ciudadana-por-30-dias\/\"><\/a><a href=\"https:\/\/www.elfinanciero.com.mx\/nacional\/2025\/07\/17\/es-un-exceso-sheinbaum-jala-orejas-a-diputada-del-pt-que-exige-disculpas-a-ciudadana-por-30-dias\/\"><\/a><\/p>\n\n\n\n<h2 class=\"wp-block-heading\"><a href=\"https:\/\/www.elfinanciero.com.mx\/nacional\/2025\/07\/17\/es-un-exceso-sheinbaum-jala-orejas-a-diputada-del-pt-que-exige-disculpas-a-ciudadana-por-30-dias\/\">\u2018Es un exceso\u2019: Sheinbaum \u2018jala orejas\u2019 a diputada del PT que exige disculpas a ciudadana por 30 d\u00edas<\/a><\/h2>\n\n\n\n<hr class=\"wp-block-separator has-alpha-channel-opacity\"\/>\n\n\n\n<p>\u201cSer\u00eda pertinente que el senador diera<strong>&nbsp;su versi\u00f3n, es importante<\/strong>. Durante el primer periodo de Ad\u00e1n Augusto como gobernador, baj\u00f3 much\u00edsimo los niveles de inseguridad en Tabasco, los homicidios cayeron de manera muy importante. Eso habla de una trabajo que se hizo cuando \u00e9l fue gobernador\u201d, coment\u00f3 la presidenta Sheinbaum.<\/p>\n\n\n\n<h2 class=\"wp-block-heading\">Gabinete informar\u00e1 trascendidos de la muerte de Hern\u00e1n Berm\u00fadez: \u2018No est\u00e1 confirmado\u2019<\/h2>\n\n\n\n<p>La presidenta&nbsp;<strong>Claudia Sheinbaum<\/strong>&nbsp;solicit\u00f3 al Gabinete de Seguridad que se confirme el trascendido que surgi\u00f3 ayer sobre la muerte de&nbsp;<a href=\"https:\/\/www.elfinanciero.com.mx\/nacional\/2025\/07\/17\/era-de-la-4t-hernan-bermudez-exsecretario-de-adan-augusto-se-afilio-a-morena-en-2023\/\">Hern\u00e1n Berm\u00fadez, exsecretario de Ad\u00e1n Augusto L\u00f3pez<\/a>, acusado de v\u00ednculos con el&nbsp;<strong>crimen organizado<\/strong>&nbsp;mientras era funcionario p\u00fablico.<\/p>\n\n\n\n<p>\u201cNo se toc\u00f3 en el gabinete. No hay informaci\u00f3n sobre eso. No est\u00e1 confirmado\u201d, dijo durante la conferencia de prensa.<\/p>\n\n\n\n<p>PUBLICIDAD<\/p>\n\n\n\n<p>De acuerdo con los trascendidos, el exfuncionario&nbsp;<strong>habr\u00eda muerto de un paro cardiaco<\/strong>&nbsp;cuando se encontraba en Panam\u00e1 e intentaba salir del pa\u00eds para evadir a las autoridades, informaci\u00f3n que se replic\u00f3 y tom\u00f3 fuerza en redes sociales por la relevancia del caso.<\/p>\n\n\n\n<p><a href=\"https:\/\/www.elfinanciero.com.mx\/nacional\/2025\/07\/17\/sheinbaum-dice-que-no-se-tomara-el-padron-para-la-curp-biometrica\/\"><\/a><a href=\"https:\/\/www.elfinanciero.com.mx\/nacional\/2025\/07\/17\/sheinbaum-dice-que-no-se-tomara-el-padron-para-la-curp-biometrica\/\"><\/a><\/p>\n\n\n\n<h2 class=\"wp-block-heading\"><a href=\"https:\/\/www.elfinanciero.com.mx\/nacional\/2025\/07\/17\/sheinbaum-dice-que-no-se-tomara-el-padron-para-la-curp-biometrica\/\">Sheinbaum dice que no se tomar\u00e1 el padr\u00f3n para la CURP biom\u00e9trica<\/a><\/h2>\n\n\n\n<hr class=\"wp-block-separator has-alpha-channel-opacity\"\/>\n\n\n\n<h2 class=\"wp-block-heading\">Sheinbaum critica a Uber por incrementar tarifas a usuarios: \u2018No tienen por qu\u00e9\u2019<\/h2>\n\n\n\n<p>La mandataria federal critic\u00f3 a Uber luego que&nbsp;<a href=\"https:\/\/www.elfinanciero.com.mx\/nacional\/2025\/07\/16\/mexico-choca-con-uber-rechaza-alza-en-sus-precios-y-advierte-que-habra-operativos-con-profeco\/\">anunciara el aumento en las tarifas<\/a>&nbsp;a los usuarios por los costos&nbsp;<strong>derivados de la aplicaci\u00f3n de la reforma laboral<\/strong>&nbsp;que obliga a la empresa a ofrecer seguro social a los \u2018socios\u2019.<\/p>\n\n\n\n<p>Coment\u00f3 que en las reuniones de trabajo que se tuvieron antes de la aprobaci\u00f3n de la reforma,&nbsp;<strong>el equipo de la plataforma no mostraron su inconformidad<\/strong>. Record\u00f3 que esta reforma contempla un periodo de prueba de seis meses para realizar un cambio bajo consenso.<\/p>\n\n\n\n<p>\u201cUber tiene ganancias impresionantes.&nbsp;<strong>No tiene por qu\u00e9 pasarle al consumidor final<\/strong>, esto con un cachito que paguen, que le den al trabajador, no es cierto que lo deban trasladar. Ellos como patrones, empleadores, pues tienen que contribuir\u201d, reproch\u00f3 la presidenta Sheinbaum.<\/p>\n\n\n\n<h2 class=\"wp-block-heading\">\u00bfQui\u00e9nes son los cantantes de EU que son semifinalistas en M\u00e9xico Canta?<\/h2>\n\n\n\n<p><strong>Claudia Curiel de Icaza<\/strong>, titular de la Secretar\u00eda de Cultura, present\u00f3 el calendario oficial de la recta final del concurso&nbsp;<a href=\"https:\/\/www.elfinanciero.com.mx\/entretenimiento\/2025\/07\/04\/de-regina-orozco-a-mario-domm-quien-sera-el-jurado-de-mexico-canta-en-la-tercera-etapa\/\">M\u00e9xico Canta<\/a>.<\/p>\n\n\n\n<p>Para las semifinales en Estados Unidos, ser\u00e1n el 17, 24 y 31 de agosto. Posteriormente, la semifinal de los participantes en M\u00e9xico tendr\u00e1n lugar el 7, 14, 21 y 28 de septiembre.<\/p>\n\n\n\n<p>La gran final ser\u00e1 el&nbsp;<strong>5 de octubre<\/strong>&nbsp;y todos los finalistas viajar\u00e1n por recursos del gobierno federal hasta la Ciudad de M\u00e9xico, pues la final ser\u00e1 en el ic\u00f3nico&nbsp;<strong>Teatro Esperanza Iris<\/strong>.<\/p>\n\n\n\n<p>Todos los semifinalistas de la regi\u00f3n Este de Estados Unidos son originarios o tienen ra\u00edces mexicanas y que ahora intenta impulsar una versi\u00f3n de la m\u00fasica sin violencia o que enaltece a los migrantes en EU.<\/p>\n\n\n\n<ul class=\"wp-block-list\">\n<li>Alex Moreno<\/li>\n\n\n\n<li>Blue Malboro<\/li>\n\n\n\n<li>Jos\u00e9 Carlos D\u00edaz<\/li>\n\n\n\n<li>Miroslava<\/li>\n\n\n\n<li>Mercedes Gala<\/li>\n\n\n\n<li>Stephanie<\/li>\n\n\n\n<li>Two in Love<\/li>\n\n\n\n<li>Daya Dorado<\/li>\n<\/ul>\n\n\n\n<p><\/p>\n\n\n\n<figure class=\"wp-block-embed is-type-rich is-provider-twitter wp-block-embed-twitter\"><div class=\"wp-block-embed__wrapper\">\n<blockquote class=\"twitter-tweet\" data-width=\"500\" data-dnt=\"true\"><p lang=\"es\" dir=\"ltr\"><a href=\"https:\/\/twitter.com\/hashtag\/EnLaMa%C3%B1anera?src=hash&amp;ref_src=twsrc%5Etfw\">#EnLaMa\u00f1anera<\/a> | <a href=\"https:\/\/twitter.com\/ccurieldeicaza?ref_src=twsrc%5Etfw\">@ccurieldeicaza<\/a>, titular de <a href=\"https:\/\/twitter.com\/cultura_mx?ref_src=twsrc%5Etfw\">@cultura_mx<\/a>, present\u00f3 rebel\u00f3 que la gran final del concurso <a href=\"https:\/\/twitter.com\/hashtag\/M%C3%A9xicoCanta?src=hash&amp;ref_src=twsrc%5Etfw\">#M\u00e9xicoCanta<\/a> ser\u00e1 el 5 de octubre en el ic\u00f3nico Teatro Esperanza Iris de <a href=\"https:\/\/twitter.com\/hashtag\/CDMX?src=hash&amp;ref_src=twsrc%5Etfw\">#CDMX<\/a>; al menos 8 semifinalistas de la regi\u00f3n Este de <a href=\"https:\/\/twitter.com\/hashtag\/EU?src=hash&amp;ref_src=twsrc%5Etfw\">#EU<\/a> son originarios o tienen ra\u00edces mexicanas <a href=\"https:\/\/t.co\/ehcaHSaanM\">pic.twitter.com\/ehcaHSaanM<\/a><\/p>&mdash; El Financiero (@ElFinanciero_Mx) <a href=\"https:\/\/twitter.com\/ElFinanciero_Mx\/status\/1946218255451918646?ref_src=twsrc%5Etfw\">July 18, 2025<\/a><\/blockquote><script async src=\"https:\/\/platform.twitter.com\/widgets.js\" charset=\"utf-8\"><\/script>\n<\/div><\/figure>\n\n\n\n<h2 class=\"wp-block-heading\">El paso a paso para enviar remesas desde EU a M\u00e9xico sin pagar impuestos a Trump<\/h2>\n\n\n\n<p><strong>Roc\u00edo Mej\u00eda Flores<\/strong>, titular de Financiera para el Bienestar (Finabien), comparti\u00f3 el paso a paso de c\u00f3mo los paisanos en Estados Unidos pueden conseguir una tarjeta de Finabien para realizar el env\u00edo de remesas sin que se cobre el&nbsp;<a href=\"https:\/\/www.elfinanciero.com.mx\/nacional\/2025\/07\/02\/brinca-a-trump-como-enviar-dinero-a-mexico-sin-pagar-impuesto-del-1\/\">impuesto del 1 por ciento que impuso el presidente Donald Trump<\/a>.<\/p>\n\n\n\n<p>Mej\u00eda Flores resalt\u00f3 que se les cobrar\u00e1 una&nbsp;<strong>comisi\u00f3n de 2.99 d\u00f3lares<\/strong>&nbsp;por transferencia, por debajo de otras remesadoras. Adem\u00e1s de respetar los l\u00edmites de&nbsp;<strong>2 mil 500 d\u00f3lares al d\u00eda y 10 mil d\u00f3lares al mes<\/strong>&nbsp;de env\u00edos.<\/p>\n\n\n\n<ol class=\"wp-block-list\">\n<li>Solicita tarjeta Finabien EUA en l\u00ednea o cualquier consulado en Estados Unidos.<\/li>\n\n\n\n<li>Descarga la aplicaci\u00f3n \u201cFinanciera para el Bienestar\u201d.<\/li>\n\n\n\n<li>Reg\u00edstrate en la aplicaci\u00f3n para activar la tarjeta.<\/li>\n\n\n\n<li>Deposita tu n\u00f3mina en efectivo o cheque a trav\u00e9s de comercios o rec\u00edbela por transferencia electr\u00f3nica.<\/li>\n\n\n\n<li>Ingresa a la aplicaci\u00f3n y selecciona la opci\u00f3n enviar remesas.<\/li>\n\n\n\n<li>Selecciona el monto e introduce los datos del destinatario.<\/li>\n<\/ol>\n\n\n\n<p><\/p>\n\n\n\n<figure class=\"wp-block-embed is-type-rich is-provider-twitter wp-block-embed-twitter\"><div class=\"wp-block-embed__wrapper\">\n<blockquote class=\"twitter-tweet\" data-width=\"500\" data-dnt=\"true\"><p lang=\"es\" dir=\"ltr\"><a href=\"https:\/\/twitter.com\/hashtag\/EnLaMa%C3%B1anera?src=hash&amp;ref_src=twsrc%5Etfw\">#EnLaMa\u00f1anera<\/a> | \u201cFinanciera para el Bienestar es la mejor alternativa para el env\u00edo de remesas\u201d, se\u00f1ala Roc\u00edo Mej\u00eda Flores, titular de Financiera para el Bienestar (Finabien), <a href=\"https:\/\/t.co\/k2Db8oDFby\">pic.twitter.com\/k2Db8oDFby<\/a><\/p>&mdash; El Financiero (@ElFinanciero_Mx) <a href=\"https:\/\/twitter.com\/ElFinanciero_Mx\/status\/1946212441441923078?ref_src=twsrc%5Etfw\">July 18, 2025<\/a><\/blockquote><script async src=\"https:\/\/platform.twitter.com\/widgets.js\" charset=\"utf-8\"><\/script>\n<\/div><\/figure>\n\n\n\n<h2 class=\"wp-block-heading\">Gobierno simplificar\u00e1 menaje para paisanos: \u00bfDe qu\u00e9 trata ese tr\u00e1mite?<\/h2>\n\n\n\n<p><a href=\"https:\/\/www.elfinanciero.com.mx\/empresas\/2025\/02\/05\/la-agencia-de-transformacion-digital-genera-incertidumbre-a-las-empresas-de-telecomunicaciones\/\">Jos\u00e9 Merenio<\/a>, titular de la Agencia de Transformaci\u00f3n Digital y Telecomunicaciones, inform\u00f3 sobre la simplificaci\u00f3n del<strong>&nbsp;tr\u00e1mite de menaje dom\u00e9stico<\/strong>, que permitir\u00e1 a los paisanos en Estados Unidos que decidan traer sus pertenencias a M\u00e9xico.<\/p>\n\n\n\n<p>Este&nbsp;<strong>no tendr\u00e1 ninguno costo y se podr\u00e1 realizar en l\u00ednea<\/strong>&nbsp;y tambi\u00e9n de manera presencial en el consulado m\u00e1s cercano. Merino explic\u00f3 que \u00fanicamente se necesita cumplir con dos requisitos: un documento probatorio de nacionalidad mexicana y la lista de menaje.<\/p>\n\n\n\n<p>Anteriormente, era necesario cumplir con nueve requisitos, incluido la contrataci\u00f3n de un agente aduanal que retrasaba el tr\u00e1mite y resultaba m\u00e1s costoso.<\/p>\n\n\n\n<figure class=\"wp-block-embed is-type-rich is-provider-twitter wp-block-embed-twitter\"><div class=\"wp-block-embed__wrapper\">\n<blockquote class=\"twitter-tweet\" data-width=\"500\" data-dnt=\"true\"><p lang=\"es\" dir=\"ltr\"><a href=\"https:\/\/twitter.com\/hashtag\/EnLaMa%C3%B1anera?src=hash&amp;ref_src=twsrc%5Etfw\">#EnLaMa\u00f1anera<\/a> | Jos\u00e9 \u2018Pepe\u2019 Merino (<a href=\"https:\/\/twitter.com\/PPmerino?ref_src=twsrc%5Etfw\">@PPmerino<\/a>), titular de la Agencia de Transformaci\u00f3n Digital, inform\u00f3 sobre la simplificaci\u00f3n del tr\u00e1mite de menaje dom\u00e9stico, que permitir\u00e1 a los paisanos en <a href=\"https:\/\/twitter.com\/hashtag\/EU?src=hash&amp;ref_src=twsrc%5Etfw\">#EU<\/a> traer sus pertenencias a M\u00e9xico <a href=\"https:\/\/t.co\/bJvUtX27jg\">pic.twitter.com\/bJvUtX27jg<\/a><\/p>&mdash; El Financiero (@ElFinanciero_Mx) <a href=\"https:\/\/twitter.com\/ElFinanciero_Mx\/status\/1946207707771363776?ref_src=twsrc%5Etfw\">July 18, 2025<\/a><\/blockquote><script async src=\"https:\/\/platform.twitter.com\/widgets.js\" charset=\"utf-8\"><\/script>\n<\/div><\/figure>\n\n\n\n<p>El titular de la Secretar\u00eda de Relaciones Exteriores,&nbsp;<strong>Juan Ram\u00f3n de la Fuente<\/strong>, reconoci\u00f3 que este es un esfuerzo del gobierno para consolidar un sistema&nbsp;<a href=\"https:\/\/www.elfinanciero.com.mx\/mundo\/2025\/07\/12\/ayuda-al-paisano-cancilleria-atiende-a-60-mexicanos-detenidos-en-redadas-de-california\/\">simplificado para mejorar el sistema de atenci\u00f3n<\/a>&nbsp;de acuerdo con las necesidades de los connacionales.<\/p>\n\n\n\n<p>Adem\u00e1s, de agilizar los tr\u00e1mites para que los paisanos que construyeron alg\u00fan patrimonio en Estados Unidos: herramientas de trabajo, electrodom\u00e9sticos, autos, entre otros objetos, puedan traerlos a M\u00e9xico en caso de que deseen volver al territorio nacional o sean deportados.<\/p>\n\n\n\n<p>\u201cAvances en la simplificaci\u00f3n, tr\u00e1mites de registro civil, documentaci\u00f3n, de fe p\u00fablica y se cre\u00f3 una nueva plataforma de citas (..) Esto nos ha llevado a un nuevo modelo de atenci\u00f3n consular para cada una de las necesidades que van teniendo nuestros connacionales\u201d, coment\u00f3 de la Fuente.<\/p>\n\n\n\n<figure class=\"wp-block-embed is-type-rich is-provider-twitter wp-block-embed-twitter\"><div class=\"wp-block-embed__wrapper\">\n<blockquote class=\"twitter-tweet\" data-width=\"500\" data-dnt=\"true\"><p lang=\"es\" dir=\"ltr\"><a href=\"https:\/\/twitter.com\/hashtag\/EnLaMa%C3%B1anera?src=hash&amp;ref_src=twsrc%5Etfw\">#EnLaMa\u00f1anera<\/a> | Juan Ram\u00f3n de la Fuente, canciller mexicano, informa sobre la habilitaci\u00f3n de una nueva ventanilla \u00fanica en \u201cMi Consulado\u201d, donde se dispondr\u00e1 de un \u201cmodelo de atenci\u00f3n consular\u201d para que los paisanos en <a href=\"https:\/\/twitter.com\/hashtag\/EU?src=hash&amp;ref_src=twsrc%5Etfw\">#EU<\/a> puedan realizar todo tipo de tr\u00e1mites <a href=\"https:\/\/t.co\/cbhOTT8VzB\">pic.twitter.com\/cbhOTT8VzB<\/a><\/p>&mdash; El Financiero (@ElFinanciero_Mx) <a href=\"https:\/\/twitter.com\/ElFinanciero_Mx\/status\/1946207170476830750?ref_src=twsrc%5Etfw\">July 18, 2025<\/a><\/blockquote><script async src=\"https:\/\/platform.twitter.com\/widgets.js\" charset=\"utf-8\"><\/script>\n<\/div><\/figure>\n\n\n\n<p>Fuente: <a href=\"https:\/\/www.elfinanciero.com.mx\/nacional\/2025\/07\/18\/claudia-sheinbaum-mananera-temas-hoy-18-de-julio-de-2025-en-vivo\/\">https:\/\/www.elfinanciero.com.mx\/nacional\/2025\/07\/18\/claudia-sheinbaum-mananera-temas-hoy-18-de-julio-de-2025-en-vivo\/<\/a><\/p>\n\n\n\n<p><\/p>\n","protected":false},"excerpt":{"rendered":"<p>Estos fueron los temas m\u00e1s importantes de la conferencia matutina de la presidenta Sheinbaum. Redacci\u00f3n El Financiero La presidenta&nbsp;Claudia Sheinbaum [&hellip;]<\/p>\n","protected":false},"author":1,"featured_media":102891,"comment_status":"open","ping_status":"open","sticky":false,"template":"","format":"standard","meta":{"site-sidebar-layout":"default","site-content-layout":"","ast-site-content-layout":"default","site-content-style":"default","site-sidebar-style":"default","ast-global-header-display":"","ast-banner-title-visibility":"","ast-main-header-display":"","ast-hfb-above-header-display":"","ast-hfb-below-header-display":"","ast-hfb-mobile-header-display":"","site-post-title":"","ast-breadcrumbs-content":"","ast-featured-img":"","footer-sml-layout":"","theme-transparent-header-meta":"","adv-header-id-meta":"","stick-header-meta":"","header-above-stick-meta":"","header-main-stick-meta":"","header-below-stick-meta":"","astra-migrate-meta-layouts":"default","ast-page-background-enabled":"default","ast-page-background-meta":{"desktop":{"background-color":"var(--ast-global-color-4)","background-image":"","background-repeat":"repeat","background-position":"center center","background-size":"auto","background-attachment":"scroll","background-type":"","background-media":"","overlay-type":"","overlay-color":"","overlay-opacity":"","overlay-gradient":""},"tablet":{"background-color":"","background-image":"","background-repeat":"repeat","background-position":"center center","background-size":"auto","background-attachment":"scroll","background-type":"","background-media":"","overlay-type":"","overlay-color":"","overlay-opacity":"","overlay-gradient":""},"mobile":{"background-color":"","background-image":"","background-repeat":"repeat","background-position":"center center","background-size":"auto","background-attachment":"scroll","background-type":"","background-media":"","overlay-type":"","overlay-color":"","overlay-opacity":"","overlay-gradient":""}},"ast-content-background-meta":{"desktop":{"background-color":"var(--ast-global-color-5)","background-image":"","background-repeat":"repeat","background-position":"center center","background-size":"auto","background-attachment":"scroll","background-type":"","background-media":"","overlay-type":"","overlay-color":"","overlay-opacity":"","overlay-gradient":""},"tablet":{"background-color":"var(--ast-global-color-5)","background-image":"","background-repeat":"repeat","background-position":"center center","background-size":"auto","background-attachment":"scroll","background-type":"","background-media":"","overlay-type":"","overlay-color":"","overlay-opacity":"","overlay-gradient":""},"mobile":{"background-color":"var(--ast-global-color-5)","background-image":"","background-repeat":"repeat","background-position":"center center","background-size":"auto","background-attachment":"scroll","background-type":"","background-media":"","overlay-type":"","overlay-color":"","overlay-opacity":"","overlay-gradient":""}},"footnotes":""},"categories":[8],"tags":[3590,1505,40051,31758,4989],"class_list":["post-102890","post","type-post","status-publish","format-standard","has-post-thumbnail","hentry","category-noticias","tag-adan-augusto-lopez-hernandez","tag-claudia-sheinbaum","tag-hernan-bermudez","tag-la-barredora","tag-tabasco"],"_links":{"self":[{"href":"https:\/\/losperiodistas.com.mx\/portal\/wp-json\/wp\/v2\/posts\/102890","targetHints":{"allow":["GET"]}}],"collection":[{"href":"https:\/\/losperiodistas.com.mx\/portal\/wp-json\/wp\/v2\/posts"}],"about":[{"href":"https:\/\/losperiodistas.com.mx\/portal\/wp-json\/wp\/v2\/types\/post"}],"author":[{"embeddable":true,"href":"https:\/\/losperiodistas.com.mx\/portal\/wp-json\/wp\/v2\/users\/1"}],"replies":[{"embeddable":true,"href":"https:\/\/losperiodistas.com.mx\/portal\/wp-json\/wp\/v2\/comments?post=102890"}],"version-history":[{"count":1,"href":"https:\/\/losperiodistas.com.mx\/portal\/wp-json\/wp\/v2\/posts\/102890\/revisions"}],"predecessor-version":[{"id":102892,"href":"https:\/\/losperiodistas.com.mx\/portal\/wp-json\/wp\/v2\/posts\/102890\/revisions\/102892"}],"wp:featuredmedia":[{"embeddable":true,"href":"https:\/\/losperiodistas.com.mx\/portal\/wp-json\/wp\/v2\/media\/102891"}],"wp:attachment":[{"href":"https:\/\/losperiodistas.com.mx\/portal\/wp-json\/wp\/v2\/media?parent=102890"}],"wp:term":[{"taxonomy":"category","embeddable":true,"href":"https:\/\/losperiodistas.com.mx\/portal\/wp-json\/wp\/v2\/categories?post=102890"},{"taxonomy":"post_tag","embeddable":true,"href":"https:\/\/losperiodistas.com.mx\/portal\/wp-json\/wp\/v2\/tags?post=102890"}],"curies":[{"name":"wp","href":"https:\/\/api.w.org\/{rel}","templated":true}]}}