{"id":102887,"date":"2025-07-18T09:01:06","date_gmt":"2025-07-18T15:01:06","guid":{"rendered":"https:\/\/losperiodistas.com.mx\/portal\/?p=102887"},"modified":"2025-07-18T09:01:07","modified_gmt":"2025-07-18T15:01:07","slug":"confirman-la-extension-global-de-un-gen-que-crea-bacterias-resistentes-a-los-antibioticos-efe","status":"publish","type":"post","link":"https:\/\/losperiodistas.com.mx\/portal\/confirman-la-extension-global-de-un-gen-que-crea-bacterias-resistentes-a-los-antibioticos-efe\/","title":{"rendered":"Confirman la extensi\u00f3n global de un gen que crea bacterias resistentes a los antibi\u00f3ticos | EFE"},"content":{"rendered":"\n<figure class=\"wp-block-image size-full\"><img fetchpriority=\"high\" decoding=\"async\" width=\"900\" height=\"549\" src=\"https:\/\/losperiodistas.com.mx\/portal\/wp-content\/uploads\/2025\/07\/gen-bacterias-resistentes-antibioticos.jpeg\" alt=\"\" class=\"wp-image-102888\" srcset=\"https:\/\/losperiodistas.com.mx\/portal\/wp-content\/uploads\/2025\/07\/gen-bacterias-resistentes-antibioticos.jpeg 900w, https:\/\/losperiodistas.com.mx\/portal\/wp-content\/uploads\/2025\/07\/gen-bacterias-resistentes-antibioticos-300x183.jpeg 300w, https:\/\/losperiodistas.com.mx\/portal\/wp-content\/uploads\/2025\/07\/gen-bacterias-resistentes-antibioticos-768x468.jpeg 768w\" sizes=\"(max-width: 900px) 100vw, 900px\" \/><figcaption class=\"wp-element-caption\">Una investigaci\u00f3n liderada por cient\u00edficos de la Universidad Complutense de Madrid (UCM) la extensi\u00f3n global de un gen que crea bacterias resistentes a los antibi\u00f3ticos. EFE\/UCM<\/figcaption><\/figure>\n\n\n\n<p class=\"has-vivid-red-color has-text-color has-link-color has-medium-font-size wp-elements-23db7e95974579b190d8bc7ea9a6cef6\"><strong>Agencia EFE<\/strong><\/p>\n\n\n\n<p>Madrid (EFE).- Una investigaci\u00f3n liderada por cient\u00edficos de la Universidad Complutense de Madrid (UCM) ha confirmado que el gen npmA2, generador de bacterias resistentes a los antibi\u00f3ticos, ya est\u00e1 ampliamente diseminado en humanos, animales y el medioambiente a nivel global, al haberse identificado su presencia en seis pa\u00edses.<br><br>El alcance de esta crisis sanitaria, presente en Alemania, Francia, el Reino Unido, China, Australia y Estados Unidos, aparece descrito en la revista \u2018Nature Communications\u2019, y es fruto de la colaboraci\u00f3n de investigadores de la UCM, el Instituto brit\u00e1nico Sanger (Cambridge), el Pasteur de Par\u00eds, y otros centros de investigaci\u00f3n de Pa\u00edses Bajos y Australia.<\/p>\n\n\n\n<figure class=\"wp-block-embed is-type-wp-embed is-provider-efe-noticias wp-block-embed-efe-noticias\"><div class=\"wp-block-embed__wrapper\">\n<blockquote class=\"wp-embedded-content\" data-secret=\"mbh9Ahsg5H\"><a href=\"https:\/\/efe.com\/ciencia-y-tecnologia\/2024-08-19\/microbioma-humano\/\">Reconocen dentro del microbioma humano cientos de mol\u00e9culas como potenciales antibi\u00f3ticos<\/a><\/blockquote><iframe class=\"wp-embedded-content\" sandbox=\"allow-scripts\" security=\"restricted\" style=\"position: absolute; visibility: hidden;\" title=\"\u00abReconocen dentro del microbioma humano cientos de mol\u00e9culas como potenciales antibi\u00f3ticos\u00bb \u2014 EFE Noticias\" src=\"https:\/\/efe.com\/ciencia-y-tecnologia\/2024-08-19\/microbioma-humano\/embed\/#?secret=dUU7GTJM4u#?secret=mbh9Ahsg5H\" data-secret=\"mbh9Ahsg5H\" width=\"500\" height=\"282\" frameborder=\"0\" marginwidth=\"0\" marginheight=\"0\" scrolling=\"no\"><\/iframe>\n<\/div><\/figure>\n\n\n\n<p>El gen npmA2 crea bacterias con una resistencia total a los aminogluc\u00f3sidos, un grupo de antibi\u00f3ticos vitales cuando todo lo dem\u00e1s falla para combatir una infecci\u00f3n.<br><br>Fue detectado por primera vez en bacterias \u2018Escherichia coli\u2019 en una Unidad de Cuidados Intensivos (UCI) de Jap\u00f3n en 2003, y durante a\u00f1os no hab\u00eda vuelto a aparecer, explica en una entrevista con EFE el director del estudio y jefe de la Unidad de Resistencia Antimicrobiana de la UCM, Bruno Gonzalez-Zorn.<\/p>\n\n\n\n<h2 class=\"wp-block-heading\" id=\"h-un-gen-con-pasaporte-genetico\">Un gen con pasaporte gen\u00e9tico<\/h2>\n\n\n\n<p>\u201cHace unos a\u00f1os nos preguntamos qu\u00e9 hab\u00eda pasado con el gen npmA2\u2033, recuerda el cient\u00edfico.<br><br>Este trabajo, fruto del an\u00e1lisis de casi dos millones de muestras bacterianas de diferentes partes del mundo, ha ofrecido la respuesta: el gen npmA2 act\u00faa como un \u201cpasaporte gen\u00e9tico\u201d, viaja y salta de una bacteria a otra cada vez m\u00e1s pat\u00f3gena.<br><br>De la bacteria \u2018Escherichia coli\u2019 ha pasado a incrustarse en la \u2018Clostridioides difficile\u2019, causante de graves infecciones intestinales, y en ella se ha diseminado a nivel mundial.<br><br>\u201cEn una UCI de Holanda ten\u00edan una epidemia de una bacteria intestinal con el npmA2. Nos la mandaron, la secuenciamos y vimos que era el mismo gen que cre\u00f3 resistencia a los antibi\u00f3ticos en la bacteria intestinal, pero esta vez en \u2018Enterococcus faecium&#8217;\u00bb, agrega. Esta \u00faltima bacteria tiene en Espa\u00f1a un 30% de mortalidad cuando se extiende por la sangre.<\/p>\n\n\n\n<figure class=\"wp-block-image\"><img decoding=\"async\" src=\"https:\/\/i0.wp.com\/efe.com\/wp-content\/uploads\/2025\/07\/bacterias-resistentes-antibioticos-extension-global.webp?resize=900%2C600&amp;ssl=1\" alt=\"Un asistente de laboratorio examina una colonia de bacterias en un cultivo. \" class=\"wp-image-2021719\"\/><figcaption class=\"wp-element-caption\">Un asistente de laboratorio examina una colonia de bacterias en un cultivo. EFE\/Marius Becker\/Archivo<\/figcaption><\/figure>\n\n\n\n<p>\u201cEs como un fantasma: casi nadie sab\u00eda de su existencia y, sin hacer ruido, ha empezado a aparecer en distintas partes del mundo y en bacterias que ya de por si son dif\u00edciles de controlar\u201d, a\u00f1ade Gonzalez-Zorn.<br><br>El hallazgo es especialmente preocupante porque las bacterias en las que se incrusta el gen ya muestran resistencias a otros f\u00e1rmacos.<br><br>\u201cEl gen npmA2 convierte a las infecciones causadas por estas bacterias en pr\u00e1cticamente incurables\u201d, sostiene otro de los autores, el investigador de la UCM Carlos Serna.<\/p>\n\n\n\n<h2 class=\"wp-block-heading\" id=\"h-la-pandemia-silenciosa\">La pandemia silenciosa<\/h2>\n\n\n\n<p>La resistencia a los antibi\u00f3ticos es \u201cuna pandemia silenciosa, el mayor problema sanitario al que se enfrenta la humanidad\u201d, apunta Gonz\u00e1lez-Zorn.<br><br>Seg\u00fan datos de Naciones Unidas, cada a\u00f1o mueren en el mundo 1,2 millones de personas por resistencia a los antibi\u00f3ticos.<br>Aproximadamente 20.000 de esas muertes se producen anualmente en Espa\u00f1a, una cifra casi 20 veces superior a los fallecidos en accidentes de tr\u00e1fico.<br><br>Parte del problema se debe, seg\u00fan Gonz\u00e1lez-Zorn, a que \u201ccada vez hay m\u00e1s resistencia a los antibi\u00f3ticos existentes, y llevamos 30 a\u00f1os sin descubrir una nueva familia de estos f\u00e1rmacos. Al ser medicamentos relativamente baratos a las farmac\u00e9uticas no les resulta suficientemente rentable hallar nuevas formulaciones\u201d.<\/p>\n\n\n\n<figure class=\"wp-block-embed is-type-wp-embed is-provider-efe-noticias wp-block-embed-efe-noticias\"><div class=\"wp-block-embed__wrapper\">\n<blockquote class=\"wp-embedded-content\" data-secret=\"uoOfdbu0vS\"><a href=\"https:\/\/efe.com\/ciencia-y-tecnologia\/2025-07-16\/molecula-bacterias-intestinales-aterosclerosis-cnic\/\">Una mol\u00e9cula generada por bacterias intestinales, nuevo factor clave de la aterosclerosis<\/a><\/blockquote><iframe class=\"wp-embedded-content\" sandbox=\"allow-scripts\" security=\"restricted\" style=\"position: absolute; visibility: hidden;\" title=\"\u00abUna mol\u00e9cula generada por bacterias intestinales, nuevo factor clave de la aterosclerosis\u00bb \u2014 EFE Noticias\" src=\"https:\/\/efe.com\/ciencia-y-tecnologia\/2025-07-16\/molecula-bacterias-intestinales-aterosclerosis-cnic\/embed\/#?secret=hKrVhuVRZk#?secret=uoOfdbu0vS\" data-secret=\"uoOfdbu0vS\" width=\"500\" height=\"282\" frameborder=\"0\" marginwidth=\"0\" marginheight=\"0\" scrolling=\"no\"><\/iframe>\n<\/div><\/figure>\n\n\n\n<p>La UE est\u00e1 apostando por la colaboraci\u00f3n p\u00fablico-privada para el desarrollo de nuevos antibi\u00f3ticos, pero la expansi\u00f3n constatada de este gen que potencia la resistencia a los antibi\u00f3ticos de bacterias ya de por si muy da\u00f1inas requiere medidas urgentes de prevenci\u00f3n, alertan los investigadores.<br><br>Los autores abogan por el desarrollo de nuevas estrategias para combatir las infecciones, y por vigilar el uso de antibi\u00f3ticos: \u201cestas medidas son ahora m\u00e1s urgentes que nunca, si no actuamos ya, nos abocamos a una era donde una simple infecci\u00f3n vuelva a ser mortal\u201d, destaca Gonz\u00e1lez-Zorn.<br><br>El cient\u00edfico incide, tambi\u00e9n, en que es necesario vacunarse, no automedicarse, controlar el uso de antibi\u00f3ticos en animales y humanos, aislar al paciente cuando se detecta una infecci\u00f3n, o practicar habitualmente cuestiones tan sencillas como lavarse bien las manos.<\/p>\n\n\n\n<p>Fuente: <a href=\"https:\/\/efe.com\/ciencia-y-tecnologia\/2025-07-17\/gen-bacterias-resistentes-antibioticos\/\">https:\/\/efe.com\/ciencia-y-tecnologia\/2025-07-17\/gen-bacterias-resistentes-antibioticos\/<\/a><\/p>\n","protected":false},"excerpt":{"rendered":"<p>Agencia EFE Madrid (EFE).- Una investigaci\u00f3n liderada por cient\u00edficos de la Universidad Complutense de Madrid (UCM) ha confirmado que el [&hellip;]<\/p>\n","protected":false},"author":1,"featured_media":102888,"comment_status":"open","ping_status":"open","sticky":false,"template":"","format":"standard","meta":{"site-sidebar-layout":"default","site-content-layout":"","ast-site-content-layout":"default","site-content-style":"default","site-sidebar-style":"default","ast-global-header-display":"","ast-banner-title-visibility":"","ast-main-header-display":"","ast-hfb-above-header-display":"","ast-hfb-below-header-display":"","ast-hfb-mobile-header-display":"","site-post-title":"","ast-breadcrumbs-content":"","ast-featured-img":"","footer-sml-layout":"","theme-transparent-header-meta":"","adv-header-id-meta":"","stick-header-meta":"","header-above-stick-meta":"","header-main-stick-meta":"","header-below-stick-meta":"","astra-migrate-meta-layouts":"default","ast-page-background-enabled":"default","ast-page-background-meta":{"desktop":{"background-color":"var(--ast-global-color-4)","background-image":"","background-repeat":"repeat","background-position":"center center","background-size":"auto","background-attachment":"scroll","background-type":"","background-media":"","overlay-type":"","overlay-color":"","overlay-opacity":"","overlay-gradient":""},"tablet":{"background-color":"","background-image":"","background-repeat":"repeat","background-position":"center center","background-size":"auto","background-attachment":"scroll","background-type":"","background-media":"","overlay-type":"","overlay-color":"","overlay-opacity":"","overlay-gradient":""},"mobile":{"background-color":"","background-image":"","background-repeat":"repeat","background-position":"center center","background-size":"auto","background-attachment":"scroll","background-type":"","background-media":"","overlay-type":"","overlay-color":"","overlay-opacity":"","overlay-gradient":""}},"ast-content-background-meta":{"desktop":{"background-color":"var(--ast-global-color-5)","background-image":"","background-repeat":"repeat","background-position":"center center","background-size":"auto","background-attachment":"scroll","background-type":"","background-media":"","overlay-type":"","overlay-color":"","overlay-opacity":"","overlay-gradient":""},"tablet":{"background-color":"var(--ast-global-color-5)","background-image":"","background-repeat":"repeat","background-position":"center center","background-size":"auto","background-attachment":"scroll","background-type":"","background-media":"","overlay-type":"","overlay-color":"","overlay-opacity":"","overlay-gradient":""},"mobile":{"background-color":"var(--ast-global-color-5)","background-image":"","background-repeat":"repeat","background-position":"center center","background-size":"auto","background-attachment":"scroll","background-type":"","background-media":"","overlay-type":"","overlay-color":"","overlay-opacity":"","overlay-gradient":""}},"footnotes":""},"categories":[8],"tags":[2056,40059,13604,40060],"class_list":["post-102887","post","type-post","status-publish","format-standard","has-post-thumbnail","hentry","category-noticias","tag-antibioticos","tag-bacetrias-resistentes","tag-crisis-sanitaria","tag-gen-npma2"],"_links":{"self":[{"href":"https:\/\/losperiodistas.com.mx\/portal\/wp-json\/wp\/v2\/posts\/102887","targetHints":{"allow":["GET"]}}],"collection":[{"href":"https:\/\/losperiodistas.com.mx\/portal\/wp-json\/wp\/v2\/posts"}],"about":[{"href":"https:\/\/losperiodistas.com.mx\/portal\/wp-json\/wp\/v2\/types\/post"}],"author":[{"embeddable":true,"href":"https:\/\/losperiodistas.com.mx\/portal\/wp-json\/wp\/v2\/users\/1"}],"replies":[{"embeddable":true,"href":"https:\/\/losperiodistas.com.mx\/portal\/wp-json\/wp\/v2\/comments?post=102887"}],"version-history":[{"count":1,"href":"https:\/\/losperiodistas.com.mx\/portal\/wp-json\/wp\/v2\/posts\/102887\/revisions"}],"predecessor-version":[{"id":102889,"href":"https:\/\/losperiodistas.com.mx\/portal\/wp-json\/wp\/v2\/posts\/102887\/revisions\/102889"}],"wp:featuredmedia":[{"embeddable":true,"href":"https:\/\/losperiodistas.com.mx\/portal\/wp-json\/wp\/v2\/media\/102888"}],"wp:attachment":[{"href":"https:\/\/losperiodistas.com.mx\/portal\/wp-json\/wp\/v2\/media?parent=102887"}],"wp:term":[{"taxonomy":"category","embeddable":true,"href":"https:\/\/losperiodistas.com.mx\/portal\/wp-json\/wp\/v2\/categories?post=102887"},{"taxonomy":"post_tag","embeddable":true,"href":"https:\/\/losperiodistas.com.mx\/portal\/wp-json\/wp\/v2\/tags?post=102887"}],"curies":[{"name":"wp","href":"https:\/\/api.w.org\/{rel}","templated":true}]}}