{"id":102881,"date":"2025-07-18T07:18:46","date_gmt":"2025-07-18T13:18:46","guid":{"rendered":"https:\/\/losperiodistas.com.mx\/portal\/?p=102881"},"modified":"2025-07-18T07:18:48","modified_gmt":"2025-07-18T13:18:48","slug":"comandante-h-el-profugo-de-la-barredora-y-sus-ligas-con-adan-augusto-titular-de-la-segob-con-amlo-proceso","status":"publish","type":"post","link":"https:\/\/losperiodistas.com.mx\/portal\/comandante-h-el-profugo-de-la-barredora-y-sus-ligas-con-adan-augusto-titular-de-la-segob-con-amlo-proceso\/","title":{"rendered":"Comandante H: El pr\u00f3fugo de La Barredora y sus ligas con Ad\u00e1n Augusto, titular de la Segob con AMLO | Proceso"},"content":{"rendered":"\n<p class=\"has-light-green-cyan-background-color has-background has-medium-font-size\"><strong>El ascenso en el gobierno de Tabasco del l\u00edder de La Barredora y pr\u00f3fugo de la justicia, Hern\u00e1n Berm\u00fadez Requena, no se explica sin el exgobernador y actual senador de Morena Ad\u00e1n Augusto L\u00f3pez. \u00c9stos son los v\u00ednculos pol\u00edticos que el \u201cComandante H\u201d ha tejido durante tres d\u00e9cadas.<\/strong><\/p>\n\n\n\n<p><a href=\"javascript:void(0)\"><\/a><\/p>\n\n\n\n<figure class=\"wp-block-image\"><a href=\"https:\/\/www.proceso.com.mx\/u\/fotografias\/m\/2025\/7\/17\/f1280x720-227300_358975_5050.jpg\"><img decoding=\"async\" src=\"https:\/\/www.proceso.com.mx\/u\/fotografias\/m\/2025\/7\/17\/f685x385-227300_264993_5050.jpg\" alt=\"Comandante H: El pr\u00f3fugo de La Barredora y sus ligas con Ad\u00e1n Augusto, titular de la Segob con AMLO\"\/><\/a><figcaption class=\"wp-element-caption\">Ad\u00e1n Augusto y Berm\u00fadez Requena. V\u00ednculos desde la campa\u00f1a de 2018 por la gubernatura de Tabasco. Foto: @palabrasclaras<\/figcaption><\/figure>\n\n\n\n<p><\/p>\n\n\n\n<p class=\"has-vivid-red-color has-text-color has-link-color has-medium-font-size wp-elements-cb2343f684de3d266827159eb8d12e87\"><strong><a href=\"https:\/\/www.proceso.com.mx\/nacional\/2025\/7\/18\/comandante-h-el-profugo-de-la-barredora-sus-ligas-con-adan-augusto-titular-de-la-segob-con-amlo-355068.html\">Por\u00a0Rodulfo Reyes<\/a> \/ Proceso<\/strong><\/p>\n\n\n\n<p><\/p>\n\n\n\n<p>VILLAHERMOSA, Tab (<strong>Proceso<\/strong>).\u2013&nbsp;&nbsp;<a href=\"https:\/\/www.proceso.com.mx\/nacional\/2022\/10\/17\/sedena-leaks-al-menos-16-informes-involucran-con-el-cjng-al-funcionario-nombrado-por-adan-augusto-295300.html\" target=\"_blank\" rel=\"noreferrer noopener\"><strong>Hern\u00e1n Berm\u00fadez Requena, identificado como&nbsp;<em>Comandante H<\/em>, acusado de dirigir la organizaci\u00f3n criminal La Barredora y actualmente pr\u00f3fugo,<\/strong><\/a>&nbsp;no hubiera escalado en el gobierno de Tabasco sin el apoyo decidido del grupo pol\u00edtico de Ad\u00e1n Augusto L\u00f3pez Hern\u00e1ndez, exgobernador del estado y actual presidente de la Junta de Coordinaci\u00f3n Pol\u00edtica del Senado, con quien mantiene una cercan\u00eda desde hace m\u00e1s de 30 a\u00f1os, desde los inicios de su carrera pol\u00edtica en el PRI.<\/p>\n\n\n\n<p>Originario de Yucat\u00e1n y abogado de profesi\u00f3n, Berm\u00fadez Requena colabor\u00f3 con los exmandatarios Manuel Gurr\u00eda Ord\u00f3\u00f1ez, Roberto Madrazo Pintado, Enrique Priego Oropeza, Manuel Andrade D\u00edaz, el propio Ad\u00e1n Augusto L\u00f3pez y Carlos Merino Campos, todos de origen priista.<\/p>\n\n\n\n<p><strong>Noticias Relacionadas<\/strong><\/p>\n\n\n\n<ul class=\"wp-block-list\">\n<li><a href=\"https:\/\/www.proceso.com.mx\/nacional\/2025\/7\/17\/ante-silencio-de-adan-augusto-sheinbaum-dice-que-debe-haber-pruebas-no-dichos-355055.html\">Ante \u00absilencio\u00bb de Ad\u00e1n Augusto, Sheinbaum dice que debe haber pruebas, no dichos<\/a><\/li>\n\n\n\n<li><a href=\"https:\/\/www.proceso.com.mx\/nacional\/2025\/7\/16\/usted-deberia-salir-esposado-del-senado-dice-lilly-tellez-adan-augusto-lopez-video-355007.html\">\u201cUsted deber\u00eda salir esposado del Senado\u201d, dice Lilly T\u00e9llez a Ad\u00e1n Augusto L\u00f3pez (Video)<\/a><\/li>\n\n\n\n<li><a href=\"https:\/\/www.proceso.com.mx\/nacional\/2025\/7\/15\/cuando-amlo-nego-los-nexos-de-colaboradores-de-adan-augusto-lopez-con-la-barredora-354908.html\">Cuando AMLO neg\u00f3 los nexos de colaboradores de Ad\u00e1n Augusto L\u00f3pez con \u00abLa Barredora\u00bb<\/a><\/li>\n\n\n\n<li><a href=\"https:\/\/www.proceso.com.mx\/nacional\/politica\/2025\/5\/27\/somos-amigos-ricardo-monreal-tras-reencontrarse-con-adan-augusto-lopez-en-el-senado-351908.html\">Somos amigos: Ricardo Monreal tras reencontrarse con Ad\u00e1n Augusto L\u00f3pez en el Senado<\/a><\/li>\n<\/ul>\n\n\n\n<p>El&nbsp;<em>Comandante&nbsp;H<\/em>&nbsp;lleg\u00f3 a Tabasco en 1992 durante un proceso de cambio de gobierno: el 28 de enero de ese a\u00f1o, presionado por el grupo pol\u00edtico de Gurr\u00eda Ord\u00f3\u00f1ez y Madrazo Pintado, Salvador Neme Castillo fue obligado a dejar su cargo por el entonces presidente Carlos Salinas de Gortari.<\/p>\n\n\n\n<p>Al frente del gobierno interino qued\u00f3 Gurr\u00eda, integrante del llamado Grupo Atlacomulco, cuya cabeza era Carlos Hank Gonz\u00e1lez, quien sol\u00eda decir que Gurr\u00eda era \u201cel hermano menor que nunca tuve\u201d.<\/p>\n\n\n\n<p>Con Gurr\u00eda llegaron a Villahermosa Juan Jos\u00e9 Rodr\u00edguez Prats, de quien a su vez Gurr\u00eda dec\u00eda que era \u201cel hermano menor que nunca tuve\u201d, y Jaime Lastra Bastar, quien se hac\u00eda acompa\u00f1ar de Hern\u00e1n Berm\u00fadez, mismo que fue nombrado director de Seguridad P\u00fablica de Tabasco, aunque su \u00fanica experiencia era haber sido polic\u00eda de la Procuradur\u00eda de Justicia del entonces Distrito Federal.<\/p>\n\n\n\n<figure class=\"wp-block-image\"><img decoding=\"async\" src=\"https:\/\/www.proceso.com.mx\/u\/fotografias\/m\/2025\/7\/17\/f768x1-227301_227428_5050.jpg\" alt=\"\"\/><figcaption class=\"wp-element-caption\">Lastra. Impulsor de Berm\u00fadez. Foto:&nbsp;Edgar Jasso \/cuartoscuro.com<\/figcaption><\/figure>\n\n\n\n<p>A ese equipo se integr\u00f3 Ad\u00e1n Augusto L\u00f3pez como subsecretario de Gobierno, a invitaci\u00f3n de Juan Jos\u00e9 Rodr\u00edguez, a quien durante su gobierno Ad\u00e1n L\u00f3pez le devolvi\u00f3 el favor haci\u00e9ndolo asesor en materia legislativa.<\/p>\n\n\n\n<p>Antes de llegar a Tabasco, lo \u00fanico que se sabe de Berm\u00fadez Requena es que hab\u00eda trabajado en la entonces Procuradur\u00eda de la capital del pa\u00eds con el tabasque\u00f1o Jaime Lastra, actual coordinador de la bancada parlamentaria morenista de Tabasco en la C\u00e1mara de Diputados y quien es el pol\u00edtico local m\u00e1s allegado a L\u00f3pez Hern\u00e1ndez.<\/p>\n\n\n\n<p>Hern\u00e1n Berm\u00fadez logr\u00f3 mantenerse dentro de la estructura de gobierno con varios de los siguientes gobernadores: con Roberto Madrazo (1994-2000) fue director del Centro de Readaptaci\u00f3n Social del estado, con Manuel Andrade D\u00edaz,&nbsp;subsecretario de Prevenci\u00f3n y Readaptaci\u00f3n Social y Protecci\u00f3n Civil, entre 2001 y 2006.<\/p>\n\n\n\n<p>El 12 de junio de 2006, mientras ten\u00eda dicha encomienda,&nbsp;Berm\u00fadez fue detenido por agentes de la Subprocuradur\u00eda de Investigaci\u00f3n Especializada en Delincuencia Organizada (SIEDO) al ser involucrado en el caso de la ejecuci\u00f3n de Ponciano V\u00e1zquez Lagunes en el municipio de Huimanguillo.<\/p>\n\n\n\n<p>El funcionario permaneci\u00f3 arraigado por 11 d\u00edas y fue liberado porque no se encontraron pruebas en su contra, seg\u00fan inform\u00f3 entonces en conferencia de prensa el subprocurador de la PGR, Gilberto Higuera Bernal.<\/p>\n\n\n\n<p>Al momento de aquella detenci\u00f3n, Berm\u00fadez cenaba en un hotel de Villahermosa con Cirilo V\u00e1zquez Lagunes,&nbsp;El cacique del sur,&nbsp;quien fue asesinado cuatro meses despu\u00e9s, en octubre,&nbsp;en Acayucan, Veracruz.&nbsp;<\/p>\n\n\n\n<p>Al velorio de Cirilo acudi\u00f3 Ad\u00e1n L\u00f3pez, quien dijo haber acudido a dar el p\u00e9same a su hija Regina, exdiputada federal del PAN, de quien fue compa\u00f1ero de Legislatura.&nbsp;<\/p>\n\n\n\n<figure class=\"wp-block-image\"><img decoding=\"async\" src=\"https:\/\/www.proceso.com.mx\/u\/fotografias\/m\/2025\/7\/17\/f768x1-227302_227429_5050.jpg\" alt=\"\"\/><figcaption class=\"wp-element-caption\">Rodr\u00edguez Prats. Promotor de Ad\u00e1n Augusto. Foto: Eduardo Miranda<\/figcaption><\/figure>\n\n\n\n<p>Despu\u00e9s de su exoneraci\u00f3n hubo un periodo de ostracismo para Berm\u00fadez, quien qued\u00f3 fuera de los gobiernos de Andr\u00e9s Granier Melo (2006-2012) y Arturo N\u00fa\u00f1ez Jim\u00e9nez (2012-2018), ambos adversarios de Gurr\u00eda y Madrazo. En el periodo fuera de gobierno se dedic\u00f3 a la construcci\u00f3n en la empresa de su hermano Humberto Berm\u00fadez Requena.&nbsp;<\/p>\n\n\n\n<h2 class=\"wp-block-heading\"><strong>El funcionario de Ad\u00e1n Augusto<\/strong><\/h2>\n\n\n\n<p><a href=\"https:\/\/www.proceso.com.mx\/nacional\/estados\/2024\/11\/13\/gobernador-de-tabasco-pide-que-adan-augusto-explique-si-hubo-pacto-con-la-delincuencia-video-340313.html\" target=\"_blank\" rel=\"noreferrer noopener\"><strong>El&nbsp;<em>Comandante H<\/em>&nbsp;reapareci\u00f3 en 2018 en la campa\u00f1a de Ad\u00e1n Augusto para gobernador de Tabasco,<\/strong><\/a>&nbsp;haciendo equipo con Jaime Lastra. Al ganar la elecci\u00f3n e iniciar su mandato, Ad\u00e1n nombra a Lastra como fiscal general y Berm\u00fadez Requena asume la Direcci\u00f3n de la Polic\u00eda de Investigaci\u00f3n.<\/p>\n\n\n\n<p>Al a\u00f1o siguiente, L\u00f3pez Hern\u00e1ndez le dio a Berm\u00fadez el cargo de m\u00e1s alto rango que ocupar\u00eda en toda su trayectoria, secretario de Seguridad P\u00fablica y Protecci\u00f3n Ciudadana.<\/p>\n\n\n\n<p>Y aunque Ad\u00e1n Augusto dej\u00f3 la gubernatura en agosto de 2021 para asumir la Secretar\u00eda de Gobernaci\u00f3n&nbsp;&nbsp;(2021-2023) en la presidencia de Andr\u00e9s Manuel L\u00f3pez Obrador, en su lugar qued\u00f3 su incondicional Carlos Merino Campos, quien mantuvo el mismo gabinete que le dej\u00f3 su jefe pol\u00edtico.<\/p>\n\n\n\n<p>El&nbsp;<em>Comandante H<\/em>&nbsp;permaneci\u00f3 en la administraci\u00f3n pese a que en 2022 el colectivo de hackers&nbsp;Guacamaya Leaks&nbsp;filtr\u00f3 miles de documentos secretos de la Secretar\u00eda de la Defensa Nacional (Sedena), entre los cuales aparece un reporte del Centro Nacional de Inteligencia (CNI) que se\u00f1alaba a Berm\u00fadez Requena y al entonces comisionado de la&nbsp;Polic\u00eda Estatal, Jos\u00e9 del Carmen Castillo, como parte de&nbsp;La Barredora, a la que se vincula con el CJNG.<\/p>\n\n\n\n<p>El analista en temas de seguridad Jacinto L\u00f3pez Cruz ha expuesto en publicaciones period\u00edsticas que, a principios de 2020, Hern\u00e1n Berm\u00fadez Requena, a la saz\u00f3n secretario de Seguridad P\u00fablica, present\u00f3 al gobernador Ad\u00e1n Augusto L\u00f3pez Hern\u00e1ndez un documento \u201csobre la creaci\u00f3n de La Barredora\u201d, a lo cual el ahora senador dio \u201csu anuencia\u201d.<\/p>\n\n\n\n<figure class=\"wp-block-image\"><img decoding=\"async\" src=\"https:\/\/www.proceso.com.mx\/u\/fotografias\/m\/2025\/7\/17\/f768x1-227303_227430_5050.jpg\" alt=\"\"\/><figcaption class=\"wp-element-caption\">En imagen, un ataque de La Barredora en Tabasco. Foto: Luis L\u00f3pez\/cuartoscuro.com<\/figcaption><\/figure>\n\n\n\n<p>En su columna&nbsp;Ojo Avizor&nbsp;del 14 de julio \u00faltimo, L\u00f3pez Cruz asegura que el objetivo central de la formaci\u00f3n de ese grupo parapoliciaco fue que se trasladara a la zona de la Chontalpa \u201cpara localizar y dar seguimiento a las actividades de Andr\u00e9s Rodr\u00edguez, el&nbsp;<em>Kalimba<\/em>\u201d, un l\u00edder criminal involucrado en el huachicol, as\u00ed como tr\u00e1fico de drogas y de indocumentados.&nbsp;<\/p>\n\n\n\n<p>La intenci\u00f3n, afirma el periodista, era asesinarlo, ya que estaba se\u00f1alado por haber dado la orden de ejecutar el 24 de enero de 2020 al director del Instituto Tecnol\u00f3gico de La Venta, Carlos Garrido Gular, amigo de Ad\u00e1n Augusto L\u00f3pez y de su secretario de Gobierno, Jos\u00e9 Antonio de la Vega Asmitia.<\/p>\n\n\n\n<p>L\u00f3pez Cruz narra:<\/p>\n\n\n\n<blockquote class=\"wp-block-quote is-layout-flow wp-block-quote-is-layout-flow\">\n<p>(&#8230;) Para Ad\u00e1n Augusto L\u00f3pez la creaci\u00f3n de La Barredora era un mal necesario, pues ante la incapacidad de los cuerpos de seguridad por detener al&nbsp;<em>Kalimba<\/em>,&nbsp;por haber dado la orden de asesinar a Carlos Garrido, y el acoso sistem\u00e1tico de la madre del difunto, que exig\u00eda justicia al gobernador Ad\u00e1n y a su secretario de Gobierno, Jos\u00e9 Antonio de la Vega, y los acusaba de ineficaces de no defender la memoria de su amigo asesinado, ese grupo se encargar\u00eda de realizar el trabajo sucio que era darle muerte al&nbsp;<em>Kalimba<\/em>.<\/p>\n<\/blockquote>\n\n\n\n<p>El articulista afirma que Hern\u00e1n Berm\u00fadez puso al frente de La Barredora a Ulises Pinto, quien habr\u00eda recibido dinero y armamento desde la Secretar\u00eda de Seguridad y se convirti\u00f3 en el operador de La Barredora para Berm\u00fadez.&nbsp;<\/p>\n\n\n\n<p>El experto en temas de seguridad p\u00fablica del estado revela que el l\u00edder criminal que ejecut\u00f3 al&nbsp;<em>Kalimba<\/em>&nbsp;fue el&nbsp;<em>Pantera<\/em>, quien era rival del delincuente&nbsp;que mand\u00f3 a asesinar al funcionario tabasque\u00f1o. Fue el primer \u201ctrabajo\u201d del grupo, el 5 de diciembre de 2020 en la comunidad de Lagartera, \u201cdonde fue asesinado con r\u00e1fagas de metralletas junto a uno de sus guardaespaldas, y ah\u00ed surgi\u00f3 p\u00fablicamente La Barredora al dejar un mensaje donde se acusaba a polic\u00edas federales y estatales de estar coludido con el&nbsp;<em>Kalimba<\/em>&nbsp;en sus pr\u00e1cticas delictivas\u00bb.<\/p>\n\n\n\n<p>El grupo de&nbsp;Ulises Pinto&nbsp;ampli\u00f3 su radio de acci\u00f3n hacia todo el territorio tabasque\u00f1o. Uno de los rivales que entreg\u00f3 a la polic\u00eda fue el l\u00edder criminal&nbsp;\u201cPel\u00f3n de Playas\u201d.&nbsp;Pero tambi\u00e9n extendi\u00f3 sus actividades criminales al huachicoleo, tr\u00e1fico de drogas e indocumentados y el cobro del derecho de piso.<\/p>\n\n\n\n<figure class=\"wp-block-image\"><img decoding=\"async\" src=\"https:\/\/www.proceso.com.mx\/u\/fotografias\/m\/2025\/7\/17\/f768x1-227304_227431_5050.jpg\" alt=\"\"\/><figcaption class=\"wp-element-caption\">Ad\u00e1n Augusto y L\u00f3pez Obrador. Asociaci\u00f3n en la Segob. Foto: Montserrat L\u00f3pez&nbsp;<\/figcaption><\/figure>\n\n\n\n<p>L\u00f3pez Cruz afirma en su texto: \u201cQueda claro que con la anuencia del entonces gobernador se cre\u00f3 el grupo delictivo que ser\u00eda controlado por el secretario de Seguridad y Protecci\u00f3n Ciudadana hasta que se descontrol\u00f3, hasta que se dividieron y entraron en una confrontaci\u00f3n brutal con las consecuencias p\u00fablicamente conocidas, lo que finalmente oblig\u00f3 a Hern\u00e1n Berm\u00fadez a dimitir del cargo\u201d.<\/p>\n\n\n\n<p>El analista tabasque\u00f1o fue el primero en dar a conocer que hab\u00eda una orden de aprehensi\u00f3n contra el colaborador de&nbsp;<a href=\"https:\/\/www.proceso.com.mx\/nacional\/2022\/10\/5\/sedena-leaks-adan-augusto-lopez-entrego-la-seguridad-de-tabasco-presuntos-lideres-del-cjng-294663.html\" target=\"_blank\" rel=\"noreferrer noopener\"><strong>Ad\u00e1n Augusto L\u00f3pez<\/strong><\/a>, y revel\u00f3 tambi\u00e9n los nombres de los l\u00edderes de La Barredora antes de que fueran expuestos por las autoridades.<\/p>\n\n\n\n<p>Fuente: <a href=\"https:\/\/www.proceso.com.mx\/nacional\/2025\/7\/18\/comandante-h-el-profugo-de-la-barredora-sus-ligas-con-adan-augusto-titular-de-la-segob-con-amlo-355068.html\">https:\/\/www.proceso.com.mx\/nacional\/2025\/7\/18\/comandante-h-el-profugo-de-la-barredora-sus-ligas-con-adan-augusto-titular-de-la-segob-con-amlo-355068.html<\/a><\/p>\n","protected":false},"excerpt":{"rendered":"<p>El ascenso en el gobierno de Tabasco del l\u00edder de La Barredora y pr\u00f3fugo de la justicia, Hern\u00e1n Berm\u00fadez Requena, [&hellip;]<\/p>\n","protected":false},"author":1,"featured_media":102882,"comment_status":"open","ping_status":"open","sticky":false,"template":"","format":"standard","meta":{"site-sidebar-layout":"default","site-content-layout":"","ast-site-content-layout":"default","site-content-style":"default","site-sidebar-style":"default","ast-global-header-display":"","ast-banner-title-visibility":"","ast-main-header-display":"","ast-hfb-above-header-display":"","ast-hfb-below-header-display":"","ast-hfb-mobile-header-display":"","site-post-title":"","ast-breadcrumbs-content":"","ast-featured-img":"","footer-sml-layout":"","theme-transparent-header-meta":"","adv-header-id-meta":"","stick-header-meta":"","header-above-stick-meta":"","header-main-stick-meta":"","header-below-stick-meta":"","astra-migrate-meta-layouts":"default","ast-page-background-enabled":"default","ast-page-background-meta":{"desktop":{"background-color":"var(--ast-global-color-4)","background-image":"","background-repeat":"repeat","background-position":"center center","background-size":"auto","background-attachment":"scroll","background-type":"","background-media":"","overlay-type":"","overlay-color":"","overlay-opacity":"","overlay-gradient":""},"tablet":{"background-color":"","background-image":"","background-repeat":"repeat","background-position":"center center","background-size":"auto","background-attachment":"scroll","background-type":"","background-media":"","overlay-type":"","overlay-color":"","overlay-opacity":"","overlay-gradient":""},"mobile":{"background-color":"","background-image":"","background-repeat":"repeat","background-position":"center center","background-size":"auto","background-attachment":"scroll","background-type":"","background-media":"","overlay-type":"","overlay-color":"","overlay-opacity":"","overlay-gradient":""}},"ast-content-background-meta":{"desktop":{"background-color":"var(--ast-global-color-5)","background-image":"","background-repeat":"repeat","background-position":"center center","background-size":"auto","background-attachment":"scroll","background-type":"","background-media":"","overlay-type":"","overlay-color":"","overlay-opacity":"","overlay-gradient":""},"tablet":{"background-color":"var(--ast-global-color-5)","background-image":"","background-repeat":"repeat","background-position":"center center","background-size":"auto","background-attachment":"scroll","background-type":"","background-media":"","overlay-type":"","overlay-color":"","overlay-opacity":"","overlay-gradient":""},"mobile":{"background-color":"var(--ast-global-color-5)","background-image":"","background-repeat":"repeat","background-position":"center center","background-size":"auto","background-attachment":"scroll","background-type":"","background-media":"","overlay-type":"","overlay-color":"","overlay-opacity":"","overlay-gradient":""}},"footnotes":""},"categories":[8],"tags":[3590,40005,40004,31758,4989],"class_list":["post-102881","post","type-post","status-publish","format-standard","has-post-thumbnail","hentry","category-noticias","tag-adan-augusto-lopez-hernandez","tag-comandante-h","tag-hernan-bermudez-requena","tag-la-barredora","tag-tabasco"],"_links":{"self":[{"href":"https:\/\/losperiodistas.com.mx\/portal\/wp-json\/wp\/v2\/posts\/102881","targetHints":{"allow":["GET"]}}],"collection":[{"href":"https:\/\/losperiodistas.com.mx\/portal\/wp-json\/wp\/v2\/posts"}],"about":[{"href":"https:\/\/losperiodistas.com.mx\/portal\/wp-json\/wp\/v2\/types\/post"}],"author":[{"embeddable":true,"href":"https:\/\/losperiodistas.com.mx\/portal\/wp-json\/wp\/v2\/users\/1"}],"replies":[{"embeddable":true,"href":"https:\/\/losperiodistas.com.mx\/portal\/wp-json\/wp\/v2\/comments?post=102881"}],"version-history":[{"count":1,"href":"https:\/\/losperiodistas.com.mx\/portal\/wp-json\/wp\/v2\/posts\/102881\/revisions"}],"predecessor-version":[{"id":102883,"href":"https:\/\/losperiodistas.com.mx\/portal\/wp-json\/wp\/v2\/posts\/102881\/revisions\/102883"}],"wp:featuredmedia":[{"embeddable":true,"href":"https:\/\/losperiodistas.com.mx\/portal\/wp-json\/wp\/v2\/media\/102882"}],"wp:attachment":[{"href":"https:\/\/losperiodistas.com.mx\/portal\/wp-json\/wp\/v2\/media?parent=102881"}],"wp:term":[{"taxonomy":"category","embeddable":true,"href":"https:\/\/losperiodistas.com.mx\/portal\/wp-json\/wp\/v2\/categories?post=102881"},{"taxonomy":"post_tag","embeddable":true,"href":"https:\/\/losperiodistas.com.mx\/portal\/wp-json\/wp\/v2\/tags?post=102881"}],"curies":[{"name":"wp","href":"https:\/\/api.w.org\/{rel}","templated":true}]}}