{"id":102878,"date":"2025-07-18T06:43:32","date_gmt":"2025-07-18T12:43:32","guid":{"rendered":"https:\/\/losperiodistas.com.mx\/portal\/?p=102878"},"modified":"2025-07-18T07:15:59","modified_gmt":"2025-07-18T13:15:59","slug":"alemania-y-el-reino-unido-sellan-una-alianza-de-defensa-mutua-ante-la-incertidumbre-que-generan-trump-y-putin-el-pais","status":"publish","type":"post","link":"https:\/\/losperiodistas.com.mx\/portal\/alemania-y-el-reino-unido-sellan-una-alianza-de-defensa-mutua-ante-la-incertidumbre-que-generan-trump-y-putin-el-pais\/","title":{"rendered":"Alemania y el Reino Unido sellan una alianza de defensa mutua ante la incertidumbre que generan Trump y Putin | El Pa\u00eds"},"content":{"rendered":"\n<h2 class=\"wp-block-heading\">El primer ministro Starmer y el canciller Merz firman en Londres un tratado bilateral una semana despu\u00e9s de los acuerdos del brit\u00e1nico con Macron<\/h2>\n\n\n\n<figure class=\"wp-block-image size-large\"><img fetchpriority=\"high\" decoding=\"async\" width=\"1024\" height=\"683\" src=\"https:\/\/losperiodistas.com.mx\/portal\/wp-content\/uploads\/2025\/07\/QKTBGQYEQFP3ZMASTKPMVD5IU4-1024x683.jpg\" alt=\"\" class=\"wp-image-102879\" srcset=\"https:\/\/losperiodistas.com.mx\/portal\/wp-content\/uploads\/2025\/07\/QKTBGQYEQFP3ZMASTKPMVD5IU4-1024x683.jpg 1024w, https:\/\/losperiodistas.com.mx\/portal\/wp-content\/uploads\/2025\/07\/QKTBGQYEQFP3ZMASTKPMVD5IU4-300x200.jpg 300w, https:\/\/losperiodistas.com.mx\/portal\/wp-content\/uploads\/2025\/07\/QKTBGQYEQFP3ZMASTKPMVD5IU4-768x512.jpg 768w, https:\/\/losperiodistas.com.mx\/portal\/wp-content\/uploads\/2025\/07\/QKTBGQYEQFP3ZMASTKPMVD5IU4.jpg 1200w\" sizes=\"(max-width: 1024px) 100vw, 1024px\" \/><figcaption class=\"wp-element-caption\">Starmer (izquierda) habla con Merz este jueves, en las instalaciones de Airbus. DPA v\u00eda Europa Press (DPA v\u00eda Europa Press)<\/figcaption><\/figure>\n\n\n\n<p class=\"has-vivid-red-color has-text-color has-link-color has-medium-font-size wp-elements-be105236ab1033b51033cbe5d7e81b18\"><a href=\"https:\/\/elpais.com\/autor\/marc-bassets-claret\/#?rel=author_top\">Marc Bassets<\/a> \/ El Pa\u00eds<\/p>\n\n\n\n<p>Berl\u00edn <\/p>\n\n\n\n<p>Las dudas sobre el compromiso del presidente estadounidense, Donald Trump, con sus aliados y la amenaza de la Rusia de Vlad\u00edmir Putin aceleran un reordenamiento de las prioridades y las alianzas en Europa. La prioridad es el rearme. Y el juego de alianzas pasa de nuevo por las grandes capitales.&nbsp;<a href=\"https:\/\/elpais.com\/internacional\/2025-07-10\/el-reino-unido-y-francia-pactan-por-primera-vez-coordinar-su-capacidad-de-disuasion-nuclear.html\">Una semana despu\u00e9s de que Par\u00eds y Londres estrechasen los lazos militares durante una visita del presidente Emmanuel Macron al Reino Unido,&nbsp;<\/a>llega el turno de Alemania. El primer ministro brit\u00e1nico, Keir Starmer, recibi\u00f3 este jueves al canciller Friedrich Merz para firmar un tratado que obliga a ambos pa\u00edses \u2015uno, potencia nuclear; el otro, econ\u00f3mica y en v\u00edas de un rearme masivo\u2015 a \u201cayudarse mutuamente, incluido por medios militares, en caso de ataque armado contra el otro\u201d.<\/p>\n\n\n\n<p>Hay mucho de simbolismo en el llamado Tratado de Kensington: la cl\u00e1usula de la defensa colectiva ya existe en la OTAN, aunque con este documento, Londres y Berl\u00edn la refuerzan. El tratado \u201cde amistad y cooperaci\u00f3n\u201d, que tambi\u00e9n prev\u00e9 estrechar la cooperaci\u00f3n entre ambas industrias militares, significa m\u00e1s de lo que contienen sus 30 art\u00edculos. Porque es el primero entre el Reino Unido y Alemania, pa\u00edses aliados desde la posguerra mundial y muy cercanos en algunos momentos mientras los brit\u00e1nicos pertenec\u00edan a la Uni\u00f3n Europea (UE), pero sin un texto bilateral solemne y codificado que les ligase. Y porque, si hay un hilo conductor en todas las discusiones y en un contenido, es la defensa y la seguridad: el diagn\u00f3stico compartido de que Europa no podr\u00e1 contar para siempre con EE UU y que Rusia representa una amenaza ante la que los europeos deben poder defenderse por s\u00ed solos.<\/p>\n\n\n\n<p>Londres ha encontrado, por la v\u00eda de los tratados bilaterales, una manera de rehacer los lazos con el continente despu\u00e9s del&nbsp;<a href=\"https:\/\/elpais.com\/noticias\/referendum-permanencia-reino-unido-ue\/\">Brexit, la salida del club en 2020.&nbsp;<\/a>Este es el sentido del tratado germanobrit\u00e1nico y el de la visita de Estado de Macron, la semana pasada, y los anteriores acuerdos francobrit\u00e1nicos. Se est\u00e1 configurando una geometr\u00eda europea de alianzas que, sin ser del todo nueva, adquiere peso espec\u00edfico con el Reino Unido fuera de la UE y el contexto actual de inestabilidad, con una Europa entre Putin y Trump. Es el E3, como lo llaman sus propios dirigentes. Un directorio oficioso europeo de los tres Estados europeos occidentales m\u00e1s poderosos econ\u00f3micamente y militarmente: Francia, Reino Unido y Alemania.<\/p>\n\n\n\n<p>\u201cNosotros, en tanto que E3, colaboramos estrechamente en pol\u00edtica de seguridad, migratoria y econ\u00f3mica\u201d, proclam\u00f3 Merz en una rueda de prensa, junto a Starmer, celebrada en la factor\u00eda de Airbus en Stevenage, todo un s\u00edmbolo de europe\u00edsmo industrial. \u201cQue quede claro\u201d, precis\u00f3. \u201dEsta din\u00e1mica no es exclusiva. Tenemos en cuenta a Polonia, Italia y otros pa\u00edses miembros de la Uni\u00f3n Europea, y pa\u00edses tambi\u00e9n peque\u00f1os\u201d. Starmer a\u00f1adi\u00f3 que la coordinaci\u00f3n del apoyo a Ucrania ante la agresi\u00f3n de Rusia \u201cdemuestra la fuerza de Alemania, Francia y el Reino Unido cuando trabajan juntos tan estrechamente.\u201d En otros terrenos, como la diplomacia para evitar el bombardeo de Ir\u00e1n por parte de EE UU, este formado result\u00f3 in\u00fatil.<\/p>\n\n\n\n<p>Una parte de la rueda de prensa de Starmer y Merz el jueves la ocup\u00f3 Ucrania,&nbsp;<a href=\"https:\/\/elpais.com\/internacional\/2025-07-14\/trump-anuncia-que-ee-uu-enviara-baterias-antiaereas-patriot-a-ucrania-pero-que-las-pagara-la-ue.html\">y la disposici\u00f3n de Washington a entregar bater\u00edas antia\u00e9reas Patriot siempre que est\u00e9n financiadas por Europa,<\/a>&nbsp;iniciativa que el canciller alem\u00e1n ha descrito esta semana como \u201cimportante\u201d. Y ha a\u00f1adido: \u201cYo le he asegurado [a Trump] que Alemania se implicar\u00e1 decisivamente. Lo hacemos en nuestro propio inter\u00e9s\u201d. Tanto el canciller como el&nbsp;<em>premier<\/em>&nbsp;brit\u00e1nico han apostado por cultivar una relaci\u00f3n, dentro de lo posible, de confianza con el presidente de EE UU para evitar que rompa con Europa. Merz, que en mayo lleg\u00f3 a la canciller\u00eda con un margen financiero ins\u00f3lito para la defensa, cree que el compromiso de la OTAN, en su reciente cumbre, para aumentar el gasto hasta el 5% del PIB ha permitido por ahora mantener a Trump junto a los europeos.<\/p>\n\n\n\n<p>El Tratado de Kensington, adem\u00e1s de los art\u00edculos sobre defensa, prev\u00e9 agilizar la circulaci\u00f3n de estudiantes y profesionales entre Alemania y el Reino Unido, dificultada tras el Brexit. E incluye una parte sobre pol\u00edtica migratoria que compromete a Alemania a reforzar el control sobre el tr\u00e1fico por las rutas que pasan por el pa\u00eds antes de cruzar el canal de la Mancha. Era un punto anecd\u00f3tico para los alemanes, pero fundamental para el laborista Starmer, que se encuentra bajo presi\u00f3n de una derecha antiinmigraci\u00f3n que le exige medidas rotundas, y en posici\u00f3n de debilidad en la pol\u00edtica interior. El canciller democristiano tambi\u00e9n act\u00faa, ante la inmigraci\u00f3n, condicionado por la extrema derecha, pero en su caso aplica sus pol\u00edticas de mano dura con mayores controles en sus fronteras orientales, principalmente con Polonia. Como le sucede al primer ministro brit\u00e1nico, tiene problemas para mantener la disciplina en la fr\u00e1gil coalici\u00f3n con los socialdem\u00f3cratas.<\/p>\n\n\n\n<p>En los dos meses que lleva en el cargo,&nbsp;<a href=\"https:\/\/elpais.com\/internacional\/2025-07-08\/el-piloto-merz-toma-altura-en-busca-de-la-formula-de-los-conservadores-alemanes-frente-a-la-extrema-derecha.html\">Merz se ha dedicado principalmente a la pol\u00edtica internacional y ha logrado reposicionar a Alemania en el centro del tablero.&nbsp;<\/a>El viaje a Londres y el tratado, aunque negociado por el equipo de su antecesor, el socialdem\u00f3crata Olaf Scholz, son un paso m\u00e1s en este esfuerzo. La semana pr\u00f3xima recibe a Macron en Berl\u00edn.<\/p>\n\n\n\n<p>Fuente: <a href=\"https:\/\/elpais.com\/internacional\/2025-07-17\/alemania-y-el-reino-unido-sellan-una-alianza-de-defensa-mutua-ante-la-incertidumbre-que-generan-trump-y-putin.html\">https:\/\/elpais.com\/internacional\/2025-07-17\/alemania-y-el-reino-unido-sellan-una-alianza-de-defensa-mutua-ante-la-incertidumbre-que-generan-trump-y-putin.html<\/a><\/p>\n","protected":false},"excerpt":{"rendered":"<p>El primer ministro Starmer y el canciller Merz firman en Londres un tratado bilateral una semana despu\u00e9s de los acuerdos [&hellip;]<\/p>\n","protected":false},"author":1,"featured_media":102879,"comment_status":"open","ping_status":"open","sticky":false,"template":"","format":"standard","meta":{"site-sidebar-layout":"default","site-content-layout":"","ast-site-content-layout":"default","site-content-style":"default","site-sidebar-style":"default","ast-global-header-display":"","ast-banner-title-visibility":"","ast-main-header-display":"","ast-hfb-above-header-display":"","ast-hfb-below-header-display":"","ast-hfb-mobile-header-display":"","site-post-title":"","ast-breadcrumbs-content":"","ast-featured-img":"","footer-sml-layout":"","theme-transparent-header-meta":"","adv-header-id-meta":"","stick-header-meta":"","header-above-stick-meta":"","header-main-stick-meta":"","header-below-stick-meta":"","astra-migrate-meta-layouts":"default","ast-page-background-enabled":"default","ast-page-background-meta":{"desktop":{"background-color":"var(--ast-global-color-4)","background-image":"","background-repeat":"repeat","background-position":"center center","background-size":"auto","background-attachment":"scroll","background-type":"","background-media":"","overlay-type":"","overlay-color":"","overlay-opacity":"","overlay-gradient":""},"tablet":{"background-color":"","background-image":"","background-repeat":"repeat","background-position":"center center","background-size":"auto","background-attachment":"scroll","background-type":"","background-media":"","overlay-type":"","overlay-color":"","overlay-opacity":"","overlay-gradient":""},"mobile":{"background-color":"","background-image":"","background-repeat":"repeat","background-position":"center center","background-size":"auto","background-attachment":"scroll","background-type":"","background-media":"","overlay-type":"","overlay-color":"","overlay-opacity":"","overlay-gradient":""}},"ast-content-background-meta":{"desktop":{"background-color":"var(--ast-global-color-5)","background-image":"","background-repeat":"repeat","background-position":"center center","background-size":"auto","background-attachment":"scroll","background-type":"","background-media":"","overlay-type":"","overlay-color":"","overlay-opacity":"","overlay-gradient":""},"tablet":{"background-color":"var(--ast-global-color-5)","background-image":"","background-repeat":"repeat","background-position":"center center","background-size":"auto","background-attachment":"scroll","background-type":"","background-media":"","overlay-type":"","overlay-color":"","overlay-opacity":"","overlay-gradient":""},"mobile":{"background-color":"var(--ast-global-color-5)","background-image":"","background-repeat":"repeat","background-position":"center center","background-size":"auto","background-attachment":"scroll","background-type":"","background-media":"","overlay-type":"","overlay-color":"","overlay-opacity":"","overlay-gradient":""}},"footnotes":""},"categories":[8],"tags":[40058,7151,10989],"class_list":["post-102878","post","type-post","status-publish","format-standard","has-post-thumbnail","hentry","category-noticias","tag-alianza-alemania-y-reino-unido","tag-putin","tag-trump"],"_links":{"self":[{"href":"https:\/\/losperiodistas.com.mx\/portal\/wp-json\/wp\/v2\/posts\/102878","targetHints":{"allow":["GET"]}}],"collection":[{"href":"https:\/\/losperiodistas.com.mx\/portal\/wp-json\/wp\/v2\/posts"}],"about":[{"href":"https:\/\/losperiodistas.com.mx\/portal\/wp-json\/wp\/v2\/types\/post"}],"author":[{"embeddable":true,"href":"https:\/\/losperiodistas.com.mx\/portal\/wp-json\/wp\/v2\/users\/1"}],"replies":[{"embeddable":true,"href":"https:\/\/losperiodistas.com.mx\/portal\/wp-json\/wp\/v2\/comments?post=102878"}],"version-history":[{"count":1,"href":"https:\/\/losperiodistas.com.mx\/portal\/wp-json\/wp\/v2\/posts\/102878\/revisions"}],"predecessor-version":[{"id":102880,"href":"https:\/\/losperiodistas.com.mx\/portal\/wp-json\/wp\/v2\/posts\/102878\/revisions\/102880"}],"wp:featuredmedia":[{"embeddable":true,"href":"https:\/\/losperiodistas.com.mx\/portal\/wp-json\/wp\/v2\/media\/102879"}],"wp:attachment":[{"href":"https:\/\/losperiodistas.com.mx\/portal\/wp-json\/wp\/v2\/media?parent=102878"}],"wp:term":[{"taxonomy":"category","embeddable":true,"href":"https:\/\/losperiodistas.com.mx\/portal\/wp-json\/wp\/v2\/categories?post=102878"},{"taxonomy":"post_tag","embeddable":true,"href":"https:\/\/losperiodistas.com.mx\/portal\/wp-json\/wp\/v2\/tags?post=102878"}],"curies":[{"name":"wp","href":"https:\/\/api.w.org\/{rel}","templated":true}]}}