{"id":102866,"date":"2025-07-17T20:21:24","date_gmt":"2025-07-18T02:21:24","guid":{"rendered":"https:\/\/losperiodistas.com.mx\/portal\/?p=102866"},"modified":"2025-07-17T20:21:25","modified_gmt":"2025-07-18T02:21:25","slug":"fallece-roberto-servitje-cofundador-de-grupo-bimbo","status":"publish","type":"post","link":"https:\/\/losperiodistas.com.mx\/portal\/fallece-roberto-servitje-cofundador-de-grupo-bimbo\/","title":{"rendered":"Fallece Roberto Servitje, cofundador de Grupo Bimbo"},"content":{"rendered":"\n<figure class=\"wp-block-image size-large\"><img fetchpriority=\"high\" decoding=\"async\" width=\"1024\" height=\"640\" src=\"https:\/\/losperiodistas.com.mx\/portal\/wp-content\/uploads\/2025\/07\/RobertoServitje-1024x640.jpg\" alt=\"Roberto Servitje Sendra, cofundador de Grupo Bimbo\" class=\"wp-image-102867\" srcset=\"https:\/\/losperiodistas.com.mx\/portal\/wp-content\/uploads\/2025\/07\/RobertoServitje-1024x640.jpg 1024w, https:\/\/losperiodistas.com.mx\/portal\/wp-content\/uploads\/2025\/07\/RobertoServitje-300x188.jpg 300w, https:\/\/losperiodistas.com.mx\/portal\/wp-content\/uploads\/2025\/07\/RobertoServitje-768x480.jpg 768w, https:\/\/losperiodistas.com.mx\/portal\/wp-content\/uploads\/2025\/07\/RobertoServitje.jpg 1200w\" sizes=\"(max-width: 1024px) 100vw, 1024px\" \/><figcaption class=\"wp-element-caption\">Roberto Servitje Sendra, cofundador de Grupo Bimbo<\/figcaption><\/figure>\n\n\n\n<p class=\"has-vivid-red-color has-text-color has-link-color wp-elements-3efcd2891b627a5f6dcd7dd68b4fbe80\">Redacci\u00f3n AN<\/p>\n\n\n\n<p>En 1994 fue nombrado Presidente del Consejo de Administraci\u00f3n y tom\u00f3 el cargo de Presidente del Grupo, puesto que ocup\u00f3 hasta el 2013.<\/p>\n\n\n\n<p><strong>Roberto Servitje Sendra<\/strong>, cofundador de <strong>Grupo Bimbo<\/strong>, panificadora mexicana que se ha expandido a nivel internacional, <strong>falleci\u00f3<\/strong> este jueves 17 de julio de 2025, seg\u00fan comparti\u00f3 el diario <em>Reforma<\/em>.<\/p>\n\n\n\n<p><strong>\u00a0\u00bfQui\u00e9n era Roberto Servitje?<\/strong><\/p>\n\n\n\n<p>Hermano de Lorenzo, naci\u00f3 en <strong>1928 en la Ciudad de M\u00e9xico<\/strong>. Estudi\u00f3 humanidades en un colegio en Montreal, Canad\u00e1 y egres\u00f3 como contador de la Escuela Bancaria y Comercial en M\u00e9xico.<\/p>\n\n\n\n<p>Con 17 a\u00f1os de edad <strong>ingres\u00f3 a la reci\u00e9n fundada Bimbo<\/strong> como supervisor de ventas y luego cre\u00f3 y se encarg\u00f3 del Departamento de Veh\u00edculos.<\/p>\n\n\n\n<p>En 1954 se le ofreci\u00f3 abrir Bimbo Occidente, en Guadalajara y ocupar la Gerencia General de la misma. Se encarg\u00f3 de la apertura del mercado en esa ciudad, Le\u00f3n y San Luis Potos\u00ed, de la instalaci\u00f3n de la f\u00e1brica en 1956 y del desarrollo comercial de la regi\u00f3n.<\/p>\n\n\n\n<figure class=\"wp-block-image size-full\"><img decoding=\"async\" width=\"700\" height=\"840\" src=\"https:\/\/losperiodistas.com.mx\/portal\/wp-content\/uploads\/2025\/07\/Roberto-Servitje-bn.jpg\" alt=\"\" class=\"wp-image-102868\" srcset=\"https:\/\/losperiodistas.com.mx\/portal\/wp-content\/uploads\/2025\/07\/Roberto-Servitje-bn.jpg 700w, https:\/\/losperiodistas.com.mx\/portal\/wp-content\/uploads\/2025\/07\/Roberto-Servitje-bn-250x300.jpg 250w\" sizes=\"(max-width: 700px) 100vw, 700px\" \/><\/figure>\n\n\n\n<p>En 1969 se fue a Boston donde se gradu\u00f3 en la <strong>Universidad de Harvard<\/strong> en el curso Program Managment Development. A su regreso inici\u00f3 como Subdirector de la Organizaci\u00f3n y ocup\u00f3 este puesto durante nueve a\u00f1os, al terminar su periodo en 1978, la <strong>Organizaci\u00f3n Bimbo<\/strong> ya contaba con 13 f\u00e1bricas.<\/p>\n\n\n\n<p>En 1979 fue nombrado <strong>Director General de Grupo Bimbo<\/strong>. En 1990 asumi\u00f3 el puesto de Presidente Ejecutivo. En su periodo se lleva a cabo una expansi\u00f3n del Grupo, cre\u00e1ndose 24 empresas operadoras, elev\u00e1ndose su n\u00famero a un total de 50.<\/p>\n\n\n\n<p>En 1994 fue nombrado <strong>Presidente del Consejo de Administraci\u00f3n<\/strong> y tom\u00f3 el cargo de <strong>Presidente del Grupo<\/strong>, puesto que ocup\u00f3 hasta el 2013.<\/p>\n\n\n\n<p><strong>El impacto de Grupo Bimbo<\/strong><\/p>\n\n\n\n<p>La <strong>p\u00e1gina oficial de Grupo Bimbo<\/strong>, de d\u00f3nde tambi\u00e9n se obtuvo el perfil oficial de Servitje,\u00a0destaca el crecimiento, impacto y alcance de sus marcas, afirmando que en la actualidad cuentan con m\u00e1s de <strong>3.3 millones de puntos de venta distribuidos en 35 pa\u00edses<\/strong>.<\/p>\n\n\n\n<figure class=\"wp-block-image size-large\"><img decoding=\"async\" width=\"1024\" height=\"640\" src=\"https:\/\/losperiodistas.com.mx\/portal\/wp-content\/uploads\/2025\/07\/bimbo-paquetes-1024x640.jpg\" alt=\"\" class=\"wp-image-102869\" srcset=\"https:\/\/losperiodistas.com.mx\/portal\/wp-content\/uploads\/2025\/07\/bimbo-paquetes-1024x640.jpg 1024w, https:\/\/losperiodistas.com.mx\/portal\/wp-content\/uploads\/2025\/07\/bimbo-paquetes-300x188.jpg 300w, https:\/\/losperiodistas.com.mx\/portal\/wp-content\/uploads\/2025\/07\/bimbo-paquetes-768x480.jpg 768w, https:\/\/losperiodistas.com.mx\/portal\/wp-content\/uploads\/2025\/07\/bimbo-paquetes.jpg 1200w\" sizes=\"(max-width: 1024px) 100vw, 1024px\" \/><\/figure>\n\n\n\n<p>Asimismo destacan como misi\u00f3n<strong> \u201calimentar un mundo mejor\u201d<\/strong>, tarea que gracias a las contribuciones de los hermanos Servitje, ha colocado a Bimbo como la l\u00edder mundial en la industria de la panificaci\u00f3n, gracias a las m\u00e1s de 100 marcas que se encuentran en su haber.<\/p>\n\n\n\n<p>100% mexicana, Bimbo ech\u00f3 ra\u00edces desde <strong>1945<\/strong>, comenzando con cuatro productos y 10 camiones repartidores; hoy, su ic\u00f3nico osito se expande por <strong>Norte, Centro y Sudam\u00e9rica, Europa, \u00c1frica y Asia<\/strong>.<\/p>\n\n\n\n<figure class=\"wp-block-embed is-type-video is-provider-youtube wp-block-embed-youtube wp-embed-aspect-16-9 wp-has-aspect-ratio\"><div class=\"wp-block-embed__wrapper\">\n<iframe title=\"\u00bfQui\u00e9n fue Don Roberto Servitje, cofundador de Bimbo?\" width=\"500\" height=\"281\" src=\"https:\/\/www.youtube.com\/embed\/7sAMWcKBeeU?feature=oembed\" frameborder=\"0\" allow=\"accelerometer; autoplay; clipboard-write; encrypted-media; gyroscope; picture-in-picture; web-share\" referrerpolicy=\"strict-origin-when-cross-origin\" allowfullscreen><\/iframe>\n<\/div><\/figure>\n\n\n\n<p><strong>Bimbo en la Bolsa Mexicana de Valores (BMV)<\/strong><\/p>\n\n\n\n<p>Constituida el 15 de junio de 1966, Bimbo se enlist\u00f3 a la Bolsa Mexicana de Valores un <strong>19 de febrero de 1980<\/strong>.<\/p>\n\n\n\n<p>Destacada en el ramo de alimentos, cotiza en el sector de productos de consumo frecuente, y cuenta con una actividad econ\u00f3mica \u201ccontroladora de empresas dedicadas a la elaboraci\u00f3n y distribuci\u00f3n de productos alimenticios\u201d.<\/p>\n\n\n\n<p>Sus <strong>principales productos<\/strong> abarcan: pan empacado, pasteler\u00eda tipo cajero, galletas, dulces y comida procesada.<\/p>\n\n\n\n<p>Actualmente la <strong>direcci\u00f3n general<\/strong> de Grupo Bimbo se encuentra bajo el mando de <strong>Rafael Pamias Romero<\/strong>; Diego Gaxiola Cuevas se desempe\u00f1a como director de administraci\u00f3n y finanzas.<\/p>\n\n\n\n<p>Fuente: <a href=\"https:\/\/aristeguinoticias.com\/1707\/mexico\/fallece-roberto-servitje-cofundador-de-grupo-bimbo\/\" target=\"_blank\" rel=\"noreferrer noopener\">Aristegui Noticias<\/a><\/p>\n\n\n\n<p><\/p>\n","protected":false},"excerpt":{"rendered":"<p>En 1994 fue nombrado Presidente del Consejo de Administraci\u00f3n y tom\u00f3 el cargo de Presidente del Grupo, puesto que ocup\u00f3 hasta el 2013.<\/p>\n","protected":false},"author":1,"featured_media":102867,"comment_status":"open","ping_status":"open","sticky":false,"template":"","format":"standard","meta":{"site-sidebar-layout":"default","site-content-layout":"","ast-site-content-layout":"default","site-content-style":"default","site-sidebar-style":"default","ast-global-header-display":"","ast-banner-title-visibility":"","ast-main-header-display":"","ast-hfb-above-header-display":"","ast-hfb-below-header-display":"","ast-hfb-mobile-header-display":"","site-post-title":"","ast-breadcrumbs-content":"","ast-featured-img":"","footer-sml-layout":"","theme-transparent-header-meta":"","adv-header-id-meta":"","stick-header-meta":"","header-above-stick-meta":"","header-main-stick-meta":"","header-below-stick-meta":"","astra-migrate-meta-layouts":"default","ast-page-background-enabled":"default","ast-page-background-meta":{"desktop":{"background-color":"var(--ast-global-color-4)","background-image":"","background-repeat":"repeat","background-position":"center center","background-size":"auto","background-attachment":"scroll","background-type":"","background-media":"","overlay-type":"","overlay-color":"","overlay-opacity":"","overlay-gradient":""},"tablet":{"background-color":"","background-image":"","background-repeat":"repeat","background-position":"center center","background-size":"auto","background-attachment":"scroll","background-type":"","background-media":"","overlay-type":"","overlay-color":"","overlay-opacity":"","overlay-gradient":""},"mobile":{"background-color":"","background-image":"","background-repeat":"repeat","background-position":"center center","background-size":"auto","background-attachment":"scroll","background-type":"","background-media":"","overlay-type":"","overlay-color":"","overlay-opacity":"","overlay-gradient":""}},"ast-content-background-meta":{"desktop":{"background-color":"var(--ast-global-color-5)","background-image":"","background-repeat":"repeat","background-position":"center center","background-size":"auto","background-attachment":"scroll","background-type":"","background-media":"","overlay-type":"","overlay-color":"","overlay-opacity":"","overlay-gradient":""},"tablet":{"background-color":"var(--ast-global-color-5)","background-image":"","background-repeat":"repeat","background-position":"center center","background-size":"auto","background-attachment":"scroll","background-type":"","background-media":"","overlay-type":"","overlay-color":"","overlay-opacity":"","overlay-gradient":""},"mobile":{"background-color":"var(--ast-global-color-5)","background-image":"","background-repeat":"repeat","background-position":"center center","background-size":"auto","background-attachment":"scroll","background-type":"","background-media":"","overlay-type":"","overlay-color":"","overlay-opacity":"","overlay-gradient":""}},"footnotes":""},"categories":[8],"tags":[40053,25117,40052],"class_list":["post-102866","post","type-post","status-publish","format-standard","has-post-thumbnail","hentry","category-noticias","tag-grupo-bimbo","tag-qepd","tag-roberto-servitje"],"_links":{"self":[{"href":"https:\/\/losperiodistas.com.mx\/portal\/wp-json\/wp\/v2\/posts\/102866","targetHints":{"allow":["GET"]}}],"collection":[{"href":"https:\/\/losperiodistas.com.mx\/portal\/wp-json\/wp\/v2\/posts"}],"about":[{"href":"https:\/\/losperiodistas.com.mx\/portal\/wp-json\/wp\/v2\/types\/post"}],"author":[{"embeddable":true,"href":"https:\/\/losperiodistas.com.mx\/portal\/wp-json\/wp\/v2\/users\/1"}],"replies":[{"embeddable":true,"href":"https:\/\/losperiodistas.com.mx\/portal\/wp-json\/wp\/v2\/comments?post=102866"}],"version-history":[{"count":1,"href":"https:\/\/losperiodistas.com.mx\/portal\/wp-json\/wp\/v2\/posts\/102866\/revisions"}],"predecessor-version":[{"id":102870,"href":"https:\/\/losperiodistas.com.mx\/portal\/wp-json\/wp\/v2\/posts\/102866\/revisions\/102870"}],"wp:featuredmedia":[{"embeddable":true,"href":"https:\/\/losperiodistas.com.mx\/portal\/wp-json\/wp\/v2\/media\/102867"}],"wp:attachment":[{"href":"https:\/\/losperiodistas.com.mx\/portal\/wp-json\/wp\/v2\/media?parent=102866"}],"wp:term":[{"taxonomy":"category","embeddable":true,"href":"https:\/\/losperiodistas.com.mx\/portal\/wp-json\/wp\/v2\/categories?post=102866"},{"taxonomy":"post_tag","embeddable":true,"href":"https:\/\/losperiodistas.com.mx\/portal\/wp-json\/wp\/v2\/tags?post=102866"}],"curies":[{"name":"wp","href":"https:\/\/api.w.org\/{rel}","templated":true}]}}