{"id":102863,"date":"2025-07-17T19:51:08","date_gmt":"2025-07-18T01:51:08","guid":{"rendered":"https:\/\/losperiodistas.com.mx\/portal\/?p=102863"},"modified":"2025-07-17T19:51:09","modified_gmt":"2025-07-18T01:51:09","slug":"morena-asegura-que-no-encubrira-a-nadie-en-el-caso-bermudez-requena","status":"publish","type":"post","link":"https:\/\/losperiodistas.com.mx\/portal\/morena-asegura-que-no-encubrira-a-nadie-en-el-caso-bermudez-requena\/","title":{"rendered":"Morena Asegura que No Encubrir\u00e1 a Nadie en el Caso Berm\u00fadez Requena"},"content":{"rendered":"\n<figure class=\"wp-block-image size-large\"><img fetchpriority=\"high\" decoding=\"async\" width=\"1024\" height=\"683\" src=\"https:\/\/losperiodistas.com.mx\/portal\/wp-content\/uploads\/2025\/07\/ArturoAvila_CamaraDiputados-1024x683.jpg\" alt=\"Vocero del grupo parlamentario de Morena\" class=\"wp-image-102864\" srcset=\"https:\/\/losperiodistas.com.mx\/portal\/wp-content\/uploads\/2025\/07\/ArturoAvila_CamaraDiputados-1024x683.jpg 1024w, https:\/\/losperiodistas.com.mx\/portal\/wp-content\/uploads\/2025\/07\/ArturoAvila_CamaraDiputados-300x200.jpg 300w, https:\/\/losperiodistas.com.mx\/portal\/wp-content\/uploads\/2025\/07\/ArturoAvila_CamaraDiputados-768x512.jpg 768w, https:\/\/losperiodistas.com.mx\/portal\/wp-content\/uploads\/2025\/07\/ArturoAvila_CamaraDiputados.jpg 1195w\" sizes=\"(max-width: 1024px) 100vw, 1024px\" \/><figcaption class=\"wp-element-caption\">Vocero del grupo parlamentario de Morena en C\u00e1mara de Diputados, Arturo \u00c1vila durante conferencia de prensa. Foto de la cuenta de X @DiputadosMorena<\/figcaption><\/figure>\n\n\n\n<p class=\"has-vivid-red-color has-text-color has-link-color wp-elements-97362cced9252ea0aaabe856a71c970c\">Fernando Camacho Serv\u00edn \/ La Jornada<\/p>\n\n\n\n<p>El partido <strong>Morena<\/strong> no encubrir\u00e1 a nadie en el caso de <strong>Hern\u00e1n Berm\u00fadez Requena<\/strong>, exjefe de la polic\u00eda de Tabasco, acusado de nexos con el crimen organizado. As\u00ed lo afirm\u00f3 <strong>Arturo \u00c1vila<\/strong>, vocero del grupo parlamentario guinda en la C\u00e1mara de Diputados, quien asegur\u00f3 que el partido respaldar\u00e1 las investigaciones de las fiscal\u00edas de Tabasco y General de la Rep\u00fablica (FGR) \u00abhasta sus \u00faltimas consecuencias\u00bb.<\/p>\n\n\n\n<h3 class=\"wp-block-heading\">Distinci\u00f3n Clave entre el Caso Berm\u00fadez y Garc\u00eda Luna<\/h3>\n\n\n\n<p>\u00c1vila hizo hincapi\u00e9 en la <strong>\u00abenorme diferencia\u00bb<\/strong> entre el caso de Berm\u00fadez Requena y el de Genaro Garc\u00eda Luna, exsecretario de Seguridad P\u00fablica federal, condenado en Estados Unidos por narcotr\u00e1fico. \u00abNosotros s\u00ed estamos persiguiendo a una persona que cometi\u00f3 un il\u00edcito\u00bb, recalc\u00f3 \u00c1vila, se\u00f1alando que las investigaciones las llevan a cabo las fiscal\u00edas correspondientes.<\/p>\n\n\n\n<p>El vocero de Morena subray\u00f3 que la investigaci\u00f3n contra Berm\u00fadez <strong>\u00abinicia en un gobierno morenista\u00bb<\/strong>, con la contribuci\u00f3n de datos por parte del Gobierno Federal a trav\u00e9s de sus oficinas de inteligencia.<\/p>\n\n\n\n<h3 class=\"wp-block-heading\">Ad\u00e1n Augusto L\u00f3pez Hern\u00e1ndez y las Acusaciones<\/h3>\n\n\n\n<p>\u00c1vila fue cuestionado sobre la posible implicaci\u00f3n de <strong>Ad\u00e1n Augusto L\u00f3pez Hern\u00e1ndez<\/strong>, actual coordinador de los senadores morenistas y exgobernador de Tabasco, quien supuestamente design\u00f3 a Berm\u00fadez. El legislador morenista neg\u00f3 que el caso Berm\u00fadez se comparezca al de Garc\u00eda Luna, y reiter\u00f3: \u00abMorena jam\u00e1s ser\u00e1 tapadera de nadie, como s\u00ed lo fue Acci\u00f3n Nacional\u00bb con Garc\u00eda Luna.<\/p>\n\n\n\n<p>Respecto a la contrataci\u00f3n de Berm\u00fadez, \u00c1vila expres\u00f3 su suposici\u00f3n de que fue \u00abde buena fe\u00bb y que L\u00f3pez Hern\u00e1ndez \u00abno ten\u00eda conocimiento\u00bb de sus presuntos v\u00ednculos delictivos, de lo contrario, \u00ablo hubiera separado de su cargo y hubiera iniciado una investigaci\u00f3n inmediata\u00bb.<\/p>\n\n\n\n<h3 class=\"wp-block-heading\">Prisi\u00f3n Preventiva y Futuro de la Investigaci\u00f3n<\/h3>\n\n\n\n<p>Sobre la falta de prisi\u00f3n preventiva oficiosa para Berm\u00fadez, \u00c1vila evit\u00f3 una respuesta directa, pero afirm\u00f3 que existe una <strong>orden de aprehensi\u00f3n<\/strong> y que un gobierno de Morena \u00abest\u00e1 persiguiendo a un funcionario p\u00fablico que, lamentablemente, no hizo bien su trabajo\u00bb. Adem\u00e1s, confi\u00f3 en que Berm\u00fadez \u00abser\u00e1 atrapado en breve y ser\u00e1 llevado ante la justicia para que responda\u00bb.<\/p>\n\n\n\n<p>Finalmente, \u00c1vila se abstuvo de especular sobre una posible citaci\u00f3n de Ad\u00e1n Augusto L\u00f3pez por la FGR, argumentando que no conoce la carpeta de investigaci\u00f3n y que esperar\u00e1 el informe de la autoridad la pr\u00f3xima semana.<\/p>\n\n\n\n<p><strong>Fuente:<\/strong> <a href=\"https:\/\/www.jornada.com.mx\/noticia\/2025\/07\/17\/politica\/en-caso-bermudez-requena-morena-no-sera-tapadera-ni-comparsa-de-nadie-arturo-avila\" data-type=\"link\" data-id=\"https:\/\/www.jornada.com.mx\/noticia\/2025\/07\/17\/politica\/en-caso-bermudez-requena-morena-no-sera-tapadera-ni-comparsa-de-nadie-arturo-avila\" target=\"_blank\" rel=\"noreferrer noopener\">La Jornada<\/a><\/p>\n\n\n\n<p><\/p>\n","protected":false},"excerpt":{"rendered":"<p>Morena \u201cno ser\u00e1 tapadera ni comparsa de nadie\u201d, por lo que apoyar\u00e1 que las investigaciones de las fiscal\u00edas de esa entidad y de la FGR sigan \u201ctope hasta donde tope\u201d.<\/p>\n","protected":false},"author":1,"featured_media":102864,"comment_status":"open","ping_status":"open","sticky":false,"template":"","format":"standard","meta":{"site-sidebar-layout":"default","site-content-layout":"","ast-site-content-layout":"default","site-content-style":"default","site-sidebar-style":"default","ast-global-header-display":"","ast-banner-title-visibility":"","ast-main-header-display":"","ast-hfb-above-header-display":"","ast-hfb-below-header-display":"","ast-hfb-mobile-header-display":"","site-post-title":"","ast-breadcrumbs-content":"","ast-featured-img":"","footer-sml-layout":"","theme-transparent-header-meta":"","adv-header-id-meta":"","stick-header-meta":"","header-above-stick-meta":"","header-main-stick-meta":"","header-below-stick-meta":"","astra-migrate-meta-layouts":"default","ast-page-background-enabled":"default","ast-page-background-meta":{"desktop":{"background-color":"var(--ast-global-color-4)","background-image":"","background-repeat":"repeat","background-position":"center center","background-size":"auto","background-attachment":"scroll","background-type":"","background-media":"","overlay-type":"","overlay-color":"","overlay-opacity":"","overlay-gradient":""},"tablet":{"background-color":"","background-image":"","background-repeat":"repeat","background-position":"center center","background-size":"auto","background-attachment":"scroll","background-type":"","background-media":"","overlay-type":"","overlay-color":"","overlay-opacity":"","overlay-gradient":""},"mobile":{"background-color":"","background-image":"","background-repeat":"repeat","background-position":"center center","background-size":"auto","background-attachment":"scroll","background-type":"","background-media":"","overlay-type":"","overlay-color":"","overlay-opacity":"","overlay-gradient":""}},"ast-content-background-meta":{"desktop":{"background-color":"var(--ast-global-color-5)","background-image":"","background-repeat":"repeat","background-position":"center center","background-size":"auto","background-attachment":"scroll","background-type":"","background-media":"","overlay-type":"","overlay-color":"","overlay-opacity":"","overlay-gradient":""},"tablet":{"background-color":"var(--ast-global-color-5)","background-image":"","background-repeat":"repeat","background-position":"center center","background-size":"auto","background-attachment":"scroll","background-type":"","background-media":"","overlay-type":"","overlay-color":"","overlay-opacity":"","overlay-gradient":""},"mobile":{"background-color":"var(--ast-global-color-5)","background-image":"","background-repeat":"repeat","background-position":"center center","background-size":"auto","background-attachment":"scroll","background-type":"","background-media":"","overlay-type":"","overlay-color":"","overlay-opacity":"","overlay-gradient":""}},"footnotes":""},"categories":[8],"tags":[40050,40051,247],"class_list":["post-102863","post","type-post","status-publish","format-standard","has-post-thumbnail","hentry","category-noticias","tag-arturo-avila","tag-hernan-bermudez","tag-morena"],"_links":{"self":[{"href":"https:\/\/losperiodistas.com.mx\/portal\/wp-json\/wp\/v2\/posts\/102863","targetHints":{"allow":["GET"]}}],"collection":[{"href":"https:\/\/losperiodistas.com.mx\/portal\/wp-json\/wp\/v2\/posts"}],"about":[{"href":"https:\/\/losperiodistas.com.mx\/portal\/wp-json\/wp\/v2\/types\/post"}],"author":[{"embeddable":true,"href":"https:\/\/losperiodistas.com.mx\/portal\/wp-json\/wp\/v2\/users\/1"}],"replies":[{"embeddable":true,"href":"https:\/\/losperiodistas.com.mx\/portal\/wp-json\/wp\/v2\/comments?post=102863"}],"version-history":[{"count":1,"href":"https:\/\/losperiodistas.com.mx\/portal\/wp-json\/wp\/v2\/posts\/102863\/revisions"}],"predecessor-version":[{"id":102865,"href":"https:\/\/losperiodistas.com.mx\/portal\/wp-json\/wp\/v2\/posts\/102863\/revisions\/102865"}],"wp:featuredmedia":[{"embeddable":true,"href":"https:\/\/losperiodistas.com.mx\/portal\/wp-json\/wp\/v2\/media\/102864"}],"wp:attachment":[{"href":"https:\/\/losperiodistas.com.mx\/portal\/wp-json\/wp\/v2\/media?parent=102863"}],"wp:term":[{"taxonomy":"category","embeddable":true,"href":"https:\/\/losperiodistas.com.mx\/portal\/wp-json\/wp\/v2\/categories?post=102863"},{"taxonomy":"post_tag","embeddable":true,"href":"https:\/\/losperiodistas.com.mx\/portal\/wp-json\/wp\/v2\/tags?post=102863"}],"curies":[{"name":"wp","href":"https:\/\/api.w.org\/{rel}","templated":true}]}}