{"id":102832,"date":"2025-07-17T06:44:54","date_gmt":"2025-07-17T12:44:54","guid":{"rendered":"https:\/\/losperiodistas.com.mx\/portal\/?p=102832"},"modified":"2025-07-17T06:44:55","modified_gmt":"2025-07-17T12:44:55","slug":"sergio-bleda-publica-el-pacto-de-goya-si-hay-un-personaje-capaz-de-burlar-al-diablo-seria-goya-rtve","status":"publish","type":"post","link":"https:\/\/losperiodistas.com.mx\/portal\/sergio-bleda-publica-el-pacto-de-goya-si-hay-un-personaje-capaz-de-burlar-al-diablo-seria-goya-rtve\/","title":{"rendered":"Sergio Bleda publica &#8216;El pacto de Goya&#8217;: \u00abSi hay un personaje capaz de burlar al diablo, ser\u00eda Goya\u00bb | Rtve"},"content":{"rendered":"\n<ul class=\"wp-block-list\">\n<li class=\"has-medium-font-size\">Un c\u00f3mic que se aproxima a la figura del pintor (y su hija) desde una perspectiva fant\u00e1stica<\/li>\n\n\n\n<li class=\"has-medium-font-size\">M\u00e1s noticias sobre c\u00f3mic e ilustraci\u00f3n en\u00a0<a href=\"https:\/\/www.rtve.es\/noticias\/comic\/\" target=\"_blank\" rel=\"noreferrer noopener\">El C\u00f3mic en RTVE.es<\/a><\/li>\n<\/ul>\n\n\n\n<p><\/p>\n\n\n\n<figure class=\"wp-block-image\"><img fetchpriority=\"high\" decoding=\"async\" width=\"1600\" height=\"900\" src=\"https:\/\/losperiodistas.com.mx\/portal\/wp-content\/uploads\/2025\/07\/ab5fae8e-f3a1-43d3-bbf7-3a89bbc7a62e.jpg\" alt=\"Cabra antropom\u00f3rfica y figuras grotescas en un taller de arte oscuro.  Personajes con pinceles y lienzos con figuras femeninas desnudas. Atm\u00f3sfera fant\u00e1stica y macabra.\" class=\"wp-image-102834\" title=\"Detalle de la portada de 'El pacto de Goya' (Sergio Bleda)\" srcset=\"https:\/\/losperiodistas.com.mx\/portal\/wp-content\/uploads\/2025\/07\/ab5fae8e-f3a1-43d3-bbf7-3a89bbc7a62e.jpg 1600w, https:\/\/losperiodistas.com.mx\/portal\/wp-content\/uploads\/2025\/07\/ab5fae8e-f3a1-43d3-bbf7-3a89bbc7a62e-300x169.jpg 300w, https:\/\/losperiodistas.com.mx\/portal\/wp-content\/uploads\/2025\/07\/ab5fae8e-f3a1-43d3-bbf7-3a89bbc7a62e-1024x576.jpg 1024w, https:\/\/losperiodistas.com.mx\/portal\/wp-content\/uploads\/2025\/07\/ab5fae8e-f3a1-43d3-bbf7-3a89bbc7a62e-768x432.jpg 768w, https:\/\/losperiodistas.com.mx\/portal\/wp-content\/uploads\/2025\/07\/ab5fae8e-f3a1-43d3-bbf7-3a89bbc7a62e-1536x864.jpg 1536w\" sizes=\"(max-width: 1600px) 100vw, 1600px\" \/><figcaption class=\"wp-element-caption\">Detalle de la portada de &#8216;El pacto de Goya&#8217; (Sergio Bleda)<\/figcaption><\/figure>\n\n\n\n<p><a href=\"https:\/\/www.rtve.es\/autor\/jesus-jimenez\/300190\/\"><\/a><\/p>\n\n\n\n<p class=\"has-vivid-red-color has-text-color has-link-color has-medium-font-size wp-elements-579337d5524eb8b8620740dc87f10535\"><strong><a href=\"https:\/\/www.rtve.es\/autor\/jesus-jimenez\/300190\/\">Jes\u00fas Jim\u00e9nez<\/a> \/ Rtve<\/strong><\/p>\n\n\n\n<p>Las pinturas negras de&nbsp;<strong>Francisco de Goya<\/strong>&nbsp;(1746-1828) nos siguen fascinando, al igual que el misterio que rodea a&nbsp;<strong>la desaparici\u00f3n del cr\u00e1neo del artista<\/strong>, cuyo paradero es desconocido. Pero hay otras muchas inc\u00f3gnitas alrededor de la figura del pintor y de su ahijada,&nbsp;<strong>Rosario Weiss<\/strong>&nbsp;(1814-1843), que sirven al dibujante&nbsp;<a href=\"https:\/\/sergiobleda.com\/\" target=\"_blank\" rel=\"noreferrer noopener\">Sergio Bleda<\/a>&nbsp;(Albacete, 1974), para construir&nbsp;<strong>una historia con elementos fant\u00e1sticos, aunque inspirada en hechos reales<\/strong>&nbsp;muy bien documentados. Un c\u00f3mic apasionante del que acaba de publicar el primer volumen (de dos):&nbsp;<em><a href=\"https:\/\/sergiobleda.com\/tienda\/tienda_comics\" target=\"_blank\" rel=\"noreferrer noopener\">El pacto de Goya<\/a><\/em>.<\/p>\n\n\n\n<p>Y lo primero es preguntar a Sergio por qu\u00e9 ha querido acercarse a Goya de esta forma tan original: \u00abSi me he aproximado a la figura del pintor desde una perspectiva fant\u00e1stica es porque&nbsp;<strong>creo que es como resulta m\u00e1s interesante<\/strong>. La realidad est\u00e1 muy bien, pero puede ser muy aburrida, y no me interesaba limitarme a hacer una simple biograf\u00eda del personaje\u00bb.<\/p>\n\n\n\n<p>Sergio ha estado m\u00e1s de diez a\u00f1os document\u00e1ndose sobre Goya para este c\u00f3mic y por eso le preguntamos hasta qu\u00e9 punto cree que la obra de Goya estuvo influenciada por el g\u00e9nero fant\u00e1stico: \u00abCreo que para bucear en los or\u00edgenes del fant\u00e1stico espa\u00f1ol tendr\u00edamos que remontarnos a los cuentos de tradici\u00f3n oral o a los pliegos de cordel, pero est\u00e1 claro que Goya bebi\u00f3 de toda esa imaginer\u00eda y&nbsp;<strong>estuvo muy interesado por lo demon\u00edaco, lo invisible<\/strong>. Seguramente nadie ha representado un aquelarre como lo hizo \u00e9l\u00bb.<\/p>\n\n\n\n<p>Adem\u00e1s, Goya tambi\u00e9n est\u00e1 considerado un poco precursor del c\u00f3mic o el arte secuencial, gracias a su serie de cuadros La captura del bandido \u00abMaragato\u00bb. \u00abLa secuencia del bandido maragato es una serie de cuadros sorprendente y bien podr\u00eda considerarse como&nbsp;<strong>uno de los primeros c\u00f3mics espa\u00f1oles<\/strong>&nbsp;aunque, como digo, hay muchos antecedentes\u00bb, a\u00f1ade Sergio.<\/p>\n\n\n\n<figure class=\"wp-block-image\"><img decoding=\"async\" width=\"900\" height=\"1277\" src=\"https:\/\/losperiodistas.com.mx\/portal\/wp-content\/uploads\/2025\/07\/dcccb72a-6c8e-4fd4-bc7b-86546aa435ce.jpg\" alt=\"\" class=\"wp-image-102841\" srcset=\"https:\/\/losperiodistas.com.mx\/portal\/wp-content\/uploads\/2025\/07\/dcccb72a-6c8e-4fd4-bc7b-86546aa435ce.jpg 900w, https:\/\/losperiodistas.com.mx\/portal\/wp-content\/uploads\/2025\/07\/dcccb72a-6c8e-4fd4-bc7b-86546aa435ce-211x300.jpg 211w, https:\/\/losperiodistas.com.mx\/portal\/wp-content\/uploads\/2025\/07\/dcccb72a-6c8e-4fd4-bc7b-86546aa435ce-722x1024.jpg 722w, https:\/\/losperiodistas.com.mx\/portal\/wp-content\/uploads\/2025\/07\/dcccb72a-6c8e-4fd4-bc7b-86546aa435ce-768x1090.jpg 768w\" sizes=\"(max-width: 900px) 100vw, 900px\" \/><figcaption class=\"wp-element-caption\">P\u00e1gina de &#8216;El pacto de Goya&#8217; (Sergio Bleda)<\/figcaption><\/figure>\n\n\n\n<h2 class=\"wp-block-heading\">\u00bfRob\u00f3 Rosario el cr\u00e1neo de Goya?<\/h2>\n\n\n\n<p>El c\u00f3mic comienza en el cementerio de La cartuja, en Burdeos, en 1888, cuando se abri\u00f3 la tumba de Goya para trasladar los restos de Goya a Espa\u00f1a. All\u00ed se dieron cuenta de que<strong>&nbsp;faltaba el cr\u00e1neo del pintor.<\/strong>&nbsp;Partiendo de ese misterio, Sergio Bleda mezcla realidad y ficci\u00f3n para relatarnos algunos pasajes de la vida de Goya, como el viaje a Italia en su juventud (donde conocer\u00e1 a Giacomo Casanova y al mism\u00edsimo diablo). Y en paralelo seguiremos la vida de Rosario, su ahijada.<\/p>\n\n\n\n<p>\u00ab<strong>Rosario es un personaje importante por derecho propio<\/strong>&nbsp;-nos comenta Sergio-. Por eso tiene su propia paleta de color en las paginas del c\u00f3mic, por eso no hay cartelas de texto con voz en off en estas, porque ella tiene su propia voz. Creo que es una figura muy desconocida pero que tuvo una vida muy intensa e interesante, incluso aparece mencionada en los&nbsp;<em>Episodios Nacionales<\/em>&nbsp;de Gald\u00f3s. No s\u00f3lo convivi\u00f3 con Goya y fue su alumna y ahijada, tambi\u00e9n fue copista del Prado,&nbsp;<strong>acad\u00e9mica de m\u00e9rito por la Academia de San Fernando y hasta falsificadora<\/strong>\u00ab.<\/p>\n\n\n\n<figure class=\"wp-block-image\"><img decoding=\"async\" width=\"900\" height=\"1303\" src=\"https:\/\/losperiodistas.com.mx\/portal\/wp-content\/uploads\/2025\/07\/99c7d012-911c-4e0d-84ab-7ab7d78909c2.jpg\" alt=\"\" class=\"wp-image-102835\" srcset=\"https:\/\/losperiodistas.com.mx\/portal\/wp-content\/uploads\/2025\/07\/99c7d012-911c-4e0d-84ab-7ab7d78909c2.jpg 900w, https:\/\/losperiodistas.com.mx\/portal\/wp-content\/uploads\/2025\/07\/99c7d012-911c-4e0d-84ab-7ab7d78909c2-207x300.jpg 207w, https:\/\/losperiodistas.com.mx\/portal\/wp-content\/uploads\/2025\/07\/99c7d012-911c-4e0d-84ab-7ab7d78909c2-707x1024.jpg 707w, https:\/\/losperiodistas.com.mx\/portal\/wp-content\/uploads\/2025\/07\/99c7d012-911c-4e0d-84ab-7ab7d78909c2-768x1112.jpg 768w\" sizes=\"(max-width: 900px) 100vw, 900px\" \/><figcaption class=\"wp-element-caption\">Portada de &#8216;El pacto de Goya&#8217; (Sergio Bleda)<\/figcaption><\/figure>\n\n\n\n<p>\u00abEn la segunda parte tendr\u00e1 mucho m\u00e1s protagonismo que en la primera y veremos hasta qu\u00e9 punto tuvo que ver con la desaparici\u00f3n del cr\u00e1neo de su maestro -a\u00f1ade Sergio-. Muri\u00f3 muy joven y seguramente de haber vivido m\u00e1s a\u00f1os&nbsp;<strong>habr\u00eda podido convertirse en una de las artistas m\u00e1s importantes de nuestra historia<\/strong>&nbsp;a pesar de que, en aquella \u00e9poca, las mujeres artistas no ten\u00edan demasiada visibilidad ni estaban bien vistas socialmente\u00bb.<\/p>\n\n\n\n<p>En cuanto al misterio sobre el cr\u00e1neo de Goya, Sergio nos confiesa: \u00abTodo lo que tiene que ver con Goya me tiene obsesionado desde hace d\u00e9cadas, y la desaparici\u00f3n de la cabeza es s\u00f3lo la guinda del pastel.&nbsp;<strong>Seguramente su cr\u00e1neo acabara en el estante de alg\u00fan fren\u00f3logo<\/strong>. Seg\u00fan<strong>&nbsp;Juan Carlos Lozano<\/strong>, que public\u00f3 un interesante ensayo sobre el tema, el psiquiatra bordel\u00e9s<strong>&nbsp;Bernard Antoniol<\/strong>, estudioso de Goya, sostuvo que la sustracci\u00f3n del cr\u00e1neo la habr\u00eda hecho&nbsp;<strong>Jules Lafarge<\/strong>&nbsp;(uno de los m\u00e9dicos con los que Goya tuvo contacto en Burdeos) con el consentimiento previo del pintor y que posteriormente fue estudiado en el asilo de Saint Jean en Burdeos para luego ser enviado a un hospital parisino vinculado a la facultad de medicina\u00bb.<\/p>\n\n\n\n<figure class=\"wp-block-image\"><img loading=\"lazy\" decoding=\"async\" width=\"900\" height=\"1199\" src=\"https:\/\/losperiodistas.com.mx\/portal\/wp-content\/uploads\/2025\/07\/a9c8bcbd-d899-42e4-9cb4-9f5c1a56e661.jpg\" alt=\"\" class=\"wp-image-102837\" srcset=\"https:\/\/losperiodistas.com.mx\/portal\/wp-content\/uploads\/2025\/07\/a9c8bcbd-d899-42e4-9cb4-9f5c1a56e661.jpg 900w, https:\/\/losperiodistas.com.mx\/portal\/wp-content\/uploads\/2025\/07\/a9c8bcbd-d899-42e4-9cb4-9f5c1a56e661-225x300.jpg 225w, https:\/\/losperiodistas.com.mx\/portal\/wp-content\/uploads\/2025\/07\/a9c8bcbd-d899-42e4-9cb4-9f5c1a56e661-769x1024.jpg 769w, https:\/\/losperiodistas.com.mx\/portal\/wp-content\/uploads\/2025\/07\/a9c8bcbd-d899-42e4-9cb4-9f5c1a56e661-768x1023.jpg 768w\" sizes=\"(max-width: 900px) 100vw, 900px\" \/><figcaption class=\"wp-element-caption\">P\u00e1gina de &#8216;El pacto de Goya&#8217; (Sergio Bleda)<\/figcaption><\/figure>\n\n\n\n<h2 class=\"wp-block-heading\">Su encuentro en Italia con Giacomo Casanova<\/h2>\n\n\n\n<p>Lo interesante de este c\u00f3mic tambi\u00e9n es que indaga en algunas de las etapas menos conocidas de Goya como su viaje a Italia (entre 1769 y 1771), que fue clave para el pintor. \u00abMe interesa mucho porque seguramente todos los artistas hemos tenido un viaje inici\u00e1tico al principio de nuestras carreras (el m\u00edo fue a Barcelona) y eso hac\u00eda que me sintiera muy identificado con \u00e9l. Hay mucha leyenda urbana sobre su estancia en Italia y se cuentan todo tipo de disparates sobre ese viaje, empezando por la manera en la que se lo financi\u00f3, en alg\u00fan libro he le\u00eddo que para ello<strong>&nbsp;trabaj\u00f3 de descargador, copista, \u00abnegro\u00bb, monosabio en alguna cuadrilla de toreros&#8230;<\/strong>&nbsp;cuando lo m\u00e1s seguro es que se lo financiara con el dinero de alg\u00fan encargo realizado en Zaragoza o, sencillamente, que se lo proporcionara su familia\u00bb.<\/p>\n\n\n\n<p>\u00abTambi\u00e9n se cuenta en algunas biograf\u00edas -a\u00f1ade Sergio-, que&nbsp;<strong>salt\u00f3 el muro de un convento para llevarse a una monja<\/strong>&nbsp;y que antes de marchar de Roma trep\u00f3 hasta la c\u00fapula de San Pedro&nbsp;<strong>para estampar su firma en la gran obra de Miguel \u00c1ngel<\/strong>. En la serie de TVE de los a\u00f1os 80 que dirigi\u00f3, el tambi\u00e9n historietista,&nbsp;<strong>Jos\u00e9 Ram\u00f3n Larraz<\/strong>&nbsp;vemos a Goya interpretado por Enric Maj\u00f3, bati\u00e9ndose en duelo a espada con un marido ultrajado en un palco de la \u00f3pera. Todo inventado pero muy divertido\u00bb.<\/p>\n\n\n\n<p>En ese viaje&nbsp;<strong>tambi\u00e9n nos sorprende su encuentro con Casanova<\/strong>&nbsp;(1725-1798) \u00abLa inspiraci\u00f3n me vino directamente del libro de&nbsp;<strong>Jean-Fran\u00e7ois Chabrun&nbsp;<\/strong>en el que menciona una biograf\u00eda de Casanova en la cual afirma que pas\u00f3 por Parma en esa \u00e9poca -nos explica Sergio-. Algo as\u00ed no lo pod\u00eda dejar escapar y aunque seguramente no se conocieran realmente, es algo que resulta plausible, dado que sus hermanos eran pintores. Es un poco como cuando en&nbsp;<em>From Hell<\/em>&nbsp;de&nbsp;<strong>Alan Moore<\/strong>&nbsp;vemos a William Gull hablando con Joseph Merrick, el hombre elefante. Por supuesto<strong>&nbsp;la figura de Casanova me sirve para introducir el erotismo&nbsp;<\/strong>que siempre, de una manera u otra, est\u00e1 presente en todas mis obras\u00bb.<\/p>\n\n\n\n<figure class=\"wp-block-image\"><img loading=\"lazy\" decoding=\"async\" width=\"900\" height=\"1161\" src=\"https:\/\/losperiodistas.com.mx\/portal\/wp-content\/uploads\/2025\/07\/52618cac-1a5f-4c21-9b81-5eccc98658a9.jpg\" alt=\"\" class=\"wp-image-102838\" srcset=\"https:\/\/losperiodistas.com.mx\/portal\/wp-content\/uploads\/2025\/07\/52618cac-1a5f-4c21-9b81-5eccc98658a9.jpg 900w, https:\/\/losperiodistas.com.mx\/portal\/wp-content\/uploads\/2025\/07\/52618cac-1a5f-4c21-9b81-5eccc98658a9-233x300.jpg 233w, https:\/\/losperiodistas.com.mx\/portal\/wp-content\/uploads\/2025\/07\/52618cac-1a5f-4c21-9b81-5eccc98658a9-794x1024.jpg 794w, https:\/\/losperiodistas.com.mx\/portal\/wp-content\/uploads\/2025\/07\/52618cac-1a5f-4c21-9b81-5eccc98658a9-768x991.jpg 768w\" sizes=\"(max-width: 900px) 100vw, 900px\" \/><figcaption class=\"wp-element-caption\">P\u00e1gina de &#8216;El pacto de Goya&#8217; (Sergio Bleda)<\/figcaption><\/figure>\n\n\n\n<h2 class=\"wp-block-heading\">\u00abSi hay un personaje capaz de burlar al diablo, ser\u00eda Goya\u00bb<\/h2>\n\n\n\n<p>En Italia tambi\u00e9n conocer\u00e1 al mism\u00edsimo diablo, lo que sirve a Sergio Bleda para introducir en el c\u00f3mic el mito de&nbsp;<em>Fausto<\/em>, de Goethe. \u00abDesde luego&nbsp;<strong>si hay un personaje hist\u00f3rico capaz de burlar al diablo creo que este ha sido Goya<\/strong>, que fue capaz de camelarse a Carlos IV, a Jos\u00e9 Bonaparte, a la mism\u00edsima inquisici\u00f3n espa\u00f1ola y hasta de sacarle los reales a Fernando VII mientras viv\u00eda exiliado en Burdeos. Luego est\u00e1, claro, lo asociado que tenemos al artista a temas demon\u00edacos por sus pinturas de la quinta del sordo. Una cosa me llev\u00f3 a la otra\u00bb.<\/p>\n\n\n\n<p>\u00abMirando su obra puedes llegar a concluir que<strong>&nbsp;la evoluci\u00f3n m\u00e1s importante de su trazo comienza cuando se queda sordo<\/strong>, eso tambi\u00e9n hab\u00eda que aprovecharlo\u00bb, a\u00f1ade el dibujante.<\/p>\n\n\n\n<p>Pero Goya no es el \u00fanico que hace un pacto con el diablo en este c\u00f3mic, tambi\u00e9n tenemos una preciosa secuencia muda protagonizada por el m\u00edtico cantante y guitarrista de blues&nbsp;<strong>Robert Johnson<\/strong>&nbsp;(1911-1938). \u00abCreo que de todos los personajes hist\u00f3ricos a los que se les atribuye un pacto con el Diablo es seguramente el m\u00e1s reconocible, parec\u00eda una apuesta segura -nos comenta Sergio-. Adem\u00e1s me interesaba mucho sorprender al lector y contrastar la \u00e9poca de Goya con la de Johnson.&nbsp;<strong>Esa escena es visualmente, adem\u00e1s, un homenaje al&nbsp;<\/strong><strong><em>Fausto<\/em><\/strong><strong>&nbsp;de Murnau.<\/strong>&nbsp;Una de las vi\u00f1etas es un plano casi id\u00e9ntico al de la pel\u00edcula\u00bb.<\/p>\n\n\n\n<figure class=\"wp-block-image\"><img loading=\"lazy\" decoding=\"async\" width=\"900\" height=\"1173\" src=\"https:\/\/losperiodistas.com.mx\/portal\/wp-content\/uploads\/2025\/07\/0f00c8c4-9164-48c8-b39c-6f82a08b61d7.jpg\" alt=\"\" class=\"wp-image-102839\" srcset=\"https:\/\/losperiodistas.com.mx\/portal\/wp-content\/uploads\/2025\/07\/0f00c8c4-9164-48c8-b39c-6f82a08b61d7.jpg 900w, https:\/\/losperiodistas.com.mx\/portal\/wp-content\/uploads\/2025\/07\/0f00c8c4-9164-48c8-b39c-6f82a08b61d7-230x300.jpg 230w, https:\/\/losperiodistas.com.mx\/portal\/wp-content\/uploads\/2025\/07\/0f00c8c4-9164-48c8-b39c-6f82a08b61d7-786x1024.jpg 786w, https:\/\/losperiodistas.com.mx\/portal\/wp-content\/uploads\/2025\/07\/0f00c8c4-9164-48c8-b39c-6f82a08b61d7-768x1001.jpg 768w\" sizes=\"(max-width: 900px) 100vw, 900px\" \/><figcaption class=\"wp-element-caption\">P\u00e1gina de &#8216;El pacto de Goya&#8217; (Sergio Bleda)<\/figcaption><\/figure>\n\n\n\n<h2 class=\"wp-block-heading\">M\u00e1s de diez a\u00f1os de documentaci\u00f3n<\/h2>\n\n\n\n<p>Aunque sea una obra de ficci\u00f3n,&nbsp;<em>El pacto de Goya<\/em>&nbsp;se basa en hechos reales. Y es que Sergio Bleda se ha documentado sobre Goya durante m\u00e1s de diez a\u00f1os: \u00abSiempre me documento mucho cuando escribo y dibujo mis historietas, pero sobre todo si se trata de algo fant\u00e1stico.&nbsp;<strong>Creo que la manera de anclar la historia a la realidad es haci\u00e9ndola lo m\u00e1s cre\u00edble posible<\/strong>. Reconozco que en este caso se me ha ido de las manos. Pero tambi\u00e9n ha sido una parte muy enriquecedora del proceso. Podemos decir que quienes creamos obras de arte, sean estas mejores o peores, en gran medida las hacemos para aprender\u00bb.<\/p>\n\n\n\n<p>\u00abTodo en Goya es interesante y sorprendente -a\u00f1ade el dibujante-, pero seguramente lo que m\u00e1s me ha llamado la atenci\u00f3n es&nbsp;<strong>la cantidad de obra que gener\u00f3 hasta el final de sus d\u00edas<\/strong>&nbsp;y c\u00f3mo se convirti\u00f3 en un maestro grabador. Ahora que s\u00e9 lo dif\u00edcil que es hacer un grabado he aprendido a valorarlo\u00bb.<\/p>\n\n\n\n<p>Y es que, como parte de esa documentaci\u00f3n, Sergio Bleda tambi\u00e9n estudi\u00f3 la t\u00e9cnica del grabado: \u00abMi pareja me regal\u00f3 un cursillo de grabado de un par de d\u00edas porque sab\u00eda que me interesaba la t\u00e9cnica y finalmente acab\u00e9 qued\u00e1ndome varios meses. La grabadora argentina&nbsp;<strong>Patricia Concina fue una gran maestra<\/strong>\u00ab.<\/p>\n\n\n\n<p><img decoding=\"async\" src=\"https:\/\/img2.rtve.es\/v\/1769271?w=1600&amp;preview=1366144454852.jpg\" alt=\"Se cumplen 185 a\u00f1os de la muerte de Goya y de la extra\u00f1a desaparici\u00f3n de su cr\u00e1neo\"><a href=\"https:\/\/www.rtve.es\/play\/videos\/telediario-1\/se-cumplen-185-anos-muerte-goya-extrana-desaparicion-su-craneo\/1769271\/\">01.27 min<\/a><\/p>\n\n\n\n<p>Se cumplen 185 a\u00f1os de la muerte de Goya y de la extra\u00f1a desaparici\u00f3n de su cr\u00e1neo<\/p>\n\n\n\n<h2 class=\"wp-block-heading\">\u00abGoya siempre fue un admirador de Vel\u00e1zquez\u00bb<\/h2>\n\n\n\n<p>Destacar esa espectacular portada del c\u00f3mic que mezcla Las Meninas de Vel\u00e1zquez con los grabados y pinturas de Goya: \u00abInicialmente -nos confiesa Sergio-, la hice para utilizarla como ilustraci\u00f3n promocional y mi intenci\u00f3n era realizar otra cubierta m\u00e1s relacionada con la historieta, pero a medida que pasaban los d\u00edas y la campa\u00f1a promocional iba ganando adeptos me iba gustando m\u00e1s.&nbsp;<strong>Al final del crowdfunding no pod\u00eda pensar en otra portada que no fuera esa<\/strong>\u00ab.<\/p>\n\n\n\n<p>\u00ab<strong>Goya siempre fue un admirador de Vel\u00e1zquez&nbsp;<\/strong>-a\u00f1ade el autor-, y hasta hizo copias de algunos de sus cuadros para reproducirlas en grabados, as\u00ed que tiene sentido mezclar las ic\u00f3nicas Meninas de uno con los personajes del otro. Me gust\u00f3 mucho el resultado y a todo aquel al que se la ense\u00f1aba tambi\u00e9n le llamaba mucho la atenci\u00f3n. Creo que es una de mis mejores portadas\u00bb.<\/p>\n\n\n\n<p>Sobre si Goya el arte de Goya ha influido en los dibujos del c\u00f3mic, Sergio nos comenta: \u00abDesde luego si hay alguna influencia de Goya en mi trazo&nbsp;<strong>no se trata de algo deliberado,<\/strong>&nbsp;pero seguro que lo hay porque al final me influye todo lo que veo\u00bb.<\/p>\n\n\n\n<figure class=\"wp-block-image\"><img loading=\"lazy\" decoding=\"async\" width=\"900\" height=\"637\" src=\"https:\/\/losperiodistas.com.mx\/portal\/wp-content\/uploads\/2025\/07\/c6b8f165-7cc6-4f34-b1d5-c19e676b7100.jpg\" alt=\"\" class=\"wp-image-102836\" srcset=\"https:\/\/losperiodistas.com.mx\/portal\/wp-content\/uploads\/2025\/07\/c6b8f165-7cc6-4f34-b1d5-c19e676b7100.jpg 900w, https:\/\/losperiodistas.com.mx\/portal\/wp-content\/uploads\/2025\/07\/c6b8f165-7cc6-4f34-b1d5-c19e676b7100-300x212.jpg 300w, https:\/\/losperiodistas.com.mx\/portal\/wp-content\/uploads\/2025\/07\/c6b8f165-7cc6-4f34-b1d5-c19e676b7100-768x544.jpg 768w\" sizes=\"(max-width: 900px) 100vw, 900px\" \/><figcaption class=\"wp-element-caption\">Bocetos de &#8216;El pacto de Gopa&#8217; (Sergio Bleda)<\/figcaption><\/figure>\n\n\n\n<p>En cuanto al tratamiento narrativo del color, Sergio nos explica: Como hemos comentado, los cap\u00edtulos de Rosario tienen una paleta de color diferente a la de los de Goya. Narrativamente&nbsp;<strong>me serv\u00eda para diferenciar claramente unos de otros<\/strong>&nbsp;y que el lector no se perdiera en ning\u00fan momento\u00bb.<\/p>\n\n\n\n<p>Tambi\u00e9n destaca la evoluci\u00f3n gr\u00e1fica del personaje de Goya. \u00abEl primer autorretrato de Goya que se conserva es del a\u00f1o 1775, y lo hizo al poco de volver de Italia -nos explica Sergio-. Me he basado en \u00e9l para mostrar su aspecto durante ese viaje. En mi obra tambi\u00e9n&nbsp;<strong>aparece un Goya de 9 a\u00f1itos y ah\u00ed me lo he tenido que inventar por completo<\/strong>. Tambi\u00e9n el aspecto de su padre, del que no existen pinturas ni grabados. He tratado de mantenerme lo m\u00e1s fiel a la realidad posible, pero a veces he tenido que tirar de mi propia inventiva\u00bb.<\/p>\n\n\n\n<p>\u00abDe Rosario s\u00ed tenemos varios autorretratos y, aunque me he basado en ellos,&nbsp;<strong>he tratado sobre todo de mantener mi propio estilo<\/strong>\u00ab, a\u00f1ade el dibujante.<\/p>\n\n\n\n<p>Tras leer este estupendo c\u00f3mic nos quedamos con las ganas de saber c\u00f3mo termina la historia, pero tendremos que esperar un poco m\u00e1s: \u00ab<strong>Antes tengo que hacer un c\u00f3mic de encargo con un personaje muy medi\u00e1tico<\/strong>&nbsp;(del que todav\u00eda no puedo hablar, pero que sorprender\u00e1 a mucha gente) y eso me llevar\u00e1 algunos meses. Mi intenci\u00f3n es comenzar la campa\u00f1a del segundo libro el pr\u00f3ximo a\u00f1o y, si todo va bien, deber\u00eda llegar a manos de los mecenas y a las librer\u00edas en 2027, a tiempo para el aniversario de su muerte en 2028&#8243;.<\/p>\n\n\n\n<p>\u00abCualquiera puede entrar ya en la web de Verkami&nbsp;<a href=\"https:\/\/urldefense.com\/v3\/__http:\/\/vkm.is\/pactogoya2__;!!FJNMaA!o8F3lerpa1SyRjFIqXdBsBYglIjR0AKxg1qVNpCLx6ovovaAdf69gABPp9BoES1iIyNSGXtfKPQqKYXJkT8cSsM$\">vkm.is\/pactogoya2<\/a>&nbsp;y registrarse para recibir un aviso cuando empiece la campa\u00f1a\u00bb, concluye Sergio Bleda.<\/p>\n\n\n\n<figure class=\"wp-block-image\"><img loading=\"lazy\" decoding=\"async\" width=\"900\" height=\"1303\" src=\"https:\/\/losperiodistas.com.mx\/portal\/wp-content\/uploads\/2025\/07\/9b4fb1d0-25fc-4a7e-84f1-f5172bf84c31.jpg\" alt=\"\" class=\"wp-image-102840\" srcset=\"https:\/\/losperiodistas.com.mx\/portal\/wp-content\/uploads\/2025\/07\/9b4fb1d0-25fc-4a7e-84f1-f5172bf84c31.jpg 900w, https:\/\/losperiodistas.com.mx\/portal\/wp-content\/uploads\/2025\/07\/9b4fb1d0-25fc-4a7e-84f1-f5172bf84c31-207x300.jpg 207w, https:\/\/losperiodistas.com.mx\/portal\/wp-content\/uploads\/2025\/07\/9b4fb1d0-25fc-4a7e-84f1-f5172bf84c31-707x1024.jpg 707w, https:\/\/losperiodistas.com.mx\/portal\/wp-content\/uploads\/2025\/07\/9b4fb1d0-25fc-4a7e-84f1-f5172bf84c31-768x1112.jpg 768w\" sizes=\"(max-width: 900px) 100vw, 900px\" \/><figcaption class=\"wp-element-caption\">Portada provisional del segundo volumen de &#8216;El pacto de Gopa&#8217; (Sergio Bleda)<\/figcaption><\/figure>\n\n\n\n<p>Fuente: <a href=\"https:\/\/www.rtve.es\/noticias\/20250717\/sergio-bleda-publica-pacto-goya-si-hay-personaje-capaz-burlar-diablo-seria-goya\/16664986.shtml\">https:\/\/www.rtve.es\/noticias\/20250717\/sergio-bleda-publica-pacto-goya-si-hay-personaje-capaz-burlar-diablo-seria-goya\/16664986.shtml<\/a><\/p>\n","protected":false},"excerpt":{"rendered":"<p>Jes\u00fas Jim\u00e9nez \/ Rtve Las pinturas negras de&nbsp;Francisco de Goya&nbsp;(1746-1828) nos siguen fascinando, al igual que el misterio que rodea [&hellip;]<\/p>\n","protected":false},"author":1,"featured_media":102833,"comment_status":"open","ping_status":"open","sticky":false,"template":"","format":"standard","meta":{"site-sidebar-layout":"default","site-content-layout":"","ast-site-content-layout":"default","site-content-style":"default","site-sidebar-style":"default","ast-global-header-display":"","ast-banner-title-visibility":"","ast-main-header-display":"","ast-hfb-above-header-display":"","ast-hfb-below-header-display":"","ast-hfb-mobile-header-display":"","site-post-title":"","ast-breadcrumbs-content":"","ast-featured-img":"","footer-sml-layout":"","theme-transparent-header-meta":"","adv-header-id-meta":"","stick-header-meta":"","header-above-stick-meta":"","header-main-stick-meta":"","header-below-stick-meta":"","astra-migrate-meta-layouts":"default","ast-page-background-enabled":"default","ast-page-background-meta":{"desktop":{"background-color":"var(--ast-global-color-4)","background-image":"","background-repeat":"repeat","background-position":"center center","background-size":"auto","background-attachment":"scroll","background-type":"","background-media":"","overlay-type":"","overlay-color":"","overlay-opacity":"","overlay-gradient":""},"tablet":{"background-color":"","background-image":"","background-repeat":"repeat","background-position":"center center","background-size":"auto","background-attachment":"scroll","background-type":"","background-media":"","overlay-type":"","overlay-color":"","overlay-opacity":"","overlay-gradient":""},"mobile":{"background-color":"","background-image":"","background-repeat":"repeat","background-position":"center center","background-size":"auto","background-attachment":"scroll","background-type":"","background-media":"","overlay-type":"","overlay-color":"","overlay-opacity":"","overlay-gradient":""}},"ast-content-background-meta":{"desktop":{"background-color":"var(--ast-global-color-5)","background-image":"","background-repeat":"repeat","background-position":"center center","background-size":"auto","background-attachment":"scroll","background-type":"","background-media":"","overlay-type":"","overlay-color":"","overlay-opacity":"","overlay-gradient":""},"tablet":{"background-color":"var(--ast-global-color-5)","background-image":"","background-repeat":"repeat","background-position":"center center","background-size":"auto","background-attachment":"scroll","background-type":"","background-media":"","overlay-type":"","overlay-color":"","overlay-opacity":"","overlay-gradient":""},"mobile":{"background-color":"var(--ast-global-color-5)","background-image":"","background-repeat":"repeat","background-position":"center center","background-size":"auto","background-attachment":"scroll","background-type":"","background-media":"","overlay-type":"","overlay-color":"","overlay-opacity":"","overlay-gradient":""}},"footnotes":""},"categories":[8],"tags":[40043,40044,12759,40042],"class_list":["post-102832","post","type-post","status-publish","format-standard","has-post-thumbnail","hentry","category-noticias","tag-el-pacto-de-goya","tag-comic-de-goya","tag-goya","tag-sergio-bleda"],"_links":{"self":[{"href":"https:\/\/losperiodistas.com.mx\/portal\/wp-json\/wp\/v2\/posts\/102832","targetHints":{"allow":["GET"]}}],"collection":[{"href":"https:\/\/losperiodistas.com.mx\/portal\/wp-json\/wp\/v2\/posts"}],"about":[{"href":"https:\/\/losperiodistas.com.mx\/portal\/wp-json\/wp\/v2\/types\/post"}],"author":[{"embeddable":true,"href":"https:\/\/losperiodistas.com.mx\/portal\/wp-json\/wp\/v2\/users\/1"}],"replies":[{"embeddable":true,"href":"https:\/\/losperiodistas.com.mx\/portal\/wp-json\/wp\/v2\/comments?post=102832"}],"version-history":[{"count":1,"href":"https:\/\/losperiodistas.com.mx\/portal\/wp-json\/wp\/v2\/posts\/102832\/revisions"}],"predecessor-version":[{"id":102842,"href":"https:\/\/losperiodistas.com.mx\/portal\/wp-json\/wp\/v2\/posts\/102832\/revisions\/102842"}],"wp:featuredmedia":[{"embeddable":true,"href":"https:\/\/losperiodistas.com.mx\/portal\/wp-json\/wp\/v2\/media\/102833"}],"wp:attachment":[{"href":"https:\/\/losperiodistas.com.mx\/portal\/wp-json\/wp\/v2\/media?parent=102832"}],"wp:term":[{"taxonomy":"category","embeddable":true,"href":"https:\/\/losperiodistas.com.mx\/portal\/wp-json\/wp\/v2\/categories?post=102832"},{"taxonomy":"post_tag","embeddable":true,"href":"https:\/\/losperiodistas.com.mx\/portal\/wp-json\/wp\/v2\/tags?post=102832"}],"curies":[{"name":"wp","href":"https:\/\/api.w.org\/{rel}","templated":true}]}}