{"id":102829,"date":"2025-07-17T06:19:24","date_gmt":"2025-07-17T12:19:24","guid":{"rendered":"https:\/\/losperiodistas.com.mx\/portal\/?p=102829"},"modified":"2025-07-17T06:19:25","modified_gmt":"2025-07-17T12:19:25","slug":"secuestros-y-desapariciones-forzadas-los-temas-en-la-opera-en-nueva-york-del-mexicano-jorge-sosa-efe","status":"publish","type":"post","link":"https:\/\/losperiodistas.com.mx\/portal\/secuestros-y-desapariciones-forzadas-los-temas-en-la-opera-en-nueva-york-del-mexicano-jorge-sosa-efe\/","title":{"rendered":"Secuestros y desapariciones forzadas, los temas en la \u00f3pera en Nueva York del mexicano Jorge Sosa | EFE"},"content":{"rendered":"\n<p><\/p>\n\n\n\n<figure class=\"wp-block-image size-full\"><img fetchpriority=\"high\" decoding=\"async\" width=\"900\" height=\"599\" src=\"https:\/\/losperiodistas.com.mx\/portal\/wp-content\/uploads\/2025\/07\/nueva_york.jpeg\" alt=\"\" class=\"wp-image-102830\" srcset=\"https:\/\/losperiodistas.com.mx\/portal\/wp-content\/uploads\/2025\/07\/nueva_york.jpeg 900w, https:\/\/losperiodistas.com.mx\/portal\/wp-content\/uploads\/2025\/07\/nueva_york-300x200.jpeg 300w, https:\/\/losperiodistas.com.mx\/portal\/wp-content\/uploads\/2025\/07\/nueva_york-768x511.jpeg 768w\" sizes=\"(max-width: 900px) 100vw, 900px\" \/><figcaption class=\"wp-element-caption\">USA3940. NUEVA YORK (ESTADOS UNIDOS), 15\/07\/2025.- El compositor de la \u00f3pera monodrama &#8216;Generaci\u00f3n perdida&#8217;, el mexicano Jorge Sosa, habla con EFE durante una entrevista este lunes en el Drama League de Manhattan en Nueva York (Estados Unidos). Las desapariciones forzadas y secuestros en M\u00e9xico y Am\u00e9rica Latina son el tema central de la \u00f3pera del mexicano Sosa, que tendr\u00e1 su estreno mundial el 18 de julio en Nueva York, cuyo trabajo como compositor gira en torno a los temas de justicia social. EFE\/ Ruth E. Hern\u00e1ndez Beltr\u00e1n<\/figcaption><\/figure>\n\n\n\n<p><\/p>\n\n\n\n<p class=\"has-vivid-red-color has-text-color has-link-color wp-elements-175fe4937e9358ece10f474941d57e02\"><strong>Por Ruth E. Hern\u00e1ndez Beltr\u00e1n \/ EFE<\/strong><\/p>\n\n\n\n<p>Nueva York (EFE).- Las desapariciones forzadas y secuestros en M\u00e9xico y Am\u00e9rica Latina son el tema central de una \u00f3pera que tendr\u00e1 su estreno mundial el 18 de julio en Nueva York del mexicano Jorge Sosa, cuyo trabajo como compositor gira en torno a los temas de justicia social.&nbsp;<\/p>\n\n\n\n<p>\u00abGeneraci\u00f3n perdida\u00bb, en la sala Grattacielo del Teatro Experimental LaMama, est\u00e1 basada en el libro hom\u00f3nimo del poeta mexicano-colombiano Javier Moro Hern\u00e1ndez, una combinaci\u00f3n de poes\u00eda y su trabajo period\u00edstico, en el que detalla c\u00f3mo los secuestros y desapariciones han impactado a diversas comunidades durante la \u00faltima d\u00e9cada.<\/p>\n\n\n\n<p>\u00abLa \u00f3pera tiene la posibilidad de contar historias. Me encanta contar historias, es una constante en todo mi trabajo, historias de nuestro tiempo que resuenen con nuestras comunidades en Am\u00e9rica Latina\u00bb dijo a EFE Sosa, cuyas composiciones ser\u00e1n interpretadas por la mezzosoprano puertorrique\u00f1a Victoria Vargas -la \u00fanica en el escenario-, bajo la direcci\u00f3n de Elena Arau.<\/p>\n\n\n\n<figure class=\"wp-block-embed is-type-wp-embed is-provider-efe-noticias wp-block-embed-efe-noticias\"><div class=\"wp-block-embed__wrapper\">\n<blockquote class=\"wp-embedded-content\" data-secret=\"55ry4noqLS\"><a href=\"https:\/\/efe.com\/mundo\/2025-03-17\/mexico-desapariciones-reformas-sheinbaum\/\">Sheinbaum anuncia reformas para usar \u00abtoda la fuerza del Estado\u00bb ante las desapariciones<\/a><\/blockquote><iframe class=\"wp-embedded-content\" sandbox=\"allow-scripts\" security=\"restricted\" style=\"position: absolute; visibility: hidden;\" title=\"\u00abSheinbaum anuncia reformas para usar \u00abtoda la fuerza del Estado\u00bb ante las desapariciones\u00bb \u2014 EFE Noticias\" src=\"https:\/\/efe.com\/mundo\/2025-03-17\/mexico-desapariciones-reformas-sheinbaum\/embed\/#?secret=mIiTuuZL4j#?secret=55ry4noqLS\" data-secret=\"55ry4noqLS\" width=\"500\" height=\"282\" frameborder=\"0\" marginwidth=\"0\" marginheight=\"0\" scrolling=\"no\"><\/iframe>\n<\/div><\/figure>\n\n\n\n<p>Sosa dedic\u00f3 cuatro a\u00f1os a componer los temas para \u2018Generaci\u00f3n perdida\u2019 tras adquirir los derechos de la editorial \u2018Ediciones Perif\u00e9ricas\u2019, que public\u00f3 este libro que le \u00abimpresion\u00f3 mucho\u00bb, relata por lo que decidi\u00f3 llevarlo a un escenario en espa\u00f1ol durante una hora.<\/p>\n\n\n\n<p>\u00abEs mi proyecto m\u00e1s largo en espa\u00f1ol. Es importante para m\u00ed que sea en espa\u00f1ol, que se cuente esta historia, porque es para nuestras comunidades en Am\u00e9rica Latina\u00bb, coment\u00f3 durante la entrevista en el Drama League de Manhattan, un espacio donde directores de teatro, cine o televisi\u00f3n pueden ensayar sus proyectos.<\/p>\n\n\n\n<h2 class=\"wp-block-heading\" id=\"h-los-poemas\">Los poemas<\/h2>\n\n\n\n<p>El mexicano eligi\u00f3 11 poemas para la \u00f3pera, algunos del libro, junto con otros que Moro escribi\u00f3 especialmente para esta pieza, e hizo la adaptaci\u00f3n y la m\u00fasica para la \u00f3pera, que presentar\u00e1 tras obtener una subvenci\u00f3n.<\/p>\n\n\n\n<p>Uno de los poemas se llama \u2018El r\u00edo de acero\u2019 y \u00abhabla de c\u00f3mo fluye ese r\u00edo de armas que se trafican desde Arizona, Texas, desde Nuevo M\u00e9xico, que cruzan la frontera y que arman al crimen organizado, y Javier describe todo esto como un r\u00edo de acero\u00bb, mientras que otros hablan sobre la migraci\u00f3n, las desapariciones y los secuestros, dijo el autor.<\/p>\n\n\n\n<figure class=\"wp-block-image\"><img decoding=\"async\" src=\"https:\/\/i0.wp.com\/efe.com\/wp-content\/uploads\/2025\/07\/opera.webp?resize=900%2C600&amp;ssl=1\" alt=\"\u00f3pera Nueva York\" class=\"wp-image-2017853\"\/><figcaption class=\"wp-element-caption\">El compositor de la \u00f3pera monodrama \u2018Generaci\u00f3n perdida\u2019, el mexicano Jorge Sosa. EFE\/ Ruth E. Hern\u00e1ndez Beltr\u00e1n<\/figcaption><\/figure>\n\n\n\n<p>Explica que cada uno de los 11 movimientos (poemas) ser\u00e1n ilustrados con proyecciones.&nbsp;<\/p>\n\n\n\n<p>\u00abLa poes\u00eda de Javier es el hilo conductor (de la pieza), evoca im\u00e1genes y nos invita a imaginar que estamos presenciando lo que sucede\u00bb, coment\u00f3 el compositor, y destac\u00f3 que pese a la violencia que involucra los secuestros y desapariciones forzadas y los temas que se derivan, la \u00f3pera no muestra violencia.<\/p>\n\n\n\n<p>\u00abLo que tratamos de hacer a trav\u00e9s de la m\u00fasica, la poes\u00eda, el arte, es enfocarnos en la humanidad, en la emoci\u00f3n que nos causa el dolor; leer y hablar de esta situaci\u00f3n. Tambi\u00e9n de generar memoria de un trabajo art\u00edstico que habla de este momento hist\u00f3rico que estamos viviendo, que se quede como un testimonio de esta tragedia\u00bb, se\u00f1al\u00f3 Sosa, radicado hace dos d\u00e9cadas en Nueva York.<\/p>\n\n\n\n<h2 class=\"wp-block-heading\" id=\"h-la-opera\">La \u00f3pera<\/h2>\n\n\n\n<p>La \u00f3pera menciona las dictaduras militares en Argentina, Chile, Uruguay y los paramilitares en Colombia, y tambi\u00e9n habla de M\u00e9xico, de los desplazados por el crimen organizado que les obliga a abandonar sus comunidades y emigrar hacia ciudades grandes en sus pa\u00edses o hacia el norte (EE.UU.).<\/p>\n\n\n\n<p>\u2018Generaci\u00f3n perdida\u2019 busca crear espacios para la reflexi\u00f3n y el di\u00e1logo a trav\u00e9s del poder expresivo de la poes\u00eda y la m\u00fasica, e invita al p\u00fablico a participar en una conversaci\u00f3n sobre la memoria, la resiliencia y la b\u00fasqueda de la paz.<\/p>\n\n\n\n<p>\u2018Generaci\u00f3n perdida\u2019 se presentar\u00e1 tambi\u00e9n el 11 de octubre en el parque Gotham de Nueva York y en noviembre en la ciudad de M\u00e9rida (en Yucat\u00e1n) M\u00e9xico.<\/p>\n\n\n\n<p>Fuente: <a href=\"https:\/\/efe.com\/cultura\/2025-07-17\/opera-nueva-york-secuestro-desaparicion-mexico\/\">https:\/\/efe.com\/cultura\/2025-07-17\/opera-nueva-york-secuestro-desaparicion-mexico\/<\/a><\/p>\n","protected":false},"excerpt":{"rendered":"<p>Por Ruth E. Hern\u00e1ndez Beltr\u00e1n \/ EFE Nueva York (EFE).- Las desapariciones forzadas y secuestros en M\u00e9xico y Am\u00e9rica Latina [&hellip;]<\/p>\n","protected":false},"author":1,"featured_media":102830,"comment_status":"open","ping_status":"open","sticky":false,"template":"","format":"standard","meta":{"site-sidebar-layout":"default","site-content-layout":"","ast-site-content-layout":"default","site-content-style":"default","site-sidebar-style":"default","ast-global-header-display":"","ast-banner-title-visibility":"","ast-main-header-display":"","ast-hfb-above-header-display":"","ast-hfb-below-header-display":"","ast-hfb-mobile-header-display":"","site-post-title":"","ast-breadcrumbs-content":"","ast-featured-img":"","footer-sml-layout":"","theme-transparent-header-meta":"","adv-header-id-meta":"","stick-header-meta":"","header-above-stick-meta":"","header-main-stick-meta":"","header-below-stick-meta":"","astra-migrate-meta-layouts":"default","ast-page-background-enabled":"default","ast-page-background-meta":{"desktop":{"background-color":"var(--ast-global-color-4)","background-image":"","background-repeat":"repeat","background-position":"center center","background-size":"auto","background-attachment":"scroll","background-type":"","background-media":"","overlay-type":"","overlay-color":"","overlay-opacity":"","overlay-gradient":""},"tablet":{"background-color":"","background-image":"","background-repeat":"repeat","background-position":"center center","background-size":"auto","background-attachment":"scroll","background-type":"","background-media":"","overlay-type":"","overlay-color":"","overlay-opacity":"","overlay-gradient":""},"mobile":{"background-color":"","background-image":"","background-repeat":"repeat","background-position":"center center","background-size":"auto","background-attachment":"scroll","background-type":"","background-media":"","overlay-type":"","overlay-color":"","overlay-opacity":"","overlay-gradient":""}},"ast-content-background-meta":{"desktop":{"background-color":"var(--ast-global-color-5)","background-image":"","background-repeat":"repeat","background-position":"center center","background-size":"auto","background-attachment":"scroll","background-type":"","background-media":"","overlay-type":"","overlay-color":"","overlay-opacity":"","overlay-gradient":""},"tablet":{"background-color":"var(--ast-global-color-5)","background-image":"","background-repeat":"repeat","background-position":"center center","background-size":"auto","background-attachment":"scroll","background-type":"","background-media":"","overlay-type":"","overlay-color":"","overlay-opacity":"","overlay-gradient":""},"mobile":{"background-color":"var(--ast-global-color-5)","background-image":"","background-repeat":"repeat","background-position":"center center","background-size":"auto","background-attachment":"scroll","background-type":"","background-media":"","overlay-type":"","overlay-color":"","overlay-opacity":"","overlay-gradient":""}},"footnotes":""},"categories":[8],"tags":[40040,4280,40041],"class_list":["post-102829","post","type-post","status-publish","format-standard","has-post-thumbnail","hentry","category-noticias","tag-compositor-jorge-sosa","tag-generacion-perdida","tag-opera-monodrama"],"_links":{"self":[{"href":"https:\/\/losperiodistas.com.mx\/portal\/wp-json\/wp\/v2\/posts\/102829","targetHints":{"allow":["GET"]}}],"collection":[{"href":"https:\/\/losperiodistas.com.mx\/portal\/wp-json\/wp\/v2\/posts"}],"about":[{"href":"https:\/\/losperiodistas.com.mx\/portal\/wp-json\/wp\/v2\/types\/post"}],"author":[{"embeddable":true,"href":"https:\/\/losperiodistas.com.mx\/portal\/wp-json\/wp\/v2\/users\/1"}],"replies":[{"embeddable":true,"href":"https:\/\/losperiodistas.com.mx\/portal\/wp-json\/wp\/v2\/comments?post=102829"}],"version-history":[{"count":1,"href":"https:\/\/losperiodistas.com.mx\/portal\/wp-json\/wp\/v2\/posts\/102829\/revisions"}],"predecessor-version":[{"id":102831,"href":"https:\/\/losperiodistas.com.mx\/portal\/wp-json\/wp\/v2\/posts\/102829\/revisions\/102831"}],"wp:featuredmedia":[{"embeddable":true,"href":"https:\/\/losperiodistas.com.mx\/portal\/wp-json\/wp\/v2\/media\/102830"}],"wp:attachment":[{"href":"https:\/\/losperiodistas.com.mx\/portal\/wp-json\/wp\/v2\/media?parent=102829"}],"wp:term":[{"taxonomy":"category","embeddable":true,"href":"https:\/\/losperiodistas.com.mx\/portal\/wp-json\/wp\/v2\/categories?post=102829"},{"taxonomy":"post_tag","embeddable":true,"href":"https:\/\/losperiodistas.com.mx\/portal\/wp-json\/wp\/v2\/tags?post=102829"}],"curies":[{"name":"wp","href":"https:\/\/api.w.org\/{rel}","templated":true}]}}