{"id":102409,"date":"2025-07-08T04:16:13","date_gmt":"2025-07-08T10:16:13","guid":{"rendered":"https:\/\/losperiodistas.com.mx\/portal\/?p=102409"},"modified":"2025-07-08T04:16:14","modified_gmt":"2025-07-08T10:16:14","slug":"opinion-lira-rugarcia-la-iglesia-y-su-compromiso-con-migrantes","status":"publish","type":"post","link":"https:\/\/losperiodistas.com.mx\/portal\/opinion-lira-rugarcia-la-iglesia-y-su-compromiso-con-migrantes\/","title":{"rendered":"Opini\u00f3n | Lira Rugarc\u00eda: la Iglesia y su compromiso con migrantes"},"content":{"rendered":"\n<p class=\"has-medium-font-size\">*M\u00e9xico, pa\u00eds peligroso para ser sacerdote, expresa el obispo nacido en Puebla<\/p>\n\n\n\n<figure class=\"wp-block-image size-full\"><img fetchpriority=\"high\" decoding=\"async\" width=\"672\" height=\"448\" src=\"https:\/\/losperiodistas.com.mx\/portal\/wp-content\/uploads\/2025\/07\/MIGRANTES-EN-CAMINO.webp\" alt=\"\" class=\"wp-image-102410\" srcset=\"https:\/\/losperiodistas.com.mx\/portal\/wp-content\/uploads\/2025\/07\/MIGRANTES-EN-CAMINO.webp 672w, https:\/\/losperiodistas.com.mx\/portal\/wp-content\/uploads\/2025\/07\/MIGRANTES-EN-CAMINO-300x200.webp 300w\" sizes=\"(max-width: 672px) 100vw, 672px\" \/><\/figure>\n\n\n\n<p class=\"has-vivid-red-color has-text-color has-link-color has-medium-font-size wp-elements-4865f9003ac6cfcf5a7f44570e7f0aa1\"><strong><em>Por Ra\u00fal Torres Salmer\u00f3n \/ Sin L\u00edmites<\/em><\/strong><\/p>\n\n\n\n<p>El Obispo de origen poblano y actual titular de la Di\u00f3cesis de Matamoros-Reynosa y responsable de la Dimensi\u00f3n Episcopal de la Pastoral de Movilidad Humana en M\u00e9xico, Eugenio Lira Rugarc\u00eda, en entrevista, habla del compromiso constante de la Iglesia con los migrantes, en particular las v\u00edctimas del drama de la \u201cmigraci\u00f3n en reversa\u201d, provocada por las nuevas pol\u00edticas migratorias en Estados Unidos.<\/p>\n\n\n\n<p>En este contexto, reconoce con gratitud la entrega de quienes act\u00faan como verdaderos \u201cap\u00f3stoles de los migrantes\u201d. El ex Obispo Auxiliar de la Arquidi\u00f3cesis de Puebla, revela tambi\u00e9n los detalles de su reciente visita a Roma para participar en el Jubileo del Clero, un evento que vivi\u00f3 como una \u201cgracia muy especial\u201d.<\/p>\n\n\n\n<p>Los conceptos expresados fueron los siguientes:<\/p>\n\n\n\n<p>-Ha sido un tiempo de gracia en el que he comprobado una vez m\u00e1s que el Esp\u00edritu Santo armoniza en el amor de Cristo la diversidad de pueblos, de culturas y de personas y nos va llevando adelante. Esto me ha reanimado en la verdadera esperanza, que es Dios, con quien todo acaba bien.<\/p>\n\n\n\n<p>-Conoc\u00ed al Papa Le\u00f3n XIV durante la visita ad limina apostolorum, a los umbrales de los ap\u00f3stoles, de los obispos de M\u00e9xico en 2023. El entonces Cardenal Prevost, Prefecto del Dicasterio para los Obispos, me caus\u00f3 una excelente impresi\u00f3n por su gran bondad.<\/p>\n\n\n\n<p>-Al verlo convertido en Sucesor de San Pedro y Vicario de Cristo, reflexiono sobre la era en que Dios va llevando las cosas seg\u00fan los proyectos de su coraz\u00f3n, buscando siempre nuestro verdadero bien: que lleguemos a \u00c9l, en quien seremos felices por siempre. Y eso me ha fortalecido en la esperanza.<\/p>\n\n\n\n<p>-Aunque la muerte del Papa Francisco nos llen\u00f3 de dolor, con la elecci\u00f3n del Papa Le\u00f3n XIV, el Se\u00f1or nos ha demostrado que siempre nos env\u00eda la ayuda que necesitamos en el momento oportuno para llevarnos adelante, hasta la meta: ser uno en \u00c9l.<\/p>\n\n\n\n<p>-En el encuentro que el Pont\u00edfice mantuvo con los obispos el pasado mes de junio en Roma, en junio pasado, me conmovi\u00f3 profundamente su exhortaci\u00f3n a que los obispos seamos conscientes de la llamada que el Se\u00f1or nos ha hecho a ser principio visible de unidad, algo que el mundo necesita con urgencia.<\/p>\n\n\n\n<p>-El Papa nos record\u00f3 que los obispos debemos ser hombres de fe; de esa fe que es fiarse de Dios, adherirse a \u00c9l, vivir como ense\u00f1a y hacer lo que pide, sabiendo que \u00c9l nos lleva adelante.<\/p>\n\n\n\n<p>-Esa es la esperanza que la gente necesita frente a las penas, los problemas y las incertidumbres de hoy. La \u00fanica manera de compartir esta luz que nos permite avanzar en medio de las dificultades es proyectar a todos, con oraci\u00f3n, palabras y obras, el esplendor del amor que ha sido derramado en nosotros: el Esp\u00edritu Santo.<\/p>\n\n\n\n<p><strong>DRAMA DE LA MIGRACI\u00d3N FORZADA<\/strong><\/p>\n\n\n\n<p>-Como encargado de la Dimensi\u00f3n Episcopal de la Pastoral de Movilidad Humana de la Iglesia Cat\u00f3lica en M\u00e9xico, lament\u00f3 el drama de la migraci\u00f3n forzada, es terrible, miles de personas obligadas a dejar su hogar, su tierra y sus pertenencias para lanzarse a una aventura peligrosa y a un futuro incierto. Muchos, al llegar a su destino, se enfrentan a la soledad, el rechazo, el racismo, las amenazas y el miedo.<\/p>\n\n\n\n<p>-Sufren el dolor de los sue\u00f1os truncados al ser retornados, reviviendo el duelo de dejar a su familia, amigos y una vida de trabajo e integraci\u00f3n en la comunidad que los hab\u00eda acogido. Es terrible.<\/p>\n\n\n\n<p>-Algunos migrantes pueden cometer delitos, pero son muchos m\u00e1s los que act\u00faan con rectitud y que con su vida y su trabajo, contribuyen al bien y al progreso material y espiritual del pa\u00eds que los acoge.<\/p>\n\n\n\n<p>-La Iglesia en M\u00e9xico, obispos, sacerdotes, religiosas, religiosos y laicos, con gran generosidad, profesionalismo y amor sirven a los hermanos migrantes en casi 60 casas de acogida, centros de atenci\u00f3n y comedores distribuidos por el sur, centro y norte del pa\u00eds.<\/p>\n\n\n\n<p>-Estos servidores son los valientes ap\u00f3stoles de los migrantes que actualmente est\u00e1n enfrentando una nueva realidad, la migraci\u00f3n en reversa.<\/p>\n\n\n\n<p>-M\u00e9xico es uno de los pa\u00edses m\u00e1s peligrosos para ser sacerdote. Hay que animarlos para que no tengan miedo. La vida, como dec\u00eda San Pablo VI, es estupenda, dram\u00e1tica y temporal. Se pasa r\u00e1pido. Y s\u00f3lo se vive una vez en esta tierra.<\/p>\n\n\n\n<p>-No desaprovechen este gran regalo, no lo desperdicien viviendo encerrados y siendo del \u2018mont\u00f3n\u2019, imitando conductas que la mayor\u00eda sigue sin saber por qu\u00e9. Descubran lo mucho que valen y \u00e1branse a la llamada de Dios. \u00c9l los acompa\u00f1ar\u00e1 siempre y les echar\u00e1 la mano para que vivan plenamente su vocaci\u00f3n. \u00a1Es maravilloso ser sacerdote! \u00a1Es una llamada de amor para amar! \u00a1Vale la pena!<\/p>\n\n\n\n<p>La entrevista con el Obispo poblano, la realiz\u00f3 Almudena Mart\u00ednez-Bordi\u00fa de la Agencia Cat\u00f3lica de Informaciones (ACI Prensa), el pasado 3 de julio de 2025.<\/p>\n\n\n\n<p>En fin, como dice la canci\u00f3n No me Llames Extranjero, del cantautor argentino Rafael Amor:<\/p>\n\n\n\n<p>No me llames extranjero<\/p>\n\n\n\n<p>porque haya nacido lejos<\/p>\n\n\n\n<p>o porque tenga otro nombre la tierra<\/p>\n\n\n\n<p>de donde vengo.<\/p>\n\n\n\n<p>raultorress@hotmail.com<\/p>\n\n\n\n<hr class=\"wp-block-separator has-alpha-channel-opacity\"\/>\n\n\n\n<p><strong>+ OPINI\u00d3N : Las opiniones expresadas son responsabilidad del autor<\/strong><\/p>\n","protected":false},"excerpt":{"rendered":"<p>*M\u00e9xico, pa\u00eds peligroso para ser sacerdote, expresa el obispo nacido en Puebla Por Ra\u00fal Torres Salmer\u00f3n \/ Sin L\u00edmites El [&hellip;]<\/p>\n","protected":false},"author":1,"featured_media":102410,"comment_status":"open","ping_status":"open","sticky":false,"template":"","format":"standard","meta":{"site-sidebar-layout":"default","site-content-layout":"","ast-site-content-layout":"default","site-content-style":"default","site-sidebar-style":"default","ast-global-header-display":"","ast-banner-title-visibility":"","ast-main-header-display":"","ast-hfb-above-header-display":"","ast-hfb-below-header-display":"","ast-hfb-mobile-header-display":"","site-post-title":"","ast-breadcrumbs-content":"","ast-featured-img":"","footer-sml-layout":"","theme-transparent-header-meta":"","adv-header-id-meta":"","stick-header-meta":"","header-above-stick-meta":"","header-main-stick-meta":"","header-below-stick-meta":"","astra-migrate-meta-layouts":"default","ast-page-background-enabled":"default","ast-page-background-meta":{"desktop":{"background-color":"var(--ast-global-color-4)","background-image":"","background-repeat":"repeat","background-position":"center center","background-size":"auto","background-attachment":"scroll","background-type":"","background-media":"","overlay-type":"","overlay-color":"","overlay-opacity":"","overlay-gradient":""},"tablet":{"background-color":"","background-image":"","background-repeat":"repeat","background-position":"center center","background-size":"auto","background-attachment":"scroll","background-type":"","background-media":"","overlay-type":"","overlay-color":"","overlay-opacity":"","overlay-gradient":""},"mobile":{"background-color":"","background-image":"","background-repeat":"repeat","background-position":"center center","background-size":"auto","background-attachment":"scroll","background-type":"","background-media":"","overlay-type":"","overlay-color":"","overlay-opacity":"","overlay-gradient":""}},"ast-content-background-meta":{"desktop":{"background-color":"var(--ast-global-color-5)","background-image":"","background-repeat":"repeat","background-position":"center center","background-size":"auto","background-attachment":"scroll","background-type":"","background-media":"","overlay-type":"","overlay-color":"","overlay-opacity":"","overlay-gradient":""},"tablet":{"background-color":"var(--ast-global-color-5)","background-image":"","background-repeat":"repeat","background-position":"center center","background-size":"auto","background-attachment":"scroll","background-type":"","background-media":"","overlay-type":"","overlay-color":"","overlay-opacity":"","overlay-gradient":""},"mobile":{"background-color":"var(--ast-global-color-5)","background-image":"","background-repeat":"repeat","background-position":"center center","background-size":"auto","background-attachment":"scroll","background-type":"","background-media":"","overlay-type":"","overlay-color":"","overlay-opacity":"","overlay-gradient":""}},"footnotes":""},"categories":[8,21,19],"tags":[3450,36282,3828],"class_list":["post-102409","post","type-post","status-publish","format-standard","has-post-thumbnail","hentry","category-noticias","category-opinion","category-sin-limites-2","tag-episcopado-mexicano","tag-eugenio-lira-rugarcia","tag-migrantes"],"_links":{"self":[{"href":"https:\/\/losperiodistas.com.mx\/portal\/wp-json\/wp\/v2\/posts\/102409","targetHints":{"allow":["GET"]}}],"collection":[{"href":"https:\/\/losperiodistas.com.mx\/portal\/wp-json\/wp\/v2\/posts"}],"about":[{"href":"https:\/\/losperiodistas.com.mx\/portal\/wp-json\/wp\/v2\/types\/post"}],"author":[{"embeddable":true,"href":"https:\/\/losperiodistas.com.mx\/portal\/wp-json\/wp\/v2\/users\/1"}],"replies":[{"embeddable":true,"href":"https:\/\/losperiodistas.com.mx\/portal\/wp-json\/wp\/v2\/comments?post=102409"}],"version-history":[{"count":1,"href":"https:\/\/losperiodistas.com.mx\/portal\/wp-json\/wp\/v2\/posts\/102409\/revisions"}],"predecessor-version":[{"id":102411,"href":"https:\/\/losperiodistas.com.mx\/portal\/wp-json\/wp\/v2\/posts\/102409\/revisions\/102411"}],"wp:featuredmedia":[{"embeddable":true,"href":"https:\/\/losperiodistas.com.mx\/portal\/wp-json\/wp\/v2\/media\/102410"}],"wp:attachment":[{"href":"https:\/\/losperiodistas.com.mx\/portal\/wp-json\/wp\/v2\/media?parent=102409"}],"wp:term":[{"taxonomy":"category","embeddable":true,"href":"https:\/\/losperiodistas.com.mx\/portal\/wp-json\/wp\/v2\/categories?post=102409"},{"taxonomy":"post_tag","embeddable":true,"href":"https:\/\/losperiodistas.com.mx\/portal\/wp-json\/wp\/v2\/tags?post=102409"}],"curies":[{"name":"wp","href":"https:\/\/api.w.org\/{rel}","templated":true}]}}