{"id":101774,"date":"2025-06-26T08:49:57","date_gmt":"2025-06-26T14:49:57","guid":{"rendered":"https:\/\/losperiodistas.com.mx\/portal\/?p=101774"},"modified":"2025-06-26T08:49:59","modified_gmt":"2025-06-26T14:49:59","slug":"opinion-la-generacion-scroll-mira-al-cielo-y-no-es-metafora","status":"publish","type":"post","link":"https:\/\/losperiodistas.com.mx\/portal\/opinion-la-generacion-scroll-mira-al-cielo-y-no-es-metafora\/","title":{"rendered":"Opini\u00f3n | La generaci\u00f3n scroll mira al cielo. Y no es met\u00e1fora"},"content":{"rendered":"\n<figure class=\"wp-block-image alignright size-full is-resized\"><img fetchpriority=\"high\" decoding=\"async\" width=\"500\" height=\"500\" src=\"https:\/\/losperiodistas.com.mx\/portal\/wp-content\/uploads\/2024\/11\/WhatsApp-Image-2024-11-08-at-15.02.41-1.jpeg\" alt=\"\" class=\"wp-image-91308\" style=\"width:208px;height:auto\" srcset=\"https:\/\/losperiodistas.com.mx\/portal\/wp-content\/uploads\/2024\/11\/WhatsApp-Image-2024-11-08-at-15.02.41-1.jpeg 500w, https:\/\/losperiodistas.com.mx\/portal\/wp-content\/uploads\/2024\/11\/WhatsApp-Image-2024-11-08-at-15.02.41-1-300x300.jpeg 300w, https:\/\/losperiodistas.com.mx\/portal\/wp-content\/uploads\/2024\/11\/WhatsApp-Image-2024-11-08-at-15.02.41-1-150x150.jpeg 150w\" sizes=\"(max-width: 500px) 100vw, 500px\" \/><\/figure>\n\n\n\n<p class=\"has-vivid-red-color has-text-color has-link-color has-medium-font-size wp-elements-c28cbd564f39402b6dbd73f197e98181\"><strong><em>Por Ricardo Mart\u00ednez Mart\u00ednez<\/em><\/strong><\/p>\n\n\n\n<p><strong>@ricardommz07<\/strong><\/p>\n\n\n\n<p><strong>La generaci\u00f3n scroll mira al cielo y no es met\u00e1fora; es estad\u00edstica.<\/strong> En EE. UU. el enorme estudio 2023-24 del Pew Research Center encontr\u00f3 que 46 % de los adultos de 18-24 a\u00f1os se sigue declarando cristiano y el 43 % ya se confiesa \u201cnada\u201d \u2014 pero, contra pron\u00f3stico, ese 46 % no cay\u00f3 respecto a la cohorte inmediatamente anterior, frenando quince a\u00f1os de sangr\u00eda religiosa. Para remate, el New York Post reporta un salto de 6 % en j\u00f3venes varones que se bautizan en parroquias cat\u00f3licas \u201cporque all\u00ed sienten prop\u00f3sito\u201d.<\/p>\n\n\n\n<p><strong>\u00bfPor qu\u00e9 este volantazo espiritual tras a\u00f1os de memes nihilistas?<\/strong> Primero, salud mental: la pandemia dej\u00f3 niveles r\u00e9cord de ansiedad y soledad. Un amplio \u201cscoping review\u201d publicado en <em>Frontiers in Psychiatry<\/em> hall\u00f3 que la asistencia regular a oficios y la devoci\u00f3n personal reducen entre 50 % y 200 % la probabilidad de depresi\u00f3n en adolescentes con madurez f\u00edsica alta \u2014no es placebo, es resiliencia comunitaria. Cuando la terapia es cara y la app de meditaci\u00f3n ya aburre, recitar salmos con otros humanos parece un bio-hack low-tech.<\/p>\n\n\n\n<p><strong>Segundo, fatiga digital.<\/strong> Despu\u00e9s de diez mil swipes diarios, un rito anal\u00f3gico \u2014encender una vela, arrodillarse, cantar sin autotune\u2014 se siente casi punk. El hashtag #GenZForJesus acumula millones de views en TikTok: la fe se volvi\u00f3 \u201ccontenido premium\u201d, un descanso del algoritmo que nunca duerme. El streaming no sustituy\u00f3 al templo; lo convirti\u00f3 en teaser de una experiencia tangible.<\/p>\n\n\n\n<p><strong>Tercero, bancarrota institucional.<\/strong> Pol\u00edticos, universidades y big tech perdieron credibilidad; las iglesias ofrecen pertenencia sin paywall. Pew detecta que la proporci\u00f3n de j\u00f3venes que sigue asistiendo al culto si fue criado creyente es baja (28 %), pero igual de baja es la persistencia del agnosticismo entre quienes crecieron sin religi\u00f3n. En otras palabras, todo est\u00e1 en juego y las parroquias compiten de nuevo por la confianza perdida.<\/p>\n\n\n\n<p><strong>Cuarto, econom\u00eda y clima sin red.<\/strong> Inteligencias artificiales que amenazan empleos, alquileres imposibles y eventos clim\u00e1ticos extremos generan un caldo de cultivo perfecto para narrativas que prometen sentido trascendente: \u201cDios proveer\u00e1\u201d compite con \u201cel mercado proveer\u00e1\u201d y, hoy por hoy, Wall Street no reza por nadie.<\/p>\n\n\n\n<p><strong>Quinto, pluralismo migratorio.<\/strong> J\u00f3venes hijos de nigerianos en Londres o nietos de salvadore\u00f1os en Los \u00c1ngeles llevan a la escuela misas carism\u00e1ticas y mezquitas port\u00e1tiles; su fervor contagia. El resultado es un mosaico donde conversos cat\u00f3licos y neo-pentecostales comparten cafeter\u00eda universitaria. La frontera entre identidades \u00e9tnicas y espirituales se volvi\u00f3 tan porosa como la timeline de Instagram.<\/p>\n\n\n\n<p><strong>\u00bfY el match con M\u00e9xico?<\/strong> Aunque el Censo 2020 marca 8,1 % de poblaci\u00f3n irreligiosa y 77,7 % cat\u00f3lica, la nota al pie dice \u201cprincipalmente los m\u00e1s j\u00f3venes\u201d para explicar la subida del ate\u00edsmo. Pero la historia no termina ah\u00ed: \u201cEsperanza para M\u00e9xico\u201d, plan adventista lanzado en 2024, moviliza brigadas juveniles, conciertos de g\u00f3spel y cl\u00ednicas de salud que llenan estadios en Chiapas y Yucat\u00e1n, mostrando que el mercado del sentido tambi\u00e9n late al sur del Bravo.<\/p>\n\n\n\n<p>En paralelo, retiros cat\u00f3licos como los de Totus Tuus o los \u201cCongresos de J\u00f3venes\u201d metodistas rebosan influencers que combinan rosario con reels; el p\u00falpito se volvi\u00f3 multiplataforma.<\/p>\n\n\n\n<p><strong>\u00bfQu\u00e9 nos dice todo esto?<\/strong> Que las instituciones que ofrezcan comunidad, silencio significativo y un relato convincente del futuro competir\u00e1n con ventaja sobre cualquier app de meditaci\u00f3n de seis d\u00f3lares al mes.<\/p>\n\n\n\n<p>Para gobiernos que buscan cohesi\u00f3n social o marcas que anhelan lealtad generacional, ignorar el \u201cmercado del sentido\u201d ser\u00e1 tan miope como ignorar el mercado de los smartphones en 2010. Cuando la pantalla cansa, la liturgia \u2014sea misa, shabat o c\u00edrculo de mindfulness\u2014 es la nueva discoteca. Y s\u00ed, puede que Dios hoy llegue v\u00eda push notification, pero la pregunta que reta a todos sigue siendo terrenal: \u00bfqui\u00e9n te recibe cuando tu Wi-Fi se cae?<\/p>\n\n\n\n<hr class=\"wp-block-separator has-alpha-channel-opacity\"\/>\n\n\n\n<p><strong>+ OPINI\u00d3N : Las opiniones expresadas son responsabilidad del autor<\/strong><\/p>\n","protected":false},"excerpt":{"rendered":"<p>Por Ricardo Mart\u00ednez Mart\u00ednez @ricardommz07 La generaci\u00f3n scroll mira al cielo y no es met\u00e1fora; es estad\u00edstica. En EE. UU. [&hellip;]<\/p>\n","protected":false},"author":1,"featured_media":91308,"comment_status":"open","ping_status":"open","sticky":false,"template":"","format":"standard","meta":{"site-sidebar-layout":"default","site-content-layout":"","ast-site-content-layout":"default","site-content-style":"default","site-sidebar-style":"default","ast-global-header-display":"","ast-banner-title-visibility":"","ast-main-header-display":"","ast-hfb-above-header-display":"","ast-hfb-below-header-display":"","ast-hfb-mobile-header-display":"","site-post-title":"","ast-breadcrumbs-content":"","ast-featured-img":"","footer-sml-layout":"","theme-transparent-header-meta":"","adv-header-id-meta":"","stick-header-meta":"","header-above-stick-meta":"","header-main-stick-meta":"","header-below-stick-meta":"","astra-migrate-meta-layouts":"default","ast-page-background-enabled":"default","ast-page-background-meta":{"desktop":{"background-color":"var(--ast-global-color-4)","background-image":"","background-repeat":"repeat","background-position":"center center","background-size":"auto","background-attachment":"scroll","background-type":"","background-media":"","overlay-type":"","overlay-color":"","overlay-opacity":"","overlay-gradient":""},"tablet":{"background-color":"","background-image":"","background-repeat":"repeat","background-position":"center center","background-size":"auto","background-attachment":"scroll","background-type":"","background-media":"","overlay-type":"","overlay-color":"","overlay-opacity":"","overlay-gradient":""},"mobile":{"background-color":"","background-image":"","background-repeat":"repeat","background-position":"center center","background-size":"auto","background-attachment":"scroll","background-type":"","background-media":"","overlay-type":"","overlay-color":"","overlay-opacity":"","overlay-gradient":""}},"ast-content-background-meta":{"desktop":{"background-color":"var(--ast-global-color-5)","background-image":"","background-repeat":"repeat","background-position":"center center","background-size":"auto","background-attachment":"scroll","background-type":"","background-media":"","overlay-type":"","overlay-color":"","overlay-opacity":"","overlay-gradient":""},"tablet":{"background-color":"var(--ast-global-color-5)","background-image":"","background-repeat":"repeat","background-position":"center center","background-size":"auto","background-attachment":"scroll","background-type":"","background-media":"","overlay-type":"","overlay-color":"","overlay-opacity":"","overlay-gradient":""},"mobile":{"background-color":"var(--ast-global-color-5)","background-image":"","background-repeat":"repeat","background-position":"center center","background-size":"auto","background-attachment":"scroll","background-type":"","background-media":"","overlay-type":"","overlay-color":"","overlay-opacity":"","overlay-gradient":""}},"footnotes":""},"categories":[32663,8,22],"tags":[39557,39555,39558,39556],"class_list":["post-101774","post","type-post","status-publish","format-standard","has-post-thumbnail","hentry","category-entre-ruidos-y-senales","category-noticias","category-opinion-invitada","tag-fatiga-digital","tag-generacion-scroll","tag-pluralismo-migratorio","tag-religion-eu"],"_links":{"self":[{"href":"https:\/\/losperiodistas.com.mx\/portal\/wp-json\/wp\/v2\/posts\/101774","targetHints":{"allow":["GET"]}}],"collection":[{"href":"https:\/\/losperiodistas.com.mx\/portal\/wp-json\/wp\/v2\/posts"}],"about":[{"href":"https:\/\/losperiodistas.com.mx\/portal\/wp-json\/wp\/v2\/types\/post"}],"author":[{"embeddable":true,"href":"https:\/\/losperiodistas.com.mx\/portal\/wp-json\/wp\/v2\/users\/1"}],"replies":[{"embeddable":true,"href":"https:\/\/losperiodistas.com.mx\/portal\/wp-json\/wp\/v2\/comments?post=101774"}],"version-history":[{"count":1,"href":"https:\/\/losperiodistas.com.mx\/portal\/wp-json\/wp\/v2\/posts\/101774\/revisions"}],"predecessor-version":[{"id":101775,"href":"https:\/\/losperiodistas.com.mx\/portal\/wp-json\/wp\/v2\/posts\/101774\/revisions\/101775"}],"wp:featuredmedia":[{"embeddable":true,"href":"https:\/\/losperiodistas.com.mx\/portal\/wp-json\/wp\/v2\/media\/91308"}],"wp:attachment":[{"href":"https:\/\/losperiodistas.com.mx\/portal\/wp-json\/wp\/v2\/media?parent=101774"}],"wp:term":[{"taxonomy":"category","embeddable":true,"href":"https:\/\/losperiodistas.com.mx\/portal\/wp-json\/wp\/v2\/categories?post=101774"},{"taxonomy":"post_tag","embeddable":true,"href":"https:\/\/losperiodistas.com.mx\/portal\/wp-json\/wp\/v2\/tags?post=101774"}],"curies":[{"name":"wp","href":"https:\/\/api.w.org\/{rel}","templated":true}]}}