{"id":101771,"date":"2025-06-26T08:42:17","date_gmt":"2025-06-26T14:42:17","guid":{"rendered":"https:\/\/losperiodistas.com.mx\/portal\/?p=101771"},"modified":"2025-06-26T09:22:18","modified_gmt":"2025-06-26T15:22:18","slug":"leon-xiv-la-dignidad-debe-prevalecer-sobre-toda-dependencia-degradante-exaudi","status":"publish","type":"post","link":"https:\/\/losperiodistas.com.mx\/portal\/leon-xiv-la-dignidad-debe-prevalecer-sobre-toda-dependencia-degradante-exaudi\/","title":{"rendered":"Le\u00f3n XIV: \u201cLa dignidad debe prevalecer sobre toda dependencia degradante\u201d | Exaudi"},"content":{"rendered":"\n<p class=\"has-medium-font-size\">El Papa lanza un firme llamamiento contra las redes del narcotr\u00e1fico y pide combatir la marginaci\u00f3n sin marginar a las personas<\/p>\n\n\n\n<figure class=\"wp-block-image size-full\"><img fetchpriority=\"high\" decoding=\"async\" width=\"750\" height=\"422\" src=\"https:\/\/losperiodistas.com.mx\/portal\/wp-content\/uploads\/2025\/06\/cq5dam.thumbnail.cropped.750.422-13.jpeg\" alt=\"\" class=\"wp-image-101772\" srcset=\"https:\/\/losperiodistas.com.mx\/portal\/wp-content\/uploads\/2025\/06\/cq5dam.thumbnail.cropped.750.422-13.jpeg 750w, https:\/\/losperiodistas.com.mx\/portal\/wp-content\/uploads\/2025\/06\/cq5dam.thumbnail.cropped.750.422-13-300x169.jpeg 300w\" sizes=\"(max-width: 750px) 100vw, 750px\" \/><\/figure>\n\n\n\n<p><\/p>\n\n\n\n<p class=\"has-vivid-red-color has-text-color has-link-color has-medium-font-size wp-elements-eba9c95c662bca8ec7984edd54541a44\"><strong>Redacci\u00f3n Exaudi<\/strong><\/p>\n\n\n\n<p>En el marco de la Jornada Internacional de Lucha contra la Droga, el Papa Le\u00f3n XIV dirigi\u00f3 este mi\u00e9rcoles un poderoso mensaje desde el Patio de San D\u00e1maso, en el Vaticano. Ante decenas de participantes, muchos de ellos marcados por la experiencia de la adicci\u00f3n, el Pont\u00edfice inst\u00f3 a la sociedad a dejar de criminalizar a las v\u00edctimas y a concentrarse en desmantelar las redes delictivas que lucran con la desesperaci\u00f3n.<\/p>\n\n\n\n<p>\u201cEs m\u00e1s f\u00e1cil perseguir a las v\u00edctimas que combatir a los responsables\u201d, denunci\u00f3 el Papa. \u201cCon demasiada frecuencia, en nombre de la seguridad, se libra una guerra contra los pobres, llenando las c\u00e1rceles con los eslabones m\u00e1s d\u00e9biles de la cadena del narcotr\u00e1fico\u201d.<\/p>\n\n\n\n<h3 class=\"wp-block-heading\"><strong>Libertad frente a la prisi\u00f3n invisible<\/strong><\/h3>\n\n\n\n<p>Le\u00f3n XIV subray\u00f3 el valor de la libertad conquistada por muchos de los presentes tras a\u00f1os de esclavitud a las drogas o al alcohol. Asegur\u00f3 que la adicci\u00f3n es una \u201cprisi\u00f3n invisible\u201d de la que s\u00f3lo se puede salir juntos, con v\u00ednculos sanos y una comunidad que no margina sino que acoge.<\/p>\n\n\n\n<p>Inspirado en la&nbsp;<em>Evangelii Gaudium<\/em>&nbsp;del Papa Francisco, reiter\u00f3 que las ciudades no deben limpiarse de personas marginadas, sino de la marginaci\u00f3n misma. \u201cNuestras ciudades deben liberarse no de los desesperados, sino de la desesperaci\u00f3n\u201d, afirm\u00f3.<\/p>\n\n\n\n<h3 class=\"wp-block-heading\"><strong>Un llamado a construir esperanza<\/strong><\/h3>\n\n\n\n<p>El mensaje papal se enmarca en el A\u00f1o Jubilar, \u201cun a\u00f1o de gracia\u201d \u2013record\u00f3\u2013 en el que se reconoce la dignidad de cada persona, incluso cuando est\u00e1 oscurecida por la adicci\u00f3n. Le\u00f3n XIV pidi\u00f3 multiplicar los espacios de encuentro, educaci\u00f3n y sanaci\u00f3n, \u201ccaminos pastorales y pol\u00edticas sociales que nacen desde la calle y no dan a nadie por perdido\u201d.<\/p>\n\n\n\n<p>\u201cLa Iglesia los necesita. La sociedad necesita de su testimonio. La pol\u00edtica y la educaci\u00f3n los necesitan tambi\u00e9n. S\u00f3lo juntos podemos hacer que la dignidad infinita de cada persona prevalezca sobre cualquier dependencia degradante\u201d, proclam\u00f3 el Papa.<\/p>\n\n\n\n<h3 class=\"wp-block-heading\"><img decoding=\"async\" src=\"https:\/\/www.exaudi.org\/wp-content\/uploads\/2025\/06\/cq5dam.thumbnail.cropped.750.422-2-5.jpeg\" alt=\"\" width=\"750\" height=\"422\" srcset=\"https:\/\/www.exaudi.org\/wp-content\/uploads\/2025\/06\/cq5dam.thumbnail.cropped.750.422-2-5.jpeg 750w, https:\/\/www.exaudi.org\/wp-content\/uploads\/2025\/06\/cq5dam.thumbnail.cropped.750.422-2-5-300x169.jpeg 300w, https:\/\/www.exaudi.org\/wp-content\/uploads\/2025\/06\/cq5dam.thumbnail.cropped.750.422-2-5-500x281.jpeg 500w\"><\/h3>\n\n\n\n<h3 class=\"wp-block-heading\"><strong>Adicciones: un desaf\u00edo cultural<\/strong><\/h3>\n\n\n\n<p>Durante el acto tambi\u00e9n intervino Alfredo Mantovano, subsecretario de Estado de la Presidencia del Consejo de Ministros de Italia, quien alert\u00f3 sobre el car\u00e1cter profundamente humano y cultural del fen\u00f3meno de las drogas. \u201cLas sustancias prometen poder, pero dejan esclavitud y mentira. La esperanza no se compra ni se sustituye por adicciones\u201d, afirm\u00f3, transmitiendo el saludo de la primera ministra italiana, Giorgia Meloni.<\/p>\n\n\n\n<h3 class=\"wp-block-heading\"><strong>Testimonios de renacimiento<\/strong><\/h3>\n\n\n\n<p>Uno de los momentos m\u00e1s conmovedores del encuentro fue el testimonio de Paola Clericuzio, integrante de la comunidad terap\u00e9utica San Patrignano. A los 18 a\u00f1os cay\u00f3 en la adicci\u00f3n a la coca\u00edna, empujada por su entorno. Tras una noche l\u00edmite, fue acogida por la comunidad, donde \u2013asegura\u2013 comenz\u00f3 a recuperar la sonrisa, su pasi\u00f3n por el estudio y, sobre todo, el amor propio.<\/p>\n\n\n\n<p>\u201cEl amor verdadero empieza por amarse a uno mismo\u201d, dijo emocionada ante el Papa.<\/p>\n\n\n\n<p>Con palabras firmes pero llenas de esperanza, Le\u00f3n XIV concluy\u00f3 su intervenci\u00f3n destacando que nadie est\u00e1 irremediablemente perdido. \u201cEl llamado m\u00e1s divino es avanzar juntos hacia la libertad y la paz. No se rindan, porque ustedes son testigos de esperanza\u201d.<\/p>\n\n\n\n<p>Fuente: <a href=\"https:\/\/www.exaudi.org\/es\/leon-xiv-la-dignidad-debe-prevalecer-sobre-toda-dependencia-degradante\/\">https:\/\/www.exaudi.org\/es\/leon-xiv-la-dignidad-debe-prevalecer-sobre-toda-dependencia-degradante\/<\/a><\/p>\n","protected":false},"excerpt":{"rendered":"<p>El Papa lanza un firme llamamiento contra las redes del narcotr\u00e1fico y pide combatir la marginaci\u00f3n sin marginar a las [&hellip;]<\/p>\n","protected":false},"author":1,"featured_media":101772,"comment_status":"open","ping_status":"open","sticky":false,"template":"","format":"standard","meta":{"site-sidebar-layout":"default","site-content-layout":"","ast-site-content-layout":"default","site-content-style":"default","site-sidebar-style":"default","ast-global-header-display":"","ast-banner-title-visibility":"","ast-main-header-display":"","ast-hfb-above-header-display":"","ast-hfb-below-header-display":"","ast-hfb-mobile-header-display":"","site-post-title":"","ast-breadcrumbs-content":"","ast-featured-img":"","footer-sml-layout":"","theme-transparent-header-meta":"","adv-header-id-meta":"","stick-header-meta":"","header-above-stick-meta":"","header-main-stick-meta":"","header-below-stick-meta":"","astra-migrate-meta-layouts":"default","ast-page-background-enabled":"default","ast-page-background-meta":{"desktop":{"background-color":"var(--ast-global-color-4)","background-image":"","background-repeat":"repeat","background-position":"center center","background-size":"auto","background-attachment":"scroll","background-type":"","background-media":"","overlay-type":"","overlay-color":"","overlay-opacity":"","overlay-gradient":""},"tablet":{"background-color":"","background-image":"","background-repeat":"repeat","background-position":"center center","background-size":"auto","background-attachment":"scroll","background-type":"","background-media":"","overlay-type":"","overlay-color":"","overlay-opacity":"","overlay-gradient":""},"mobile":{"background-color":"","background-image":"","background-repeat":"repeat","background-position":"center center","background-size":"auto","background-attachment":"scroll","background-type":"","background-media":"","overlay-type":"","overlay-color":"","overlay-opacity":"","overlay-gradient":""}},"ast-content-background-meta":{"desktop":{"background-color":"var(--ast-global-color-5)","background-image":"","background-repeat":"repeat","background-position":"center center","background-size":"auto","background-attachment":"scroll","background-type":"","background-media":"","overlay-type":"","overlay-color":"","overlay-opacity":"","overlay-gradient":""},"tablet":{"background-color":"var(--ast-global-color-5)","background-image":"","background-repeat":"repeat","background-position":"center center","background-size":"auto","background-attachment":"scroll","background-type":"","background-media":"","overlay-type":"","overlay-color":"","overlay-opacity":"","overlay-gradient":""},"mobile":{"background-color":"var(--ast-global-color-5)","background-image":"","background-repeat":"repeat","background-position":"center center","background-size":"auto","background-attachment":"scroll","background-type":"","background-media":"","overlay-type":"","overlay-color":"","overlay-opacity":"","overlay-gradient":""}},"footnotes":""},"categories":[8],"tags":[39554,15744,39553,38220],"class_list":["post-101771","post","type-post","status-publish","format-standard","has-post-thumbnail","hentry","category-noticias","tag-dependencia-degradante","tag-dignidad-humana","tag-jornada-internacional-de-lucha-contra-la-droga","tag-papa-leon-xiv"],"_links":{"self":[{"href":"https:\/\/losperiodistas.com.mx\/portal\/wp-json\/wp\/v2\/posts\/101771","targetHints":{"allow":["GET"]}}],"collection":[{"href":"https:\/\/losperiodistas.com.mx\/portal\/wp-json\/wp\/v2\/posts"}],"about":[{"href":"https:\/\/losperiodistas.com.mx\/portal\/wp-json\/wp\/v2\/types\/post"}],"author":[{"embeddable":true,"href":"https:\/\/losperiodistas.com.mx\/portal\/wp-json\/wp\/v2\/users\/1"}],"replies":[{"embeddable":true,"href":"https:\/\/losperiodistas.com.mx\/portal\/wp-json\/wp\/v2\/comments?post=101771"}],"version-history":[{"count":1,"href":"https:\/\/losperiodistas.com.mx\/portal\/wp-json\/wp\/v2\/posts\/101771\/revisions"}],"predecessor-version":[{"id":101773,"href":"https:\/\/losperiodistas.com.mx\/portal\/wp-json\/wp\/v2\/posts\/101771\/revisions\/101773"}],"wp:featuredmedia":[{"embeddable":true,"href":"https:\/\/losperiodistas.com.mx\/portal\/wp-json\/wp\/v2\/media\/101772"}],"wp:attachment":[{"href":"https:\/\/losperiodistas.com.mx\/portal\/wp-json\/wp\/v2\/media?parent=101771"}],"wp:term":[{"taxonomy":"category","embeddable":true,"href":"https:\/\/losperiodistas.com.mx\/portal\/wp-json\/wp\/v2\/categories?post=101771"},{"taxonomy":"post_tag","embeddable":true,"href":"https:\/\/losperiodistas.com.mx\/portal\/wp-json\/wp\/v2\/tags?post=101771"}],"curies":[{"name":"wp","href":"https:\/\/api.w.org\/{rel}","templated":true}]}}