{"id":101768,"date":"2025-06-26T08:35:17","date_gmt":"2025-06-26T14:35:17","guid":{"rendered":"https:\/\/losperiodistas.com.mx\/portal\/?p=101768"},"modified":"2025-06-26T08:35:18","modified_gmt":"2025-06-26T14:35:18","slug":"muere-a-los-78-anos-clark-olofsson-uno-de-los-autores-del-secuestro-que-dio-origen-al-sindrome-de-estocolmo-el-espanol","status":"publish","type":"post","link":"https:\/\/losperiodistas.com.mx\/portal\/muere-a-los-78-anos-clark-olofsson-uno-de-los-autores-del-secuestro-que-dio-origen-al-sindrome-de-estocolmo-el-espanol\/","title":{"rendered":"Muere a los 78 a\u00f1os Clark Olofsson, uno de los autores del secuestro que dio origen al s\u00edndrome de Estocolmo | El Espa\u00f1ol"},"content":{"rendered":"\n<h2 class=\"wp-block-heading\">\u00c9l y otro ladr\u00f3n tomaron a 4 rehenes durante seis d\u00edas en un atraco a un banco de Estocolmo en 1973 desarrollando una relaci\u00f3n de complicidad con ellos.<\/h2>\n\n\n\n<figure class=\"wp-block-image size-large\"><img fetchpriority=\"high\" decoding=\"async\" width=\"1024\" height=\"576\" src=\"https:\/\/losperiodistas.com.mx\/portal\/wp-content\/uploads\/2025\/06\/1003743822521_256808293_1706x960-1024x576.webp\" alt=\"\" class=\"wp-image-101769\" srcset=\"https:\/\/losperiodistas.com.mx\/portal\/wp-content\/uploads\/2025\/06\/1003743822521_256808293_1706x960-1024x576.webp 1024w, https:\/\/losperiodistas.com.mx\/portal\/wp-content\/uploads\/2025\/06\/1003743822521_256808293_1706x960-300x169.webp 300w, https:\/\/losperiodistas.com.mx\/portal\/wp-content\/uploads\/2025\/06\/1003743822521_256808293_1706x960-768x432.webp 768w, https:\/\/losperiodistas.com.mx\/portal\/wp-content\/uploads\/2025\/06\/1003743822521_256808293_1706x960-1536x864.webp 1536w, https:\/\/losperiodistas.com.mx\/portal\/wp-content\/uploads\/2025\/06\/1003743822521_256808293_1706x960.webp 1706w\" sizes=\"(max-width: 1024px) 100vw, 1024px\" \/><figcaption class=\"wp-element-caption\">Olofsson camino al juzgado en 1967, con su entonces prometida (izquierda) y esposado a un polic\u00eda (derecha).\u00a0Wikipedia<\/figcaption><\/figure>\n\n\n\n<p class=\"has-vivid-red-color has-text-color has-link-color has-medium-font-size wp-elements-18c2c59446b15cc9195b3750d23c0628\"><strong><a href=\"https:\/\/www.elespanol.com\/autor\/luis-villajos\/?utm_cmp_rs=authorpage\">Luis Villajos<\/a> \/ Agencias \/ El Espa\u00f1ol<\/strong><\/p>\n\n\n\n<p><\/p>\n\n\n\n<p><\/p>\n\n\n\n<p id=\"paragraph_1\"><strong>Clark Olofsson<\/strong>, uno de los criminales m\u00e1s famosos de&nbsp;<a href=\"https:\/\/www.elespanol.com\/lugares\/suecia\/?utm_cmp_rs=linksinline\">Suecia&nbsp;<\/a>y uno de los protagonistas del atraco que dio nombre al conocido como&nbsp;<strong>s\u00edndrome de Estocolmo<\/strong>, ha&nbsp;<strong>fallecido a los 78 a\u00f1os<\/strong>&nbsp;en un hospital del pa\u00eds del pa\u00eds escandinavo, confirm\u00f3 este jueves su familia a medios locales.<\/p>\n\n\n\n<p id=\"paragraph_2\">El delincuente se pas\u00f3&nbsp;<strong>media vida en prisi\u00f3n por numerosos cr\u00edmenes<\/strong>&nbsp;que incluyen desde intento de asesinato y robo hasta maltrato y delitos con estupefacientes, pero el m\u00e1s conocido de todos fue el llamado \u00ab<strong>drama de Norrmalmstorg\u00bb<\/strong>, un atraco a un banco en el que los<strong>&nbsp;rehenes entablaron una relaci\u00f3n de complicidad con sus secuestradores<\/strong>&nbsp;que dio nombre a este popular t\u00e9rmino psicol\u00f3gico.<\/p>\n\n\n\n<p id=\"paragraph_3\">Jan Erik \u00abJanne\u00bb Olsson entr\u00f3 el 23 de agosto de 1973&nbsp;<strong>encapuchado, armado con una metralleta y con explosivos en la sucursal del Kreditbank<\/strong>&nbsp;en la c\u00e9ntrica plaza de Norrmalmstorg en Estocolmo.<\/p>\n\n\n\n<p id=\"paragraph_4\"><strong>\u00abTiraos al suelo, ahora empieza la fiesta\u00bb,<\/strong>&nbsp;dijo en ingl\u00e9s antes de disparar al techo, tomar como&nbsp;<strong>rehenes a tres empleada<\/strong>s y plantear varias condiciones a la Polic\u00eda: tres millones de coronas suecas, un coche y v\u00eda libre para salir del pa\u00eds.<\/p>\n\n\n\n<p id=\"paragraph_5\">Olsson exigi\u00f3 adem\u00e1s que fuera trasladado desde su celda al banco&nbsp;<strong>Clark Olofsson<\/strong>, entonces uno de los criminales m\u00e1s conocidos del pa\u00eds y con quien hab\u00eda coincidido en la c\u00e1rcel.<\/p>\n\n\n\n<p id=\"paragraph_6\">Las autoridades aceptaron parte de sus exigencias y llevaron a Olofsson al banco, donde estaba escondido otro empleado que pas\u00f3 a engrosar el grupo de rehenes en la b\u00f3veda de seguridad.<\/p>\n\n\n\n<p id=\"paragraph_7\">All\u00ed&nbsp;<strong>permanecieron seis d\u00edas,<\/strong>&nbsp;en los que secuestradores y rehenes&nbsp;<strong>jugaron a las cartas y entablaron fuertes lazos afectivos.<\/strong><\/p>\n\n\n\n<p id=\"paragraph_8\">Como muestra de esta cercan\u00eda, los secuestrados llegaron a aceptar una propuesta, rechazada por las autoridades, de<strong>&nbsp;fugarse con los ladrones en coche<\/strong>&nbsp;y a asegurar que confiaban en ellos \u00abde forma ciega\u00bb.<\/p>\n\n\n\n<p id=\"paragraph_9\">Cuando la Polic\u00eda liber\u00f3 a los secuestrados en una operaci\u00f3n en la que no hubo heridos, lo<strong>s rehenes se negaron a salir antes que sus captores, por miedo a que \u00e9stos fueran castigados<\/strong>&nbsp;y se despidieron de ellos con abrazos.<\/p>\n\n\n\n<h3 class=\"wp-block-heading\">El sindrome de Estocolmo<\/h3>\n\n\n\n<p id=\"paragraph_10\">El t\u00e9rmino fue&nbsp;<strong>acu\u00f1ado por el psiquiatra sueco Nils Bejerot<\/strong>, quien particip\u00f3 como asesor en la negociaci\u00f3n policial.<\/p>\n\n\n\n<p id=\"paragraph_11\">Bejerot observ\u00f3 este comportamiento y lo describi\u00f3 como<strong>&nbsp;una reacci\u00f3n psicol\u00f3gica<\/strong>&nbsp;en la que los secuestrados desarrollan un v\u00ednculo emocional con sus secuestradores, llegando a identificarse con ellos y, en ocasiones, a justificar sus acciones.<\/p>\n\n\n\n<p id=\"paragraph_12\">El fen\u00f3meno fue explicado inicialmente como un&nbsp;<strong>mecanismo de defensa o supervivencia<\/strong>: ante una situaci\u00f3n extrema y de peligro, la v\u00edctima puede desarrollar sentimientos positivos hacia su captor, quien, parad\u00f3jicamente, representa tanto la amenaza como la posible salvaci\u00f3n.<\/p>\n\n\n\n<p id=\"paragraph_13\">Esta&nbsp;<strong>reacci\u00f3n se asocia con la llamada \u00abidentificaci\u00f3n con el agresor\u00bb,&nbsp;concepto ya explorado por&nbsp;Anna Freud&nbsp;en 1940, quien lo describi\u00f3 como una forma de adaptaci\u00f3n ante el miedo extremo.<\/strong><\/p>\n\n\n\n<p id=\"paragraph_14\"><strong>El s\u00edndrome de Estocolmo se populariz\u00f3 r\u00e1pidamente y&nbsp;comenz\u00f3 a utilizarse para explicar otros casos,&nbsp;como el de Patty Hearst en Estados Unidos, quien tras ser secuestrada, particip\u00f3 en actividades delictivas junto a sus captores.<\/strong><\/p>\n\n\n\n<p id=\"paragraph_15\"><strong>Sin embargo, con el paso del tiempo,&nbsp;muchos expertos han cuestionado la validez cient\u00edfica del s\u00edndrome.&nbsp;Se le considera m\u00e1s un concepto construido que un diagn\u00f3stico cl\u00ednico, y su prevalencia real es muy baja.<\/strong><\/p>\n\n\n\n<p>https:\/\/buy.tinypass.com\/checkout\/template\/cacheableShow?aid=HEQTYbTpKq&#038;templateId=OTHNH7WANTUU&#038;templateVariantId=OTV4YITVK527L&#038;offerId=fakeOfferId&#038;experienceId=EX8VCMG6RFJW&#038;iframeId=offer_504eec8c7fb8e89d152f-0&#038;displayMode=inline&#038;pianoIdUrl=https%3A%2F%2Fsocial.elespanol.com%2Fid%2F&#038;widget=template&#038;url=https%3A%2F%2Fwww.elespanol.com%2Fmundo%2Feuropa%2F20250626%2Fmuere-anos-clark-olofsson-autores-secuestro-dio-origen-sindrome-estocolmo%2F1003743822435_0.html<\/p>\n\n\n\n<p id=\"paragraph_16\"><strong>De hecho, no est\u00e1 reconocido como un trastorno espec\u00edfico en los manuales psiqui\u00e1tricos oficiales, y algunos psiquiatras actuales lo ven como una etiqueta utilizada para explicar situaciones complejas o para desacreditar a las v\u00edctimas.<\/strong><\/p>\n\n\n\n<p id=\"paragraph_17\">En cualquier caso, el&nbsp;<strong><em>\u00ab<\/em>drama de Norrmalmstorg\u00bb<\/strong>&nbsp;ha inspirado varios libros y una pel\u00edcula y&nbsp;<strong>Netflix estren\u00f3 hace tres a\u00f1os una serie inspirada en la vida de Olofsson,<\/strong>&nbsp;que cumpli\u00f3 condenas en varios pa\u00edses, lleg\u00f3 a renunciar a su nacionalidad sueca para recuperarla luego m\u00e1s tarde y permanec\u00eda en libertad desde hac\u00eda siete a\u00f1os.<\/p>\n\n\n\n<p>Fuente: <a href=\"https:\/\/www.elespanol.com\/mundo\/europa\/20250626\/muere-anos-clark-olofsson-autores-secuestro-dio-origen-sindrome-estocolmo\/1003743822435_0.html\">https:\/\/www.elespanol.com\/mundo\/europa\/20250626\/muere-anos-clark-olofsson-autores-secuestro-dio-origen-sindrome-estocolmo\/1003743822435_0.html<\/a><\/p>\n","protected":false},"excerpt":{"rendered":"<p>\u00c9l y otro ladr\u00f3n tomaron a 4 rehenes durante seis d\u00edas en un atraco a un banco de Estocolmo en [&hellip;]<\/p>\n","protected":false},"author":1,"featured_media":101769,"comment_status":"open","ping_status":"open","sticky":false,"template":"","format":"standard","meta":{"site-sidebar-layout":"default","site-content-layout":"","ast-site-content-layout":"default","site-content-style":"default","site-sidebar-style":"default","ast-global-header-display":"","ast-banner-title-visibility":"","ast-main-header-display":"","ast-hfb-above-header-display":"","ast-hfb-below-header-display":"","ast-hfb-mobile-header-display":"","site-post-title":"","ast-breadcrumbs-content":"","ast-featured-img":"","footer-sml-layout":"","theme-transparent-header-meta":"","adv-header-id-meta":"","stick-header-meta":"","header-above-stick-meta":"","header-main-stick-meta":"","header-below-stick-meta":"","astra-migrate-meta-layouts":"default","ast-page-background-enabled":"default","ast-page-background-meta":{"desktop":{"background-color":"var(--ast-global-color-4)","background-image":"","background-repeat":"repeat","background-position":"center center","background-size":"auto","background-attachment":"scroll","background-type":"","background-media":"","overlay-type":"","overlay-color":"","overlay-opacity":"","overlay-gradient":""},"tablet":{"background-color":"","background-image":"","background-repeat":"repeat","background-position":"center center","background-size":"auto","background-attachment":"scroll","background-type":"","background-media":"","overlay-type":"","overlay-color":"","overlay-opacity":"","overlay-gradient":""},"mobile":{"background-color":"","background-image":"","background-repeat":"repeat","background-position":"center center","background-size":"auto","background-attachment":"scroll","background-type":"","background-media":"","overlay-type":"","overlay-color":"","overlay-opacity":"","overlay-gradient":""}},"ast-content-background-meta":{"desktop":{"background-color":"var(--ast-global-color-5)","background-image":"","background-repeat":"repeat","background-position":"center center","background-size":"auto","background-attachment":"scroll","background-type":"","background-media":"","overlay-type":"","overlay-color":"","overlay-opacity":"","overlay-gradient":""},"tablet":{"background-color":"var(--ast-global-color-5)","background-image":"","background-repeat":"repeat","background-position":"center center","background-size":"auto","background-attachment":"scroll","background-type":"","background-media":"","overlay-type":"","overlay-color":"","overlay-opacity":"","overlay-gradient":""},"mobile":{"background-color":"var(--ast-global-color-5)","background-image":"","background-repeat":"repeat","background-position":"center center","background-size":"auto","background-attachment":"scroll","background-type":"","background-media":"","overlay-type":"","overlay-color":"","overlay-opacity":"","overlay-gradient":""}},"footnotes":""},"categories":[8],"tags":[39552,39551,39550],"class_list":["post-101768","post","type-post","status-publish","format-standard","has-post-thumbnail","hentry","category-noticias","tag-atraco-banco-1973-estocolmo","tag-clark-olofsson","tag-sindrome-de-estocolmo"],"_links":{"self":[{"href":"https:\/\/losperiodistas.com.mx\/portal\/wp-json\/wp\/v2\/posts\/101768","targetHints":{"allow":["GET"]}}],"collection":[{"href":"https:\/\/losperiodistas.com.mx\/portal\/wp-json\/wp\/v2\/posts"}],"about":[{"href":"https:\/\/losperiodistas.com.mx\/portal\/wp-json\/wp\/v2\/types\/post"}],"author":[{"embeddable":true,"href":"https:\/\/losperiodistas.com.mx\/portal\/wp-json\/wp\/v2\/users\/1"}],"replies":[{"embeddable":true,"href":"https:\/\/losperiodistas.com.mx\/portal\/wp-json\/wp\/v2\/comments?post=101768"}],"version-history":[{"count":1,"href":"https:\/\/losperiodistas.com.mx\/portal\/wp-json\/wp\/v2\/posts\/101768\/revisions"}],"predecessor-version":[{"id":101770,"href":"https:\/\/losperiodistas.com.mx\/portal\/wp-json\/wp\/v2\/posts\/101768\/revisions\/101770"}],"wp:featuredmedia":[{"embeddable":true,"href":"https:\/\/losperiodistas.com.mx\/portal\/wp-json\/wp\/v2\/media\/101769"}],"wp:attachment":[{"href":"https:\/\/losperiodistas.com.mx\/portal\/wp-json\/wp\/v2\/media?parent=101768"}],"wp:term":[{"taxonomy":"category","embeddable":true,"href":"https:\/\/losperiodistas.com.mx\/portal\/wp-json\/wp\/v2\/categories?post=101768"},{"taxonomy":"post_tag","embeddable":true,"href":"https:\/\/losperiodistas.com.mx\/portal\/wp-json\/wp\/v2\/tags?post=101768"}],"curies":[{"name":"wp","href":"https:\/\/api.w.org\/{rel}","templated":true}]}}