{"id":10173,"date":"2021-07-11T10:35:35","date_gmt":"2021-07-11T15:35:35","guid":{"rendered":"http:\/\/losperiodistas.com.mx\/portal\/?p=10173"},"modified":"2021-07-11T10:35:36","modified_gmt":"2021-07-11T15:35:36","slug":"el-papa-recuerda-a-san-benito-y-felicita-a-benedictinos-y-benedictinas-de-todo-el-mundo-aci","status":"publish","type":"post","link":"https:\/\/losperiodistas.com.mx\/portal\/el-papa-recuerda-a-san-benito-y-felicita-a-benedictinos-y-benedictinas-de-todo-el-mundo-aci\/","title":{"rendered":"El Papa recuerda a San Benito y felicita a benedictinos y benedictinas de todo el mundo | ACI"},"content":{"rendered":"\n<p><\/p>\n\n\n\n<figure class=\"wp-block-image size-large\"><img fetchpriority=\"high\" decoding=\"async\" width=\"1024\" height=\"569\" src=\"https:\/\/losperiodistas.com.mx\/portal\/wp-content\/uploads\/2021\/07\/Captura-de-Pantalla-2021-07-11-a-las-10.33.30-1024x569.jpg\" alt=\"\" class=\"wp-image-10174\" srcset=\"https:\/\/losperiodistas.com.mx\/portal\/wp-content\/uploads\/2021\/07\/Captura-de-Pantalla-2021-07-11-a-las-10.33.30-1024x569.jpg 1024w, https:\/\/losperiodistas.com.mx\/portal\/wp-content\/uploads\/2021\/07\/Captura-de-Pantalla-2021-07-11-a-las-10.33.30-300x167.jpg 300w, https:\/\/losperiodistas.com.mx\/portal\/wp-content\/uploads\/2021\/07\/Captura-de-Pantalla-2021-07-11-a-las-10.33.30-768x426.jpg 768w, https:\/\/losperiodistas.com.mx\/portal\/wp-content\/uploads\/2021\/07\/Captura-de-Pantalla-2021-07-11-a-las-10.33.30.jpg 1520w\" sizes=\"(max-width: 1024px) 100vw, 1024px\" \/><figcaption>Papa Francisco en el rezo del \u00c1ngelus. Foto: Vatican Media<\/figcaption><\/figure>\n\n\n\n<p><\/p>\n\n\n\n<p class=\"has-vivid-cyan-blue-color has-text-color has-medium-font-size\">MERCEDES DE LA TORRE \/ ACI PRENSA<\/p>\n\n\n\n<p>El Papa Francisco destac\u00f3 que este 11 de julio la Iglesia Cat\u00f3lica Universal recuerda la memoria lit\u00fargica de San Benito, abad y patrono de Europa.<\/p>\n\n\n\n<p>El Santo Padre record\u00f3 a San Benito este domingo mientras que&nbsp;<a href=\"https:\/\/www.aciprensa.com\/noticias\/el-papa-francisco-reza-el-angelus-desde-el-hospital-gemelli-94896\">contin\u00faa hospitalizado en el policl\u00ednico Gemelli&nbsp;<\/a>tras la cirug\u00eda intestinal a la que fue sometido el pasado 4 de julio.<\/p>\n\n\n\n<p>\u201cHoy celebramos la fiesta de San Benito, abad y patr\u00f3n de Europa. \u00a1Un abrazo a nuestro protector! Felicitamos a los benedictinos y a las benedictinas de todo el mundo\u201d, dijo el Papa.<\/p>\n\n\n\n<p>Adem\u00e1s, el Santo Padre envi\u00f3 \u201clos mejores deseos para Europa\u201d para que \u201cest\u00e9 unida en sus valores fundacionales\u201d.<\/p>\n\n\n\n<h2 class=\"wp-block-heading\"><strong><em>Breves datos biogr\u00e1ficos<\/em><\/strong><\/h2>\n\n\n\n<p>San Benito naci\u00f3 en Nursia, Italia, en el a\u00f1o 480. Despu\u00e9s de estudiar ret\u00f3rica y filosof\u00eda en Roma se retir\u00f3 a la ciudad a Enfide (actual Affile) para dedicarse con mayor profundidad al estudio y la disciplina asc\u00e9tica.<\/p>\n\n\n\n<p>A los 20 a\u00f1os se fue al monte Subiaco para vivir en soledad en una cueva, con la gu\u00eda espiritual de un ermita\u00f1o. A\u00f1os despu\u00e9s, se uni\u00f3 a los monjes de Vicovaro, quienes en virtud de su esp\u00edritu disciplinado lo eligieron Prior.<\/p>\n\n\n\n<p>Sin embargo, algunos de sus hermanos conspiraron para matarlo, lo que se concret\u00f3 en un intento de envenenamiento. Cuenta la tradici\u00f3n que San Benito, al hacer la se\u00f1al de la cruz sobre el vaso que le hab\u00edan dado para beber, lo golpe\u00f3 y se precipit\u00f3 al suelo, haci\u00e9ndose pedazos.<\/p>\n\n\n\n<p>Despu\u00e9s de aquel triste episodio, San Benito se dedic\u00f3 a la fundaci\u00f3n y organizaci\u00f3n de otros monasterios con un grupo de j\u00f3venes animados con su ense\u00f1anza e hizo de los monasterios aut\u00e9nticos centros de formaci\u00f3n humana, espiritual, y de preservaci\u00f3n de la cultura. Uno de ellos fue en Monte Cassino.<\/p>\n\n\n\n<p>San Benito destac\u00f3 que la vida mon\u00e1stica requiere orden y armon\u00eda, como lo escribi\u00f3 en su famosa Regla, la que ha sido inspiraci\u00f3n para numerosos reglamentos de comunidades religiosas por siglos.<\/p>\n\n\n\n<p>\u201cOra et labora\u201d (reza y trabaja) es uno de los importantes legados que ha sido determinante para la formaci\u00f3n del monacato y hoy sigue inspirando a hombres y mujeres en la tarea de hacer de la vida oraci\u00f3n y acci\u00f3n, una entrega generosa al Se\u00f1or a tiempo completo.<\/p>\n\n\n\n<p>Su d\u00eda a d\u00eda empezaba de madrugada, levant\u00e1ndose para rezar los salmos y meditar la Escritura por varias horas. Era practicante constante del ayuno y solo despu\u00e9s de haber cumplido con sus deberes en el monasterio, sal\u00eda a predicar. Ten\u00eda, adem\u00e1s, la convicci\u00f3n de que los monjes deb\u00edan trabajar u ocupar su tiempo en alg\u00fan tipo de labor f\u00edsica. El trabajo era para \u00e9l un honroso camino que llevaba a la santidad.<\/p>\n\n\n\n<p>Adem\u00e1s, San Benito ten\u00eda el don para consolar a los tristes, y se le reconocen milagros en vida.<\/p>\n\n\n\n<p>San Benito de Nursia muri\u00f3 el 21 de marzo de 547 en la capilla de su monasterio, con las manos levantadas al cielo, mientras oraba. A finales del Siglo VIII, en numerosos lugares de Europa, se empez\u00f3 a celebrar su Fiesta el d\u00eda 11 de julio.<\/p>\n\n\n\n<p>Fuente: https:\/\/www.aciprensa.com\/noticias\/el-papa-recuerda-a-san-benito-y-felicita-a-benedictinos-y-benedictinas-de-todo-el-mundo-26880<\/p>\n","protected":false},"excerpt":{"rendered":"<p>MERCEDES DE LA TORRE \/ ACI PRENSA El Papa Francisco destac\u00f3 que este 11 de julio la Iglesia Cat\u00f3lica Universal [&hellip;]<\/p>\n","protected":false},"author":1,"featured_media":10174,"comment_status":"open","ping_status":"open","sticky":false,"template":"","format":"standard","meta":{"site-sidebar-layout":"default","site-content-layout":"","ast-site-content-layout":"default","site-content-style":"default","site-sidebar-style":"default","ast-global-header-display":"","ast-banner-title-visibility":"","ast-main-header-display":"","ast-hfb-above-header-display":"","ast-hfb-below-header-display":"","ast-hfb-mobile-header-display":"","site-post-title":"","ast-breadcrumbs-content":"","ast-featured-img":"","footer-sml-layout":"","theme-transparent-header-meta":"","adv-header-id-meta":"","stick-header-meta":"","header-above-stick-meta":"","header-main-stick-meta":"","header-below-stick-meta":"","astra-migrate-meta-layouts":"default","ast-page-background-enabled":"default","ast-page-background-meta":{"desktop":{"background-color":"var(--ast-global-color-4)","background-image":"","background-repeat":"repeat","background-position":"center center","background-size":"auto","background-attachment":"scroll","background-type":"","background-media":"","overlay-type":"","overlay-color":"","overlay-opacity":"","overlay-gradient":""},"tablet":{"background-color":"","background-image":"","background-repeat":"repeat","background-position":"center center","background-size":"auto","background-attachment":"scroll","background-type":"","background-media":"","overlay-type":"","overlay-color":"","overlay-opacity":"","overlay-gradient":""},"mobile":{"background-color":"","background-image":"","background-repeat":"repeat","background-position":"center center","background-size":"auto","background-attachment":"scroll","background-type":"","background-media":"","overlay-type":"","overlay-color":"","overlay-opacity":"","overlay-gradient":""}},"ast-content-background-meta":{"desktop":{"background-color":"var(--ast-global-color-5)","background-image":"","background-repeat":"repeat","background-position":"center center","background-size":"auto","background-attachment":"scroll","background-type":"","background-media":"","overlay-type":"","overlay-color":"","overlay-opacity":"","overlay-gradient":""},"tablet":{"background-color":"var(--ast-global-color-5)","background-image":"","background-repeat":"repeat","background-position":"center center","background-size":"auto","background-attachment":"scroll","background-type":"","background-media":"","overlay-type":"","overlay-color":"","overlay-opacity":"","overlay-gradient":""},"mobile":{"background-color":"var(--ast-global-color-5)","background-image":"","background-repeat":"repeat","background-position":"center center","background-size":"auto","background-attachment":"scroll","background-type":"","background-media":"","overlay-type":"","overlay-color":"","overlay-opacity":"","overlay-gradient":""}},"footnotes":""},"categories":[8],"tags":[2611,196,2612],"class_list":["post-10173","post","type-post","status-publish","format-standard","has-post-thumbnail","hentry","category-noticias","tag-benedictinos","tag-papa-francisco","tag-san-benito"],"_links":{"self":[{"href":"https:\/\/losperiodistas.com.mx\/portal\/wp-json\/wp\/v2\/posts\/10173","targetHints":{"allow":["GET"]}}],"collection":[{"href":"https:\/\/losperiodistas.com.mx\/portal\/wp-json\/wp\/v2\/posts"}],"about":[{"href":"https:\/\/losperiodistas.com.mx\/portal\/wp-json\/wp\/v2\/types\/post"}],"author":[{"embeddable":true,"href":"https:\/\/losperiodistas.com.mx\/portal\/wp-json\/wp\/v2\/users\/1"}],"replies":[{"embeddable":true,"href":"https:\/\/losperiodistas.com.mx\/portal\/wp-json\/wp\/v2\/comments?post=10173"}],"version-history":[{"count":1,"href":"https:\/\/losperiodistas.com.mx\/portal\/wp-json\/wp\/v2\/posts\/10173\/revisions"}],"predecessor-version":[{"id":10175,"href":"https:\/\/losperiodistas.com.mx\/portal\/wp-json\/wp\/v2\/posts\/10173\/revisions\/10175"}],"wp:featuredmedia":[{"embeddable":true,"href":"https:\/\/losperiodistas.com.mx\/portal\/wp-json\/wp\/v2\/media\/10174"}],"wp:attachment":[{"href":"https:\/\/losperiodistas.com.mx\/portal\/wp-json\/wp\/v2\/media?parent=10173"}],"wp:term":[{"taxonomy":"category","embeddable":true,"href":"https:\/\/losperiodistas.com.mx\/portal\/wp-json\/wp\/v2\/categories?post=10173"},{"taxonomy":"post_tag","embeddable":true,"href":"https:\/\/losperiodistas.com.mx\/portal\/wp-json\/wp\/v2\/tags?post=10173"}],"curies":[{"name":"wp","href":"https:\/\/api.w.org\/{rel}","templated":true}]}}