{"id":101709,"date":"2025-06-25T02:23:44","date_gmt":"2025-06-25T08:23:44","guid":{"rendered":"https:\/\/losperiodistas.com.mx\/portal\/?p=101709"},"modified":"2025-06-25T02:23:45","modified_gmt":"2025-06-25T08:23:45","slug":"jeff-bezos-y-lauren-sanchez-donaran-fondos-para-la-conservacion-de-venecia-por-cada-invitado-a-su-boda-efe","status":"publish","type":"post","link":"https:\/\/losperiodistas.com.mx\/portal\/jeff-bezos-y-lauren-sanchez-donaran-fondos-para-la-conservacion-de-venecia-por-cada-invitado-a-su-boda-efe\/","title":{"rendered":"Jeff Bezos y Lauren S\u00e1nchez donar\u00e1n fondos para la conservaci\u00f3n de Venecia por cada invitado a su boda | EFE"},"content":{"rendered":"\n<figure class=\"wp-block-image size-full\"><img fetchpriority=\"high\" decoding=\"async\" width=\"900\" height=\"600\" src=\"https:\/\/losperiodistas.com.mx\/portal\/wp-content\/uploads\/2025\/06\/Jeff_Bezos.jpeg\" alt=\"\" class=\"wp-image-101710\" srcset=\"https:\/\/losperiodistas.com.mx\/portal\/wp-content\/uploads\/2025\/06\/Jeff_Bezos.jpeg 900w, https:\/\/losperiodistas.com.mx\/portal\/wp-content\/uploads\/2025\/06\/Jeff_Bezos-300x200.jpeg 300w, https:\/\/losperiodistas.com.mx\/portal\/wp-content\/uploads\/2025\/06\/Jeff_Bezos-768x512.jpeg 768w\" sizes=\"(max-width: 900px) 100vw, 900px\" \/><figcaption class=\"wp-element-caption\">Fotograf\u00eda de archivo de la expresentadora de televisi\u00f3n Lauren S\u00e1nchez (i) y el magnate Jeff Bezos (d). EFE\/EPA\/ Caroline Brehman<\/figcaption><\/figure>\n\n\n\n<p class=\"has-vivid-red-color has-text-color has-link-color has-medium-font-size wp-elements-23db7e95974579b190d8bc7ea9a6cef6\"><strong>Agencia EFE<\/strong><\/p>\n\n\n\n<p>Nueva York (EFE).- El magnate Jeff Bezos y la expresentadora estadounidense de televisi\u00f3n Lauren S\u00e1nchez donar\u00e1n fondos a organizaciones para la conservaci\u00f3n de Venecia por cada uno de los invitados a su boda, a quienes han pedido que no les hagan regalos, seg\u00fan el portal TMZ.<\/p>\n\n\n\n<p>Ese y otros medios de la far\u00e1ndula publicaron este martes las sencillas invitaciones de la llamada \u2018boda del siglo\u2019, que tendr\u00e1 lugar pronto en la ciudad italiana, y que est\u00e1n adornadas con dibujos de un puente bajo el que pasan g\u00f3ndolas, plumas, estrellas, mariposas, p\u00e1jaros y una lib\u00e9lula.<\/p>\n\n\n\n<p>\u00ab\u00a1Nos emociona que te unas a nosotros! Solo tenemos una petici\u00f3n: por favor, regalos no. En lugar de eso, haremos contribuciones en tu honor y con gratitud hacia ti por hacer el viaje para celebrar con nosotros en Venecia\u00bb, dice parte del texto de la invitaci\u00f3n.<\/p>\n\n\n\n<figure class=\"wp-block-image\"><img decoding=\"async\" src=\"https:\/\/i0.wp.com\/efe.com\/wp-content\/uploads\/2025\/06\/Venecia_Jeff_Bezos.webp?resize=900%2C600&amp;ssl=1\" alt=\"Jeff Bezos y Lauren S\u00e1nchez donar\u00e1n fondos para la conservaci\u00f3n de Venecia por cada invitado a su boda\" class=\"wp-image-1971952\"\/><figcaption class=\"wp-element-caption\">Fotograf\u00eda del yate Arience en San Marcos, Venecia, cuyo propietario es Bill Miller, uno de los primeros inversores de Amazon y posiblemente uno de los invitados a la boda. EFE\/EPA\/ Andrea Merola<\/figcaption><\/figure>\n\n\n\n<p>El inminente enlace de Bezos y S\u00e1nchez est\u00e1 previsto entre el 26 y el 28 de junio en Venecia, aunque a\u00fan no se han confirmado p\u00fablicamente fechas ni ubicaciones y se espera una<a href=\"https:\/\/efe.com\/mundo\/2025-03-27\/jeff-bezos-lauren-sanchez-boda-invitados\/\">&nbsp;larga lista de invitados famosos&nbsp;<\/a>y eventos privados que han sido rechazados con protestas locales.<\/p>\n\n\n\n<h2 class=\"wp-block-heading\" id=\"h-las-donaciones-de-la-boda-de-jeff-bezos\">Las donaciones de la boda de Jeff Bezos<\/h2>\n\n\n\n<p>La pareja indica en su mensaje que har\u00e1 donaciones a la oficina de la UNESCO en Venecia; a CORILA, el consorcio de investigaci\u00f3n del sistema de lagunas de la ciudad, y a la Universidad Internacional de Venecia.<\/p>\n\n\n\n<p>\u00abEste lugar m\u00e1gico nos ha regalado recuerdos inolvidables. Nuestra esperanza es que a trav\u00e9s de estos esfuerzos y de que t\u00fa te unas a nosotros, Venecia siga inspirando asombro en las pr\u00f3ximas generaciones\u00bb, cierra el mensaje.<\/p>\n\n\n\n<figure class=\"wp-block-embed is-type-wp-embed is-provider-efe-noticias wp-block-embed-efe-noticias\"><div class=\"wp-block-embed__wrapper\">\n<blockquote class=\"wp-embedded-content\" data-secret=\"Ew3GloScIE\"><a href=\"https:\/\/efe.com\/medio-ambiente\/2025-06-23\/pancarta-contra-bezos-boda\/\">Colocan una pancarta gigante contra Jeff Bezos en Venecia a pocos d\u00edas de su boda<\/a><\/blockquote><iframe class=\"wp-embedded-content\" sandbox=\"allow-scripts\" security=\"restricted\" style=\"position: absolute; visibility: hidden;\" title=\"\u00abColocan una pancarta gigante contra Jeff Bezos en Venecia a pocos d\u00edas de su boda\u00bb \u2014 EFE Noticias\" src=\"https:\/\/efe.com\/medio-ambiente\/2025-06-23\/pancarta-contra-bezos-boda\/embed\/#?secret=P99uOeFpK6#?secret=Ew3GloScIE\" data-secret=\"Ew3GloScIE\" width=\"500\" height=\"282\" frameborder=\"0\" marginwidth=\"0\" marginheight=\"0\" scrolling=\"no\"><\/iframe>\n<\/div><\/figure>\n\n\n\n<p>La boda del magnate y la expresentadora est\u00e1 rodeada de secretismo, pero se cree que habr\u00e1 unos 250 invitados ricos y famosos, entre ellos Kim Kardashian, Orlando Bloom, Ivanka Trump u Oprah Winfrey.<\/p>\n\n\n\n<p>Fuente: <a href=\"https:\/\/efe.com\/mundo\/2025-06-25\/jeff-bezos-lauren-sanchez-boda-fondos-venecia\/\">https:\/\/efe.com\/mundo\/2025-06-25\/jeff-bezos-lauren-sanchez-boda-fondos-venecia\/<\/a><\/p>\n","protected":false},"excerpt":{"rendered":"<p>Agencia EFE Nueva York (EFE).- El magnate Jeff Bezos y la expresentadora estadounidense de televisi\u00f3n Lauren S\u00e1nchez donar\u00e1n fondos a [&hellip;]<\/p>\n","protected":false},"author":1,"featured_media":101710,"comment_status":"open","ping_status":"open","sticky":false,"template":"","format":"standard","meta":{"site-sidebar-layout":"default","site-content-layout":"","ast-site-content-layout":"default","site-content-style":"default","site-sidebar-style":"default","ast-global-header-display":"","ast-banner-title-visibility":"","ast-main-header-display":"","ast-hfb-above-header-display":"","ast-hfb-below-header-display":"","ast-hfb-mobile-header-display":"","site-post-title":"","ast-breadcrumbs-content":"","ast-featured-img":"","footer-sml-layout":"","theme-transparent-header-meta":"","adv-header-id-meta":"","stick-header-meta":"","header-above-stick-meta":"","header-main-stick-meta":"","header-below-stick-meta":"","astra-migrate-meta-layouts":"default","ast-page-background-enabled":"default","ast-page-background-meta":{"desktop":{"background-color":"var(--ast-global-color-4)","background-image":"","background-repeat":"repeat","background-position":"center center","background-size":"auto","background-attachment":"scroll","background-type":"","background-media":"","overlay-type":"","overlay-color":"","overlay-opacity":"","overlay-gradient":""},"tablet":{"background-color":"","background-image":"","background-repeat":"repeat","background-position":"center center","background-size":"auto","background-attachment":"scroll","background-type":"","background-media":"","overlay-type":"","overlay-color":"","overlay-opacity":"","overlay-gradient":""},"mobile":{"background-color":"","background-image":"","background-repeat":"repeat","background-position":"center center","background-size":"auto","background-attachment":"scroll","background-type":"","background-media":"","overlay-type":"","overlay-color":"","overlay-opacity":"","overlay-gradient":""}},"ast-content-background-meta":{"desktop":{"background-color":"var(--ast-global-color-5)","background-image":"","background-repeat":"repeat","background-position":"center center","background-size":"auto","background-attachment":"scroll","background-type":"","background-media":"","overlay-type":"","overlay-color":"","overlay-opacity":"","overlay-gradient":""},"tablet":{"background-color":"var(--ast-global-color-5)","background-image":"","background-repeat":"repeat","background-position":"center center","background-size":"auto","background-attachment":"scroll","background-type":"","background-media":"","overlay-type":"","overlay-color":"","overlay-opacity":"","overlay-gradient":""},"mobile":{"background-color":"var(--ast-global-color-5)","background-image":"","background-repeat":"repeat","background-position":"center center","background-size":"auto","background-attachment":"scroll","background-type":"","background-media":"","overlay-type":"","overlay-color":"","overlay-opacity":"","overlay-gradient":""}},"footnotes":""},"categories":[8],"tags":[39525,39523,39522,39524,15462],"class_list":["post-101709","post","type-post","status-publish","format-standard","has-post-thumbnail","hentry","category-noticias","tag-corila","tag-donaciones-a-venecia","tag-jeff-bezos-boda","tag-unesco-venecia","tag-venecia"],"_links":{"self":[{"href":"https:\/\/losperiodistas.com.mx\/portal\/wp-json\/wp\/v2\/posts\/101709","targetHints":{"allow":["GET"]}}],"collection":[{"href":"https:\/\/losperiodistas.com.mx\/portal\/wp-json\/wp\/v2\/posts"}],"about":[{"href":"https:\/\/losperiodistas.com.mx\/portal\/wp-json\/wp\/v2\/types\/post"}],"author":[{"embeddable":true,"href":"https:\/\/losperiodistas.com.mx\/portal\/wp-json\/wp\/v2\/users\/1"}],"replies":[{"embeddable":true,"href":"https:\/\/losperiodistas.com.mx\/portal\/wp-json\/wp\/v2\/comments?post=101709"}],"version-history":[{"count":1,"href":"https:\/\/losperiodistas.com.mx\/portal\/wp-json\/wp\/v2\/posts\/101709\/revisions"}],"predecessor-version":[{"id":101711,"href":"https:\/\/losperiodistas.com.mx\/portal\/wp-json\/wp\/v2\/posts\/101709\/revisions\/101711"}],"wp:featuredmedia":[{"embeddable":true,"href":"https:\/\/losperiodistas.com.mx\/portal\/wp-json\/wp\/v2\/media\/101710"}],"wp:attachment":[{"href":"https:\/\/losperiodistas.com.mx\/portal\/wp-json\/wp\/v2\/media?parent=101709"}],"wp:term":[{"taxonomy":"category","embeddable":true,"href":"https:\/\/losperiodistas.com.mx\/portal\/wp-json\/wp\/v2\/categories?post=101709"},{"taxonomy":"post_tag","embeddable":true,"href":"https:\/\/losperiodistas.com.mx\/portal\/wp-json\/wp\/v2\/tags?post=101709"}],"curies":[{"name":"wp","href":"https:\/\/api.w.org\/{rel}","templated":true}]}}