{"id":101705,"date":"2025-06-25T02:12:10","date_gmt":"2025-06-25T08:12:10","guid":{"rendered":"https:\/\/losperiodistas.com.mx\/portal\/?p=101705"},"modified":"2025-06-25T02:12:11","modified_gmt":"2025-06-25T08:12:11","slug":"eeuu-no-logro-destruir-instalaciones-nucleares-clave-de-iran-segun-una-evaluacion-preliminar-de-inteligencia-ser","status":"publish","type":"post","link":"https:\/\/losperiodistas.com.mx\/portal\/eeuu-no-logro-destruir-instalaciones-nucleares-clave-de-iran-segun-una-evaluacion-preliminar-de-inteligencia-ser\/","title":{"rendered":"EEUU no logr\u00f3 destruir instalaciones nucleares clave de Ir\u00e1n, seg\u00fan una evaluaci\u00f3n preliminar de Inteligencia | SER"},"content":{"rendered":"\n<h2 class=\"wp-block-heading\">Trump acusa a la CNN y &#8216;The New York Times&#8217; de intentar desvirtuar el \u00ab\u00e9xito\u00bb del bombardeo a Ir\u00e1n por publicar una informaci\u00f3n que contradice sus palabras<\/h2>\n\n\n\n<figure class=\"wp-block-image size-large\"><img fetchpriority=\"high\" decoding=\"async\" width=\"1024\" height=\"666\" src=\"https:\/\/losperiodistas.com.mx\/portal\/wp-content\/uploads\/2025\/06\/CMCQYCS2KLYJAKMJDPCP2TKFWU-copia-1024x666.jpg\" alt=\"\" class=\"wp-image-101707\" srcset=\"https:\/\/losperiodistas.com.mx\/portal\/wp-content\/uploads\/2025\/06\/CMCQYCS2KLYJAKMJDPCP2TKFWU-copia-1024x666.jpg 1024w, https:\/\/losperiodistas.com.mx\/portal\/wp-content\/uploads\/2025\/06\/CMCQYCS2KLYJAKMJDPCP2TKFWU-copia-300x195.jpg 300w, https:\/\/losperiodistas.com.mx\/portal\/wp-content\/uploads\/2025\/06\/CMCQYCS2KLYJAKMJDPCP2TKFWU-copia-768x500.jpg 768w, https:\/\/losperiodistas.com.mx\/portal\/wp-content\/uploads\/2025\/06\/CMCQYCS2KLYJAKMJDPCP2TKFWU-copia-1536x1000.jpg 1536w, https:\/\/losperiodistas.com.mx\/portal\/wp-content\/uploads\/2025\/06\/CMCQYCS2KLYJAKMJDPCP2TKFWU-copia-2048x1333.jpg 2048w\" sizes=\"(max-width: 1024px) 100vw, 1024px\" \/><figcaption class=\"wp-element-caption\">Vista por sat\u00e9lite de los da\u00f1os causados por los bombardeos estadounidenses sobre una de las instalaciones nucleares de Ir\u00e1n.&nbsp;\/&nbsp;MAXAR TECHNOLOGIES HANDOUT&nbsp;(EFE)<\/figcaption><\/figure>\n\n\n\n<p><a href=\"https:\/\/cadenaser.com\/autor\/cadena_ser\/a\/\">Redacci\u00f3n<\/a> \/ <a href=\"https:\/\/cadenaser.com\/autor\/agencias\/a\/\">Agencias \/ Cadena SER<\/a><\/p>\n\n\n\n<p>Madrid<\/p>\n\n\n\n<p>Una evaluaci\u00f3n preliminar de inteligencia estadounidense sugiere que los recientes ataques militares contra instalaciones nucleares iran\u00edes no lograron destruir los componentes centrales del programa at\u00f3mico de Teher\u00e1n, seg\u00fan ha revelado la cadena de televisi\u00f3n CNN citando a tres fuentes conocedoras del informe.<\/p>\n\n\n\n<p class=\"has-ast-global-color-4-background-color has-background\">M\u00e1s informaci\u00f3n<\/p>\n\n\n\n<ul class=\"wp-block-list\">\n<li><a href=\"https:\/\/cadenaser.com\/nacional\/2025\/06\/24\/entra-en-vigor-el-incierto-alto-el-fuego-entre-israel-e-iran-anunciado-por-trump-cadena-ser\/\">Trump asegura que tanto Ir\u00e1n como Israel han violado el alto el fuego que \u00e9l mismo anunci\u00f3<\/a><\/li>\n\n\n\n<li><a href=\"https:\/\/cadenaser.com\/nacional\/2025\/06\/24\/netanyahu-proclama-una-victoria-historica-frente-a-iran-y-promete-que-nunca-tendra-un-arma-nuclear-cadena-ser\/\">Netanyahu proclama una \u00abvictoria hist\u00f3rica\u00bb frente a Ir\u00e1n y promete que \u00abnunca tendr\u00e1 un arma nuclear\u00bb<\/a><\/li>\n\n\n\n<li><a href=\"https:\/\/cadenaser.com\/nacional\/2025\/06\/24\/iran-da-por-terminada-la-guerra-con-israel-cadena-ser\/\">El presidente iran\u00ed afirma que la guerra de 12 d\u00edas con Israel \u00abha terminado\u00bb<\/a><\/li>\n<\/ul>\n\n\n\n<p>Los bombardeos, llevados a cabo el pasado s\u00e1bado tras varios d\u00edas de deliberaciones, se dirigieron contra tres instalaciones nucleares principales, entre ellas la planta de enriquecimiento de combustible de Ford\u00f3 y el complejo de Natanz.<\/p>\n\n\n\n<p>Aunque se lanzaron m\u00e1s de una docena de bombas sobre dos de estos emplazamientos, las centrifugadoras y el uranio altamente enriquecido no fueron completamente eliminados, de acuerdo con la informaci\u00f3n difundida por CNN.<\/p>\n\n\n\n<p>El presidente Donald Trump declar\u00f3 que las instalaciones nucleares hab\u00edan sido \u201ccompletamente destruidas\u201d, una afirmaci\u00f3n que ha reiterado desde entonces. Sin embargo, la evaluaci\u00f3n elaborada por la Agencia de Inteligencia de Defensa, basada en un an\u00e1lisis de da\u00f1os en combate realizado por el Comando Central de EEUU, contradice esa versi\u00f3n.<\/p>\n\n\n\n<p>Seg\u00fan dos de las fuentes citadas por CNN, las reservas de uranio enriquecido de Ir\u00e1n permanecen intactas, lo que sugiere que el impacto de los ataques podr\u00eda haber sido limitado a un retraso temporal del programa nuclear iran\u00ed.<\/p>\n\n\n\n<p>El informe tambi\u00e9n calcula que el programa iran\u00ed ha sufrido un retraso de menos de seis meses, seg\u00fan ha publicado&nbsp;<em>The New York Times<\/em>&nbsp;en otro art\u00edculo.Play\/Pause<\/p>\n\n\n\n<h3 class=\"wp-block-heading\">\u00abFake News\u00bb<\/h3>\n\n\n\n<p>El presidente estadounidense, Donald Trump, ha acusado a la cadena CNN y al diario&nbsp;<em>The New York Times<\/em>&nbsp;de intentar desvirtuar el \u00ab\u00e9xito\u00bb de los bombardeos sobre las instalaciones nucleares iran\u00edes con la filtraci\u00f3n de un informe de inteligencia que dice que el programa nuclear de ese pa\u00eds solo se vio retrasado unos meses.<\/p>\n\n\n\n<p>\u00abNoticias falsas CNN, junto con el fracasado&nbsp;<em>The New York Times<\/em>, se han unido para intentar degradar uno de los ataques militares m\u00e1s exitosos de la historia. \u00a1Las instalaciones nucleares de Ir\u00e1n est\u00e1n completamente destruidas\u00bb, public\u00f3 Trump en un mensaje todo en may\u00fasculas y publicado en su red, Truth Social.<\/p>\n\n\n\n<figure class=\"wp-block-image size-large\"><img decoding=\"async\" width=\"1024\" height=\"593\" src=\"https:\/\/losperiodistas.com.mx\/portal\/wp-content\/uploads\/2025\/06\/Captura-de-pantalla-2025-06-25-a-las-2.05.05\u202fa.m-1024x593.png\" alt=\"\" class=\"wp-image-101706\" srcset=\"https:\/\/losperiodistas.com.mx\/portal\/wp-content\/uploads\/2025\/06\/Captura-de-pantalla-2025-06-25-a-las-2.05.05\u202fa.m-1024x593.png 1024w, https:\/\/losperiodistas.com.mx\/portal\/wp-content\/uploads\/2025\/06\/Captura-de-pantalla-2025-06-25-a-las-2.05.05\u202fa.m-300x174.png 300w, https:\/\/losperiodistas.com.mx\/portal\/wp-content\/uploads\/2025\/06\/Captura-de-pantalla-2025-06-25-a-las-2.05.05\u202fa.m-768x445.png 768w, https:\/\/losperiodistas.com.mx\/portal\/wp-content\/uploads\/2025\/06\/Captura-de-pantalla-2025-06-25-a-las-2.05.05\u202fa.m.png 1212w\" sizes=\"(max-width: 1024px) 100vw, 1024px\" \/><\/figure>\n\n\n\n<p><a href=\"https:\/\/truthsocial.com\/@realDonaldTrump\/114741478150368433\">https:\/\/truthsocial.com\/@realDonaldTrump\/114741478150368433<\/a><\/p>\n\n\n\n<p>Seg\u00fan el l\u00edder republicano, que se encuentra en La Haya para participar en la cumbre de la OTAN, tanto la cadena como el rotativo est\u00e1n siendo \u00abvapuleados\u00bb por el p\u00fablico.<\/p>\n\n\n\n<p>El an\u00e1lisis preliminar de la inteligencia estadounidense del que se hicieron eco los dos medios apuntaba a que el programa nuclear iran\u00ed solo se ha visto retrasado unos meses tras la ofensiva del fin de semana contra las instalaciones de Isfah\u00e1n, Natanz y Ford\u00f3.<\/p>\n\n\n\n<p>El documento a\u00f1ade que los bombardeos estadounidenses solo destruyeron una peque\u00f1a parte del material nuclear porque la mayor\u00eda de las reservas iran\u00edes de uranio enriquecido se traslad\u00f3 antes de la ofensiva.<\/p>\n\n\n\n<p>El secretario de Defensa, Pete Hegseth, la portavoz de la Casa Blanca, Karoline Leavitt, y el enviado especial de EEUU para Oriente Medio, Steve Witkoff, se hab\u00edan pronunciado a lo largo del d\u00eda para negar ese an\u00e1lisis.<\/p>\n\n\n\n<p>\u00abQuien diga que las bombas no fueron devastadoras solo intenta socavar al presidente y el \u00e9xito de la misi\u00f3n\u00bb, dijo por ejemplo Hegseth, mientras que Witkoff calific\u00f3 de \u00abtraici\u00f3n\u00bb la filtraci\u00f3n y pidi\u00f3 que se investigue para que su autor rinda cuentas.<\/p>\n\n\n\n<p>Fuente: <a href=\"https:\/\/cadenaser.com\/nacional\/2025\/06\/25\/eeuu-no-logro-destruir-instalaciones-nucleares-clave-de-iran-segun-una-evaluacion-preliminar-de-inteligencia-cadena-ser\/\">https:\/\/cadenaser.com\/nacional\/2025\/06\/25\/eeuu-no-logro-destruir-instalaciones-nucleares-clave-de-iran-segun-una-evaluacion-preliminar-de-inteligencia-cadena-ser\/<\/a><\/p>\n\n\n\n<p><\/p>\n","protected":false},"excerpt":{"rendered":"<p>Trump acusa a la CNN y &#8216;The New York Times&#8217; de intentar desvirtuar el \u00ab\u00e9xito\u00bb del bombardeo a Ir\u00e1n por [&hellip;]<\/p>\n","protected":false},"author":1,"featured_media":101707,"comment_status":"open","ping_status":"open","sticky":false,"template":"","format":"standard","meta":{"site-sidebar-layout":"default","site-content-layout":"","ast-site-content-layout":"default","site-content-style":"default","site-sidebar-style":"default","ast-global-header-display":"","ast-banner-title-visibility":"","ast-main-header-display":"","ast-hfb-above-header-display":"","ast-hfb-below-header-display":"","ast-hfb-mobile-header-display":"","site-post-title":"","ast-breadcrumbs-content":"","ast-featured-img":"","footer-sml-layout":"","theme-transparent-header-meta":"","adv-header-id-meta":"","stick-header-meta":"","header-above-stick-meta":"","header-main-stick-meta":"","header-below-stick-meta":"","astra-migrate-meta-layouts":"default","ast-page-background-enabled":"default","ast-page-background-meta":{"desktop":{"background-color":"var(--ast-global-color-4)","background-image":"","background-repeat":"repeat","background-position":"center center","background-size":"auto","background-attachment":"scroll","background-type":"","background-media":"","overlay-type":"","overlay-color":"","overlay-opacity":"","overlay-gradient":""},"tablet":{"background-color":"","background-image":"","background-repeat":"repeat","background-position":"center center","background-size":"auto","background-attachment":"scroll","background-type":"","background-media":"","overlay-type":"","overlay-color":"","overlay-opacity":"","overlay-gradient":""},"mobile":{"background-color":"","background-image":"","background-repeat":"repeat","background-position":"center center","background-size":"auto","background-attachment":"scroll","background-type":"","background-media":"","overlay-type":"","overlay-color":"","overlay-opacity":"","overlay-gradient":""}},"ast-content-background-meta":{"desktop":{"background-color":"var(--ast-global-color-5)","background-image":"","background-repeat":"repeat","background-position":"center center","background-size":"auto","background-attachment":"scroll","background-type":"","background-media":"","overlay-type":"","overlay-color":"","overlay-opacity":"","overlay-gradient":""},"tablet":{"background-color":"var(--ast-global-color-5)","background-image":"","background-repeat":"repeat","background-position":"center center","background-size":"auto","background-attachment":"scroll","background-type":"","background-media":"","overlay-type":"","overlay-color":"","overlay-opacity":"","overlay-gradient":""},"mobile":{"background-color":"var(--ast-global-color-5)","background-image":"","background-repeat":"repeat","background-position":"center center","background-size":"auto","background-attachment":"scroll","background-type":"","background-media":"","overlay-type":"","overlay-color":"","overlay-opacity":"","overlay-gradient":""}},"footnotes":""},"categories":[8],"tags":[26496,39521,39520],"class_list":["post-101705","post","type-post","status-publish","format-standard","has-post-thumbnail","hentry","category-noticias","tag-cnn","tag-eeuu-fallo-en-iran","tag-instalaciones-nucleares-iran"],"_links":{"self":[{"href":"https:\/\/losperiodistas.com.mx\/portal\/wp-json\/wp\/v2\/posts\/101705","targetHints":{"allow":["GET"]}}],"collection":[{"href":"https:\/\/losperiodistas.com.mx\/portal\/wp-json\/wp\/v2\/posts"}],"about":[{"href":"https:\/\/losperiodistas.com.mx\/portal\/wp-json\/wp\/v2\/types\/post"}],"author":[{"embeddable":true,"href":"https:\/\/losperiodistas.com.mx\/portal\/wp-json\/wp\/v2\/users\/1"}],"replies":[{"embeddable":true,"href":"https:\/\/losperiodistas.com.mx\/portal\/wp-json\/wp\/v2\/comments?post=101705"}],"version-history":[{"count":1,"href":"https:\/\/losperiodistas.com.mx\/portal\/wp-json\/wp\/v2\/posts\/101705\/revisions"}],"predecessor-version":[{"id":101708,"href":"https:\/\/losperiodistas.com.mx\/portal\/wp-json\/wp\/v2\/posts\/101705\/revisions\/101708"}],"wp:featuredmedia":[{"embeddable":true,"href":"https:\/\/losperiodistas.com.mx\/portal\/wp-json\/wp\/v2\/media\/101707"}],"wp:attachment":[{"href":"https:\/\/losperiodistas.com.mx\/portal\/wp-json\/wp\/v2\/media?parent=101705"}],"wp:term":[{"taxonomy":"category","embeddable":true,"href":"https:\/\/losperiodistas.com.mx\/portal\/wp-json\/wp\/v2\/categories?post=101705"},{"taxonomy":"post_tag","embeddable":true,"href":"https:\/\/losperiodistas.com.mx\/portal\/wp-json\/wp\/v2\/tags?post=101705"}],"curies":[{"name":"wp","href":"https:\/\/api.w.org\/{rel}","templated":true}]}}