{"id":10150,"date":"2021-07-10T11:00:43","date_gmt":"2021-07-10T16:00:43","guid":{"rendered":"http:\/\/losperiodistas.com.mx\/portal\/?p=10150"},"modified":"2021-07-10T11:00:45","modified_gmt":"2021-07-10T16:00:45","slug":"frank-gehry-los-politicos-y-los-arquitectos-tienen-la-culpa-de-las-monstruosidades-que-se-levantan-en-muchas-ciudades-el-mundo","status":"publish","type":"post","link":"https:\/\/losperiodistas.com.mx\/portal\/frank-gehry-los-politicos-y-los-arquitectos-tienen-la-culpa-de-las-monstruosidades-que-se-levantan-en-muchas-ciudades-el-mundo\/","title":{"rendered":"Frank Gehry: \u00abLos pol\u00edticos y los arquitectos tienen la culpa de las monstruosidades que se levantan en muchas ciudades\u00bb | El Mundo"},"content":{"rendered":"\n<p style=\"font-size:18px\"><em>El arquitecto vivo m\u00e1s famoso del mundo acaba de inaugurar, a sus 92 a\u00f1os, una torre en Arl\u00e9s. \u00abMuchos edificios modernos est\u00e1n dise\u00f1ados para expresar: &#8216;Soy mejor que t\u00fa'\u00bb, denuncia<\/em><\/p>\n\n\n\n<p><\/p>\n\n\n\n<figure class=\"wp-block-image size-large\"><img fetchpriority=\"high\" decoding=\"async\" width=\"747\" height=\"1024\" src=\"https:\/\/losperiodistas.com.mx\/portal\/wp-content\/uploads\/2021\/07\/Sin-titulo-mundo-747x1024.jpg\" alt=\"\" class=\"wp-image-10151\" srcset=\"https:\/\/losperiodistas.com.mx\/portal\/wp-content\/uploads\/2021\/07\/Sin-titulo-mundo-747x1024.jpg 747w, https:\/\/losperiodistas.com.mx\/portal\/wp-content\/uploads\/2021\/07\/Sin-titulo-mundo-219x300.jpg 219w, https:\/\/losperiodistas.com.mx\/portal\/wp-content\/uploads\/2021\/07\/Sin-titulo-mundo-768x1052.jpg 768w, https:\/\/losperiodistas.com.mx\/portal\/wp-content\/uploads\/2021\/07\/Sin-titulo-mundo.jpg 1000w\" sizes=\"(max-width: 747px) 100vw, 747px\" \/><\/figure>\n\n\n\n<p><\/p>\n\n\n\n<p><\/p>\n\n\n\n<p class=\"has-vivid-cyan-blue-color has-text-color has-medium-font-size\">IRENE H. VELASCO \/ Arles, Francia \/ EL MUNDO<\/p>\n\n\n\n<p><strong>Frank Gehry&nbsp;<\/strong>(Toronto, 1929) visit\u00f3 un d\u00eda la localidad griega de Delfos. Y all\u00ed, ante los restos de los santuarios de Apolo y Atenea Pronaia erigidos en el siglo V antes de Cristo, no pudo evitar echarse a llorar: \u00abMe embarg\u00f3 una emoci\u00f3n enorme\u00bb.<\/p>\n\n\n\n<p>Eso&nbsp;es la arquitectura para \u00e9l: emoci\u00f3n, sentimiento.<\/p>\n\n\n\n<p>S<strong>e trata, sin ninguna duda, del arquitecto vivo m\u00e1s famoso del mundo.<\/strong>&nbsp;Las pruebas que demuestran que estamos ante una superestrella se acumulan por doquier: su nombre hace ya tiempo que se convirti\u00f3 en marca, es conocido y celebrado por el gran p\u00fablico, ha llegado a tener su propio personaje en la serie&nbsp;<em>Los Simpsons<\/em>, a celebrar su cumplea\u00f1os con&nbsp;<strong>Bono&nbsp;<\/strong>(el cantante de U2) y otras celebridades, a dise\u00f1ar un sombrero para Lady Gaga, a tener una pel\u00edcula-documental sobre s\u00ed mismo dirigida por el oscarizado director de cine&nbsp;<strong>Sydney Pollack,<\/strong>&nbsp;a tener como amigos a pesos pesados del mundo del arte como J<strong>asper Johns<\/strong>&nbsp;o&nbsp;<strong>Robert Rauschenberg<\/strong>&#8230;<\/p>\n\n\n\n<p>Pero, sobre todo, ah\u00ed est\u00e1n sus edificios. Inconfundibles, personal\u00edsimos, impactantes, \u00fanicos. Aut\u00e9nticas esculturas hechas arquitectura. Desde el&nbsp;<strong>Guggenheim de Bilbao<\/strong>&nbsp;al&nbsp;<strong>Walt Disney Concert Hall&nbsp;<\/strong>de Los \u00c1ngeles, pasando por otros muchos.&nbsp;<\/p>\n\n\n\n<p>Gehry siempre ha concebido -y defendido- la arquitectura como un arte. Su \u00faltima obra, realizada a sus espl\u00e9ndidos 92 a\u00f1os para el centro multidisciplinar de arte y cultura&nbsp;<strong>LUMA<\/strong>, es un buen compendio de todas sus creencias en ese sentido. Se trata de una enorme torre, de una especie de faro irregular recubierto con m\u00e1s de 11.000 paneles de acero inoxidable -un metal nunca utilizado por \u00e9l hasta la fecha- que capturan y reflejan la luz tan especial de la localidad francesa de Arl\u00e9s. La misma luz que cautiv\u00f3 a artistas como Vincent Van Gogh.&nbsp;<\/p>\n\n\n\n<p>Pero, al igual que ocurre con todos los edificios de Frank Gehry, tambi\u00e9n la torre LUMA -se estima que ha costado alrededor de 220 millones de euros y que ha tardado 13 a\u00f1os en hacerse realidad- tiene la capacidad de emocionar a quien la contempla, de provocar una explosi\u00f3n de sensaciones.<\/p>\n\n\n\n<p><strong>PREGUNTA: \u00bfLa arquitectura debe emocionar, debe desatar sentimientos en el que la contempla?<\/strong><\/p>\n\n\n\n<p><strong>RESPUESTA:<\/strong> S\u00ed. Porque, \u00bfqu\u00e9 es un edificio? Un edificio para m\u00ed es sentimiento, algo que expresa sentimientos y que provoca sentimientos en otras personas. Y por eso me emocion\u00e9 tanto en Delfos, porque percib\u00ed claramente que muchos siglos despu\u00e9s de que esos edificios hubieran sido levantados segu\u00edan transmitiendo sentimientos y emociones. Incluso con materiales tan fr\u00edos como puede ser el bronce, esos edificios llevaban comunicando y expresando emociones desde el a\u00f1o 476 antes de Cristo hasta hoy.<\/p>\n\n\n\n<p><strong>P: Hablando de sentimientos, \u00bfla arquitectura tiene la capacidad de hacer a la gente feliz?<\/strong><\/p>\n\n\n\n<p><strong>R:<\/strong> Creo que en parte s\u00ed. La arquitectura puede hacer que las personas se sientan parte de ella, que no se sientan extra\u00f1as a ella. Y tambi\u00e9n puede lograr lo contrario: la arquitectura fascista, por ponerle un ejemplo, hace que uno se sienta muy peque\u00f1o ante ella, que sienta que no es nada, mientras que los edificios son fuertes y poderosos. La arquitectura que a m\u00ed me interesa es aquella que expresa humanidad, acogida, aquella que da la bienvenida.<\/p>\n\n\n\n<p><strong>P: A lo largo de los siglos, y como muy bien ilustra el ejemplo que acaba de poner, la arquitectura ha estado al servicio del poder pol\u00edtico. \u00bfLa arquitectura hoy tiene un mensaje pol\u00edtico?<\/strong><\/p>\n\n\n\n<p><strong>R:<\/strong> Creo que hay muchos edificios modernos que, por los materiales que se han empleado en su construcci\u00f3n y por la forma en que han sido dise\u00f1ados, expresan: \u00abSoy mejor que t\u00fa\u00bb. Justo lo que yo intento es no hacer eso.<\/p>\n\n\n\n<p><strong>P: Su arquitectura, \u00bfcree que es bien entendida?<\/strong><\/p>\n\n\n\n<p><strong>R:<\/strong> Eso espero. Yo desde luego intento que se entienda.<\/p>\n\n\n\n<p><strong>P: \u00bfC\u00f3mo cree que se ver\u00e1n sus edificios dentro de 100, 200 a\u00f1os?<\/strong><\/p>\n\n\n\n<p><strong>R:<\/strong> No tengo la m\u00e1s m\u00ednima idea.<\/p>\n\n\n\n<figure class=\"wp-block-image size-large\"><img decoding=\"async\" width=\"1024\" height=\"797\" src=\"https:\/\/losperiodistas.com.mx\/portal\/wp-content\/uploads\/2021\/07\/Sin-tituloedificio-1024x797.jpg\" alt=\"\" class=\"wp-image-10152\" srcset=\"https:\/\/losperiodistas.com.mx\/portal\/wp-content\/uploads\/2021\/07\/Sin-tituloedificio-1024x797.jpg 1024w, https:\/\/losperiodistas.com.mx\/portal\/wp-content\/uploads\/2021\/07\/Sin-tituloedificio-300x233.jpg 300w, https:\/\/losperiodistas.com.mx\/portal\/wp-content\/uploads\/2021\/07\/Sin-tituloedificio-768x597.jpg 768w, https:\/\/losperiodistas.com.mx\/portal\/wp-content\/uploads\/2021\/07\/Sin-tituloedificio-1536x1195.jpg 1536w, https:\/\/losperiodistas.com.mx\/portal\/wp-content\/uploads\/2021\/07\/Sin-tituloedificio.jpg 1972w\" sizes=\"(max-width: 1024px) 100vw, 1024px\" \/><\/figure>\n\n\n\n<p><strong>PREGUNTA: La pandemia de coronavirus que estamos aun padeciendo, \u00bfcree que afectar\u00e1 de alguna manera al modo en el que se construye?<\/strong><\/p>\n\n\n\n<p><strong>RESPUESTA:<\/strong> Estoy seguro de que tendr\u00e1 alg\u00fan efecto. Lo que espero es que sirva para hacer prevalecer la dimensi\u00f3n humana de la arquitectura. Esperemos que as\u00ed sea.<\/p>\n\n\n\n<p><strong>P: \u00bfLa arquitectura tiene la capacidad de hacer extraordinarias las cosas ordinarias?<\/strong><\/p>\n\n\n\n<p><strong>R:<\/strong> S\u00ed, absolutamente. Yo trato de practicar la arquitectura como un arte. Hist\u00f3ricamente, grandes pintores como por ejemplo El Greco eran arquitectos, no hab\u00eda separaci\u00f3n entre unos y otros, y yo lo concibo de ese mismo modo. Siempre he cre\u00eddo que la arquitectura es un arte, y no voy a dejar de pensarlo. Tras la Segunda Guerra Mundial, el mundo se hizo t\u00e9cnico, fr\u00edo, modernista, dif\u00edcil&#8230; Y la arquitectura dej\u00f3 de ser concebida como arte y empez\u00f3 a verse como ingenier\u00eda, como algo comercial, sin relaci\u00f3n con las personas.<\/p>\n\n\n\n<p><strong>P: \u00bfUsted considera sus edificios obras de arte?<\/strong><\/p>\n\n\n\n<p><strong>R:<\/strong> No soy tan pretencioso. Hay algunas personas que puede que as\u00ed los consideren, pero desde luego no ser\u00e9 yo el que diga eso.<\/p>\n\n\n\n<p><strong>P: \u00bfNo teme que, al igual que ocurre con muchas obras de arte contempor\u00e1neo, su arquitectura resista mal el paso del tiempo y presente problemas de conservaci\u00f3n?<\/strong><\/p>\n\n\n\n<p><strong>R: <\/strong>La verdad es que eso es algo que no he sufrido.<\/p>\n\n\n\n<p><strong>P: Pero algunos de sus edificios ya presentan problemas de conservaci\u00f3n, \u00bfno?<\/strong><\/p>\n\n\n\n<p><strong>R:<\/strong> \u00bfAh, s\u00ed? Pues yo no he o\u00eddo nada de eso, nadie me ha hecho llegar ninguna queja por ese motivo.<\/p>\n\n\n\n<blockquote class=\"wp-block-quote is-layout-flow wp-block-quote-is-layout-flow\"><p><strong>La mayor\u00eda de las ciudades modernas, son fr\u00edas. Los nuevos edificios deben hablar de la historia de esa ciudad<\/strong><\/p><\/blockquote>\n\n\n\n<p><strong>PREGUNTA:\u00a0La luz, \u00bfla concibe como un material m\u00e1s a la hora de hacer sus edificios?\u00a0<\/strong><\/p>\n\n\n\n<p><strong>RESPUESTA:<\/strong> Por supuesto. Y la raz\u00f3n de ello es que la luz es una presencia, es algo que est\u00e1 ah\u00ed y que encima es gratis, pertenece a todo el mundo. Yo uso la luz, y la uso entre otros motivos porque es barata, porque no hay que comprarla. La luz est\u00e1 ah\u00ed y ayuda a los edificios, establece una relaci\u00f3n con ellos.<\/p>\n\n\n\n<p><strong>P: Acaba de inaugurar el LUMA, una torre recubierta de paneles de acero de 56 metros de altura, uno menos que el edificio hist\u00f3rico m\u00e1s alto de Arl\u00e9s. \u00bfQu\u00e9 papel juega la luz en esa torre?<\/strong><\/p>\n\n\n\n<p><strong>R: <\/strong>Si mira esa torre durante todo el d\u00eda se percatar\u00e1 de que es como una pintura, como un cuadro, que captura la luz de la regi\u00f3n. Cuando observas el color de la luz que hay aqu\u00ed en Arles, te das cuenta de que es el mismo que se observa en los cuadros que han sido pintados en esta ciudad por artistas como por ejemplo Van Gogh. Es una luz muy especial que pertenece a esta regi\u00f3n. Como artista, Van Gogh se apropi\u00f3 de esa luz y la pint\u00f3. Como artista, Frank Gehry tambi\u00e9n se ha apropiado de ella y ha construido con ella.<\/p>\n\n\n\n<p><strong>P: El otro d\u00eda, cuando pas\u00e9 frente a su torre, el cielo estaba repleto de nubes y efectivamente me pareci\u00f3 estar frente a un cuadro de Van Gogh.<\/strong><\/p>\n\n\n\n<p><strong>R:<\/strong> S\u00ed, lo s\u00e9.<\/p>\n\n\n\n<p><strong>P: Arl\u00e9s es una ciudad con un riqu\u00edsimo pasado que fue la capital del imperio romano en Francia. Tiene muchas ruinas de la \u00e9poca, incluido un magn\u00edfico anfiteatro. \u00bfTambi\u00e9n ha tenido eso en cuenta al dise\u00f1ar la torre de LUMA?<\/strong><\/p>\n\n\n\n<p><strong>R:<\/strong> S\u00ed. Sin duda he tenido en cuenta los anfiteatros romanos cuando he dise\u00f1ado la torre. Visit\u00e9 esta zona cuando viv\u00eda en Par\u00eds y estudiaba la arquitectura romana, y me emocion\u00e9 mucho.<\/p>\n\n\n\n<p><strong>P: \u00bfQu\u00e9 es para usted la mala arquitectura?<\/strong><\/p>\n\n\n\n<p><strong>R:<\/strong> La mayor\u00eda de las ciudades, de las ciudades modernas, son fr\u00edas. Yo creo que los nuevos edificios que se construyen en una ciudad deben hablar de la historia de esa ciudad, deben relacionarse con ella. Hay mucha gente que me dice que mis edificios han cambiado una ciudad, pero yo no pretendo cambiar con ellos una ciudad, lo que pretendo es que sean parte de ella, que se integren en ella. Cuando hice el Guggenheim de Bilbao pas\u00e9 por ejemplo mucho tiempo conociendo la cultura vasca, y todav\u00eda hoy mantengo una fuerte relaci\u00f3n con la gente con la que trabaj\u00e9 all\u00ed, nos comunicamos con frecuencia. La torre que hice en Nueva York la relacion\u00e9 con el edificio que ten\u00eda al lado, el edificio Woolworth, un edificio que tiene su propio lenguaje corporal. La escala de detalles de mi edificio la hice en armon\u00eda con la escala de detalles del edificio Woolworth, para crear de ese modo una relaci\u00f3n entre ambas construcciones. Considero que crear ese tipo de relaciones en una ciudad es importante, y por desgracia falta en la mayor\u00eda de edificios modernos.<\/p>\n\n\n\n<p><strong>P: \u00bfQui\u00e9n tiene la culpa de las monstruosidades que se levantan en muchas ciudades, los arquitectos o los pol\u00edticos?<\/strong><\/p>\n\n\n\n<p><strong>R:<\/strong> Todos tienen la culpa, los unos y los otros.<\/p>\n\n\n\n<p>Fuente: https:\/\/www.elmundo.es\/papel\/cultura\/2021\/07\/08\/60e72c1bfdddffe87e8b45dc.html<\/p>\n","protected":false},"excerpt":{"rendered":"<p>El arquitecto vivo m\u00e1s famoso del mundo acaba de inaugurar, a sus 92 a\u00f1os, una torre en Arl\u00e9s. \u00abMuchos edificios [&hellip;]<\/p>\n","protected":false},"author":1,"featured_media":10151,"comment_status":"open","ping_status":"open","sticky":false,"template":"","format":"standard","meta":{"site-sidebar-layout":"default","site-content-layout":"","ast-site-content-layout":"default","site-content-style":"default","site-sidebar-style":"default","ast-global-header-display":"","ast-banner-title-visibility":"","ast-main-header-display":"","ast-hfb-above-header-display":"","ast-hfb-below-header-display":"","ast-hfb-mobile-header-display":"","site-post-title":"","ast-breadcrumbs-content":"","ast-featured-img":"","footer-sml-layout":"","theme-transparent-header-meta":"","adv-header-id-meta":"","stick-header-meta":"","header-above-stick-meta":"","header-main-stick-meta":"","header-below-stick-meta":"","astra-migrate-meta-layouts":"default","ast-page-background-enabled":"default","ast-page-background-meta":{"desktop":{"background-color":"var(--ast-global-color-4)","background-image":"","background-repeat":"repeat","background-position":"center center","background-size":"auto","background-attachment":"scroll","background-type":"","background-media":"","overlay-type":"","overlay-color":"","overlay-opacity":"","overlay-gradient":""},"tablet":{"background-color":"","background-image":"","background-repeat":"repeat","background-position":"center center","background-size":"auto","background-attachment":"scroll","background-type":"","background-media":"","overlay-type":"","overlay-color":"","overlay-opacity":"","overlay-gradient":""},"mobile":{"background-color":"","background-image":"","background-repeat":"repeat","background-position":"center center","background-size":"auto","background-attachment":"scroll","background-type":"","background-media":"","overlay-type":"","overlay-color":"","overlay-opacity":"","overlay-gradient":""}},"ast-content-background-meta":{"desktop":{"background-color":"var(--ast-global-color-5)","background-image":"","background-repeat":"repeat","background-position":"center center","background-size":"auto","background-attachment":"scroll","background-type":"","background-media":"","overlay-type":"","overlay-color":"","overlay-opacity":"","overlay-gradient":""},"tablet":{"background-color":"var(--ast-global-color-5)","background-image":"","background-repeat":"repeat","background-position":"center center","background-size":"auto","background-attachment":"scroll","background-type":"","background-media":"","overlay-type":"","overlay-color":"","overlay-opacity":"","overlay-gradient":""},"mobile":{"background-color":"var(--ast-global-color-5)","background-image":"","background-repeat":"repeat","background-position":"center center","background-size":"auto","background-attachment":"scroll","background-type":"","background-media":"","overlay-type":"","overlay-color":"","overlay-opacity":"","overlay-gradient":""}},"footnotes":""},"categories":[8,1],"tags":[2603,2602],"class_list":["post-10150","post","type-post","status-publish","format-standard","has-post-thumbnail","hentry","category-noticias","category-sin-categoria","tag-arquitectura-moderna","tag-frank-gehry"],"_links":{"self":[{"href":"https:\/\/losperiodistas.com.mx\/portal\/wp-json\/wp\/v2\/posts\/10150","targetHints":{"allow":["GET"]}}],"collection":[{"href":"https:\/\/losperiodistas.com.mx\/portal\/wp-json\/wp\/v2\/posts"}],"about":[{"href":"https:\/\/losperiodistas.com.mx\/portal\/wp-json\/wp\/v2\/types\/post"}],"author":[{"embeddable":true,"href":"https:\/\/losperiodistas.com.mx\/portal\/wp-json\/wp\/v2\/users\/1"}],"replies":[{"embeddable":true,"href":"https:\/\/losperiodistas.com.mx\/portal\/wp-json\/wp\/v2\/comments?post=10150"}],"version-history":[{"count":1,"href":"https:\/\/losperiodistas.com.mx\/portal\/wp-json\/wp\/v2\/posts\/10150\/revisions"}],"predecessor-version":[{"id":10153,"href":"https:\/\/losperiodistas.com.mx\/portal\/wp-json\/wp\/v2\/posts\/10150\/revisions\/10153"}],"wp:featuredmedia":[{"embeddable":true,"href":"https:\/\/losperiodistas.com.mx\/portal\/wp-json\/wp\/v2\/media\/10151"}],"wp:attachment":[{"href":"https:\/\/losperiodistas.com.mx\/portal\/wp-json\/wp\/v2\/media?parent=10150"}],"wp:term":[{"taxonomy":"category","embeddable":true,"href":"https:\/\/losperiodistas.com.mx\/portal\/wp-json\/wp\/v2\/categories?post=10150"},{"taxonomy":"post_tag","embeddable":true,"href":"https:\/\/losperiodistas.com.mx\/portal\/wp-json\/wp\/v2\/tags?post=10150"}],"curies":[{"name":"wp","href":"https:\/\/api.w.org\/{rel}","templated":true}]}}