{"id":10144,"date":"2021-07-10T09:44:43","date_gmt":"2021-07-10T14:44:43","guid":{"rendered":"http:\/\/losperiodistas.com.mx\/portal\/?p=10144"},"modified":"2021-07-10T09:44:45","modified_gmt":"2021-07-10T14:44:45","slug":"socavon-genera-discordia-entre-ipn-y-el-gobierno-del-estado-e-consulta","status":"publish","type":"post","link":"https:\/\/losperiodistas.com.mx\/portal\/socavon-genera-discordia-entre-ipn-y-el-gobierno-del-estado-e-consulta\/","title":{"rendered":"Socav\u00f3n genera discordia entre IPN y el gobierno del estado | E-Consulta"},"content":{"rendered":"\n<p style=\"font-size:18px\"><em>El Polit\u00e9cnico se deslinda de estudio geof\u00edsico pero el gobierno asevera que es institucional<\/em><\/p>\n\n\n\n<p><\/p>\n\n\n\n<figure class=\"wp-block-image size-large\"><img fetchpriority=\"high\" decoding=\"async\" width=\"1024\" height=\"677\" src=\"https:\/\/losperiodistas.com.mx\/portal\/wp-content\/uploads\/2021\/07\/Captura-de-Pantalla-2021-07-10-a-las-9.39.45-1024x677.png\" alt=\"\" class=\"wp-image-10145\" srcset=\"https:\/\/losperiodistas.com.mx\/portal\/wp-content\/uploads\/2021\/07\/Captura-de-Pantalla-2021-07-10-a-las-9.39.45-1024x677.png 1024w, https:\/\/losperiodistas.com.mx\/portal\/wp-content\/uploads\/2021\/07\/Captura-de-Pantalla-2021-07-10-a-las-9.39.45-300x198.png 300w, https:\/\/losperiodistas.com.mx\/portal\/wp-content\/uploads\/2021\/07\/Captura-de-Pantalla-2021-07-10-a-las-9.39.45-768x508.png 768w, https:\/\/losperiodistas.com.mx\/portal\/wp-content\/uploads\/2021\/07\/Captura-de-Pantalla-2021-07-10-a-las-9.39.45.png 1204w\" sizes=\"(max-width: 1024px) 100vw, 1024px\" \/><figcaption>E-Consulta<\/figcaption><\/figure>\n\n\n\n<p><\/p>\n\n\n\n<p><\/p>\n\n\n\n<p class=\"has-vivid-cyan-blue-color has-text-color has-medium-font-size\">KAREN MEZA \/ E-CONSULTA<\/p>\n\n\n\n<p>Una nueva controversia gener\u00f3 el&nbsp;<strong>socav\u00f3n<\/strong>&nbsp;de Juan C. Bonilla ahora porque un estudio que podr\u00eda dar indicios sobre su origen, divulgado por el gobierno del estado, fue desconocido por el&nbsp;<strong>Instituto Polit\u00e9cnico Nacional (IPN), al que se atribuye su autor\u00eda.<\/strong><\/p>\n\n\n\n<p>\u00a0\u201cEl Instituto Polit\u00e9cnico Nacional, en su calidad de instituci\u00f3n de educaci\u00f3n superior tecnol\u00f3gica del Estado mexicano,\u00a0<strong>no tiene ning\u00fan v\u00ednculo oficial con los estudios realizados para investigar las causas del socav\u00f3n en Puebla<\/strong>\u201d, puntualiz\u00f3 en un comunicado en su cuenta de twitter.<\/p>\n\n\n\n<figure class=\"wp-block-embed is-type-rich is-provider-twitter wp-block-embed-twitter\"><div class=\"wp-block-embed__wrapper\">\n<blockquote class=\"twitter-tweet\" data-width=\"500\" data-dnt=\"true\"><p lang=\"es\" dir=\"ltr\"><a href=\"https:\/\/twitter.com\/hashtag\/ComunicadoIPN?src=hash&amp;ref_src=twsrc%5Etfw\">#ComunicadoIPN<\/a> \ud83d\uddd2\ufe0f Descarta IPN v\u00ednculo oficial con estudio del socav\u00f3n en Puebla<br><br>M\u00e1s informaci\u00f3n \u27a1\ufe0f <a href=\"https:\/\/t.co\/tnKSKCbk9C\">https:\/\/t.co\/tnKSKCbk9C<\/a> <a href=\"https:\/\/t.co\/sePvhR0zzK\">pic.twitter.com\/sePvhR0zzK<\/a><\/p>&mdash; IPN (@IPN_MX) <a href=\"https:\/\/twitter.com\/IPN_MX\/status\/1413547325088309253?ref_src=twsrc%5Etfw\">July 9, 2021<\/a><\/blockquote><script async src=\"https:\/\/platform.twitter.com\/widgets.js\" charset=\"utf-8\"><\/script>\n<\/div><\/figure>\n\n\n\n<p>Pero el gobierno de Puebla, a trav\u00e9s de la&nbsp;Secretar\u00eda de Medio Ambiente, Desarrollo Sustentable y Ordenamiento Territorial (SMADSOT), precis\u00f3 que mantiene \u201c<strong>una relaci\u00f3n institucional con el Instituto Polit\u00e9cnico Nacional (IPN)<\/strong>, a trav\u00e9s del doctor V\u00edctor Florencio Santes Hern\u00e1ndez,<strong>&nbsp;presidente del Centro Interdisciplinario de Investigaciones y Estudios Sobre Medio Ambiente y Desarrollo (CIIEMAD)\u201d.<\/strong><\/p>\n\n\n\n<p>En un comunicado, la SMADSOT precis\u00f3 que \u201cfue a principios de junio cuando estableci\u00f3 comunicaci\u00f3n con&nbsp;<strong>\u00d3scar Goiz Amaro<\/strong>, con quien se acord\u00f3 la e<strong>ntrega de la documentaci\u00f3n necesaria para establecer el convenio de colaboraci\u00f3n&nbsp;<\/strong>entre la dependencia y los investigadores del CIIEMAD, para el desarrollo de la investigaci\u00f3n geocient\u00edfica relacionada al socav\u00f3n ubicado en Santa Mar\u00eda Zacatepec, como consta en la comunicaci\u00f3n oficial institucional entre ambas instancias\u201d.<\/p>\n\n\n\n<p>\u201cLa dependencia otorg\u00f3 todas las facilidades para que el equipo comandado por el doctor Pedro Francisco Rodr\u00edguez Espinosa,\u00a0<strong>realizar\u00e1 los trabajos conducentes que llevaran a conocer las causas del hundimiento<\/strong>\u201d, a\u00f1adi\u00f3 la secretar\u00eda.<\/p>\n\n\n\n<figure class=\"wp-block-embed is-type-video is-provider-youtube wp-block-embed-youtube wp-embed-aspect-16-9 wp-has-aspect-ratio\"><div class=\"wp-block-embed__wrapper\">\n<iframe title=\"IPN desmiente a Miguel Barbosa sobre estudio del socav\u00f3n\" width=\"500\" height=\"281\" src=\"https:\/\/www.youtube.com\/embed\/U7cbC6YR-bs?feature=oembed\" frameborder=\"0\" allow=\"accelerometer; autoplay; clipboard-write; encrypted-media; gyroscope; picture-in-picture; web-share\" referrerpolicy=\"strict-origin-when-cross-origin\" allowfullscreen><\/iframe>\n<\/div><\/figure>\n\n\n\n<p>En la visita que hizo el gobernador Luis Miguel Barbosa Huerta a la poblaci\u00f3n afectada por el socav\u00f3n, el pasado 10 de junio, Pedro Francisco Rodr\u00edguez Espinosa, inform\u00f3 de los an\u00e1lisis que se har\u00edan en la zona.<\/p>\n\n\n\n<p>El pasado jueves&nbsp;8 de julio, la titular de la Secretar\u00eda de Medio Ambiente, Beatriz Manrique Guevara y el gobernador Miguel Barbosa Huerta dieron cuenta del resultado preliminar de esos an\u00e1lisis.<\/p>\n\n\n\n<p>El ahora controvertido estudio se\u00f1ala que la extracci\u00f3n intensiva de agua en Juan C. Bonilla,\u00a0<strong>luego de una larga sequ\u00eda de 3 a\u00f1os<\/strong>\u00a0y las posteriores precipitaciones pluviales de hasta 85 por ciento por arriba del promedio, fueron las causas del socav\u00f3n. Tambi\u00e9n refiere que el agua del socav\u00f3n no es residual, ni sulfurosa.<\/p>\n\n\n\n<p>Fuente: https:\/\/www.e-consulta.com\/nota\/2021-07-09\/gobierno\/socavon-genera-discordia-entre-ipn-y-el-gobierno-del-estado<\/p>\n","protected":false},"excerpt":{"rendered":"<p>El Polit\u00e9cnico se deslinda de estudio geof\u00edsico pero el gobierno asevera que es institucional KAREN MEZA \/ E-CONSULTA Una nueva [&hellip;]<\/p>\n","protected":false},"author":1,"featured_media":10145,"comment_status":"open","ping_status":"open","sticky":false,"template":"","format":"standard","meta":{"site-sidebar-layout":"default","site-content-layout":"","ast-site-content-layout":"default","site-content-style":"default","site-sidebar-style":"default","ast-global-header-display":"","ast-banner-title-visibility":"","ast-main-header-display":"","ast-hfb-above-header-display":"","ast-hfb-below-header-display":"","ast-hfb-mobile-header-display":"","site-post-title":"","ast-breadcrumbs-content":"","ast-featured-img":"","footer-sml-layout":"","theme-transparent-header-meta":"","adv-header-id-meta":"","stick-header-meta":"","header-above-stick-meta":"","header-main-stick-meta":"","header-below-stick-meta":"","astra-migrate-meta-layouts":"default","ast-page-background-enabled":"default","ast-page-background-meta":{"desktop":{"background-color":"var(--ast-global-color-4)","background-image":"","background-repeat":"repeat","background-position":"center center","background-size":"auto","background-attachment":"scroll","background-type":"","background-media":"","overlay-type":"","overlay-color":"","overlay-opacity":"","overlay-gradient":""},"tablet":{"background-color":"","background-image":"","background-repeat":"repeat","background-position":"center center","background-size":"auto","background-attachment":"scroll","background-type":"","background-media":"","overlay-type":"","overlay-color":"","overlay-opacity":"","overlay-gradient":""},"mobile":{"background-color":"","background-image":"","background-repeat":"repeat","background-position":"center center","background-size":"auto","background-attachment":"scroll","background-type":"","background-media":"","overlay-type":"","overlay-color":"","overlay-opacity":"","overlay-gradient":""}},"ast-content-background-meta":{"desktop":{"background-color":"var(--ast-global-color-5)","background-image":"","background-repeat":"repeat","background-position":"center center","background-size":"auto","background-attachment":"scroll","background-type":"","background-media":"","overlay-type":"","overlay-color":"","overlay-opacity":"","overlay-gradient":""},"tablet":{"background-color":"var(--ast-global-color-5)","background-image":"","background-repeat":"repeat","background-position":"center center","background-size":"auto","background-attachment":"scroll","background-type":"","background-media":"","overlay-type":"","overlay-color":"","overlay-opacity":"","overlay-gradient":""},"mobile":{"background-color":"var(--ast-global-color-5)","background-image":"","background-repeat":"repeat","background-position":"center center","background-size":"auto","background-attachment":"scroll","background-type":"","background-media":"","overlay-type":"","overlay-color":"","overlay-opacity":"","overlay-gradient":""}},"footnotes":""},"categories":[8],"tags":[2598,73,2599],"class_list":["post-10144","post","type-post","status-publish","format-standard","has-post-thumbnail","hentry","category-noticias","tag-ipn","tag-miguel-barbosa","tag-socavon-puebla"],"_links":{"self":[{"href":"https:\/\/losperiodistas.com.mx\/portal\/wp-json\/wp\/v2\/posts\/10144","targetHints":{"allow":["GET"]}}],"collection":[{"href":"https:\/\/losperiodistas.com.mx\/portal\/wp-json\/wp\/v2\/posts"}],"about":[{"href":"https:\/\/losperiodistas.com.mx\/portal\/wp-json\/wp\/v2\/types\/post"}],"author":[{"embeddable":true,"href":"https:\/\/losperiodistas.com.mx\/portal\/wp-json\/wp\/v2\/users\/1"}],"replies":[{"embeddable":true,"href":"https:\/\/losperiodistas.com.mx\/portal\/wp-json\/wp\/v2\/comments?post=10144"}],"version-history":[{"count":1,"href":"https:\/\/losperiodistas.com.mx\/portal\/wp-json\/wp\/v2\/posts\/10144\/revisions"}],"predecessor-version":[{"id":10146,"href":"https:\/\/losperiodistas.com.mx\/portal\/wp-json\/wp\/v2\/posts\/10144\/revisions\/10146"}],"wp:featuredmedia":[{"embeddable":true,"href":"https:\/\/losperiodistas.com.mx\/portal\/wp-json\/wp\/v2\/media\/10145"}],"wp:attachment":[{"href":"https:\/\/losperiodistas.com.mx\/portal\/wp-json\/wp\/v2\/media?parent=10144"}],"wp:term":[{"taxonomy":"category","embeddable":true,"href":"https:\/\/losperiodistas.com.mx\/portal\/wp-json\/wp\/v2\/categories?post=10144"},{"taxonomy":"post_tag","embeddable":true,"href":"https:\/\/losperiodistas.com.mx\/portal\/wp-json\/wp\/v2\/tags?post=10144"}],"curies":[{"name":"wp","href":"https:\/\/api.w.org\/{rel}","templated":true}]}}