{"id":101431,"date":"2025-06-19T07:25:49","date_gmt":"2025-06-19T13:25:49","guid":{"rendered":"https:\/\/losperiodistas.com.mx\/portal\/?p=101431"},"modified":"2025-06-19T07:25:50","modified_gmt":"2025-06-19T13:25:50","slug":"corpus-christi-la-fiesta-de-la-presencia-exaudi","status":"publish","type":"post","link":"https:\/\/losperiodistas.com.mx\/portal\/corpus-christi-la-fiesta-de-la-presencia-exaudi\/","title":{"rendered":"Corpus Christi: La fiesta de la presencia | Exaudi"},"content":{"rendered":"\n<p class=\"has-luminous-vivid-amber-background-color has-background\" style=\"font-size:34px\">Sentido, origen y c\u00f3mo vivirla<\/p>\n\n\n\n<figure class=\"wp-block-image size-full\"><img fetchpriority=\"high\" decoding=\"async\" width=\"1024\" height=\"683\" src=\"https:\/\/losperiodistas.com.mx\/portal\/wp-content\/uploads\/2025\/06\/cathopic_1498427584170593-1024x683-1.jpg\" alt=\"\" class=\"wp-image-101432\" srcset=\"https:\/\/losperiodistas.com.mx\/portal\/wp-content\/uploads\/2025\/06\/cathopic_1498427584170593-1024x683-1.jpg 1024w, https:\/\/losperiodistas.com.mx\/portal\/wp-content\/uploads\/2025\/06\/cathopic_1498427584170593-1024x683-1-300x200.jpg 300w, https:\/\/losperiodistas.com.mx\/portal\/wp-content\/uploads\/2025\/06\/cathopic_1498427584170593-1024x683-1-768x512.jpg 768w\" sizes=\"(max-width: 1024px) 100vw, 1024px\" \/><\/figure>\n\n\n\n<p><\/p>\n\n\n\n<p>Por Carlos J. Gallardo \/ Exaudi<\/p>\n\n\n\n<p class=\"has-ast-global-color-4-background-color has-background has-medium-font-size\">Carlos J. Gallardo, sacerdote diocesano en C\u00f3rdoba, Espa\u00f1a, ofrece a los lectores de Exaudi este art\u00edculo sobre la fiesta del&nbsp;<em>Corpus Christ<\/em>i.<\/p>\n\n\n\n<figure class=\"wp-block-embed is-type-rich is-provider-spotify wp-block-embed-spotify wp-embed-aspect-21-9 wp-has-aspect-ratio\"><div class=\"wp-block-embed__wrapper\">\n<iframe title=\"Spotify Embed: Corpus Christi: La fiesta de la presencia\" style=\"border-radius: 12px\" width=\"100%\" height=\"152\" frameborder=\"0\" allowfullscreen allow=\"autoplay; clipboard-write; encrypted-media; fullscreen; picture-in-picture\" loading=\"lazy\" src=\"https:\/\/open.spotify.com\/embed\/episode\/4k7DSWZRiDd7l4Ov0AQcDz?si=O80hBQb-RsqPoa916iR3aw&#038;utm_source=oembed\"><\/iframe>\n<\/div><\/figure>\n\n\n\n<p><\/p>\n\n\n\n<p>Al finalizar el tiempo pascual, la Iglesia tiene un conjunto de celebraciones que expresan de forma concreta todo el misterio de Cristo. Una de estas celebraciones es precisamente la de la solemnidad del Sant\u00edsimo Cuerpo y Sangre de Nuestro Se\u00f1or.<\/p>\n\n\n\n<p>Podemos afirmar que se trata de una de las fiestas m\u00e1s arraigadas en el pueblo fiel. Nuestra atenci\u00f3n se centra en la persona de Jesucristo que por amor ha querido quedarse con nosotros, compartir nuestra existencia incluso despu\u00e9s de resucitar y subir al cielo. Quiere, aunque sea de forma sacramental, vivir en medio de todos nosotros. El mismo Jes\u00fas que nace en Bel\u00e9n, que vive oculto en Nazaret, que recorri\u00f3 los caminos polvorientos de Jerusal\u00e9n. El mismo Jes\u00fas que se hace el encontradizo con la Samaritana o con Zaqueo. El mismo Jes\u00fas que cura al ciego de nacimiento o al leproso. El Jes\u00fas del amor misericordioso que perdona a la mujer ad\u00faltera o escoge comer con publicanos y pecadores. Ese Jes\u00fas que vence el miedo en la noche de la traici\u00f3n y del dolor. Ese Jes\u00fas crucificado y al tercer d\u00eda resucitado\u2026 ese mismo Jes\u00fas es quien est\u00e1 bajo las especies de pan y vino.<\/p>\n\n\n\n<p>Todo su Cuerpo, su Sangre, su Alma y su Divinidad se esconden en el pan y en el vino. Vive y palpita de amor por cada uno de nosotros, por ti en concreto, en el sagrario. Por ello la fiesta del Corpus es la fiesta de un amor que no pasa, de un amor que permanece, es la fiesta de la presencia de Jes\u00fas.<\/p>\n\n\n\n<p>En la conciencia de la Iglesia siempre ha permanecido esta verdad de fe. Pero hist\u00f3ricamente existe un acontecimiento que hace que la Iglesia desee subrayar esta verdad de fe con una solemnidad concreta dentro de las celebraciones del a\u00f1o lit\u00fargico.<\/p>\n\n\n\n<h3 class=\"wp-block-heading\"><strong>\u00bfC\u00f3mo surge todo?<\/strong><\/h3>\n\n\n\n<p>A finales del siglo XIII surgi\u00f3 en Lieja, B\u00e9lgica, un Movimiento Eucar\u00edstico cuyo centro fue la Abad\u00eda de Cornill\u00f3n fundada en 1124 por el Obispo Albero de Lieja. Este movimiento promovi\u00f3 entre otras costumbres la exposici\u00f3n y bendici\u00f3n con el Sant\u00edsimo Sacramento, el uso de las campanillas durante la elevaci\u00f3n en la Misa y esta festividad del&nbsp;<em>Corpus Christi<\/em>.<\/p>\n\n\n\n<p>Santa Juliana de Mont Cornill\u00f3n, en aquellos a\u00f1os priora de la Abad\u00eda, fue el alma escogida por Dios para propiciar esta fiesta. La santa nace en Retines cerca de Li\u00e8ge, B\u00e9lgica en 1193. Qued\u00f3 hu\u00e9rfana muy peque\u00f1a y fue educada por las monjas Agustinas en Mont Cornillon. Realiz\u00f3 m\u00e1s tarde su profesi\u00f3n religiosa. Con el tiempo, fue elegida superiora de su comunidad. Muri\u00f3 el 5 de abril de 1258, en la casa de las monjas Cistercienses en Fosses.<\/p>\n\n\n\n<p>Desde joven, Santa Juliana tuvo una gran veneraci\u00f3n al Sant\u00edsimo Sacramento. Anhelaba que existiera en la Iglesia una fiesta especial en su honor. Este deseo creci\u00f3 al recibir ella &nbsp;una revelaci\u00f3n donde vio en la Iglesia bajo la apariencia de luna llena&nbsp; una mancha negra, que significaba la ausencia de esta solemnidad.<\/p>\n\n\n\n<p>Juliana comunic\u00f3 estas apariciones a Mons. Roberto de Thorete, el entonces obispo de Lieja, tambi\u00e9n al docto Dominico Hugh, m\u00e1s tarde cardenal legado de los Pa\u00edses Bajos y a Jacques Pantale\u00f3n, en ese tiempo archidi\u00e1cono de Lieja, m\u00e1s tarde Papa Urbano IV.<\/p>\n\n\n\n<p>El obispo Roberto orden\u00f3 para su di\u00f3cesis la celebraci\u00f3n de esta fiesta. El Papa pidi\u00f3 a un monje llamado Juan que escribiera el oficio para esta fiesta.<\/p>\n\n\n\n<p>M\u00e1s tarde un obispo alem\u00e1n conoci\u00f3 la costumbre y la extendi\u00f3 por toda la actual Alemania. Se tom\u00f3 como costumbre celebrarla el jueves posterior al domingo de la&nbsp;<a href=\"https:\/\/exaudi.org\/es\/solemnidad-de-la-santisima-trinidad\/\" target=\"_blank\" rel=\"noreferrer noopener\">Sant\u00edsima Trinidad<\/a>, aunque en este \u00faltimo periodo en algunos pa\u00edses pas\u00f3 a celebrarse el domingo.<\/p>\n\n\n\n<p>Al mismo tiempo, el Papa Urbano IV, tuvo conocimiento de que en Bolsena, en el a\u00f1o 1263 se produjo un milagro que llamamos eucar\u00edstico. &nbsp;Un sacerdote que celebraba la Santa Misa tuvo dudas de que la Consagraci\u00f3n fuera real. Cuando lleg\u00f3 el momento de partir la Sagrada Forma, sali\u00f3 de ella sangre de la que se fue empapando el corporal. Esta reliquia fue llevada en procesi\u00f3n a Orvieto el 19 junio de 1264 donde se encontraba el Papa con su corte.<\/p>\n\n\n\n<p>El Santo Padre edificado y lleno de devoci\u00f3n ante este milagro y adem\u00e1s a petici\u00f3n de varios obispos, hace que se extienda la fiesta del Corpus Christi a toda la Iglesia por medio de la&nbsp;<a href=\"https:\/\/www.vatican.va\/content\/urbanus-iv\/es\/documents\/bulla-transiturus-de-mundo-11-aug-1264.html\" target=\"_blank\" rel=\"noreferrer noopener\">bula&nbsp;<em>Transiturus&nbsp;<\/em><\/a>del 8 septiembre del mismo a\u00f1o, fij\u00e1ndola para el jueves despu\u00e9s de la octava de Pentecost\u00e9s.<\/p>\n\n\n\n<p>Hay una tradici\u00f3n que narra como el Papa Urbano IV encarg\u00f3 un oficio para la liturgia de las horas, a San Buenaventura y a Santo Tom\u00e1s de Aquino. Cuando el Papa comenz\u00f3 a leer en voz alta el oficio hecho por santo Tom\u00e1s, san Buenaventura fue rompiendo el suyo en pedazos.<\/p>\n\n\n\n<p>A lo largo de los siglos esta fiesta se ha ido consolidando cada vez m\u00e1s y m\u00e1s en la vida de la Iglesia. Son muchos los santos que han alentado esta celebraci\u00f3n y han encendido el coraz\u00f3n de los fieles de un amor ferviente a la Eucarist\u00eda.<\/p>\n\n\n\n<h3 class=\"wp-block-heading\"><strong>Vivir la solemnidad<\/strong><\/h3>\n\n\n\n<p>Y nosotros hoy, \u00bfC\u00f3mo podemos disponernos para celebrar llenos de fe esta solemnidad? Pues sencillamente realizando tres actos:<\/p>\n\n\n\n<p>Acto de fe: Despertar nuestra fe ante el misterio de Cristo vivo y presente en el sagrario. Adorar al Dios oculto bajo las especies eucar\u00edsticas, venerarlas con profundo respeto.<\/p>\n\n\n\n<p>Acto de esperanza: Saber que este alimento que recibimos, que comulgamos, es alimento para el camino hacia la vida eterna. Cada Eucarist\u00eda es \u201cprenda\u201d del cielo. El cielo se une con la tierra en el altar y ya nos alimentamos del \u201cpan de los \u00e1ngeles\u201d el pan que tiene sabor de vida eterna.<\/p>\n\n\n\n<p>Acto de caridad: Pensemos mucho en el amor de Jes\u00fas por cada uno de nosotros, por toda la humanidad, por m\u00ed\u2026 y contemplar su amor nos tiene que mover a m\u00e1s amor. Desear amarle con todo nuestro ser, con toda nuestra vida, pues \u00c9l est\u00e1 esper\u00e1ndome en el sagrario y solo entiende de amores.<\/p>\n\n\n\n<p>Vivamos por tanto esta fiesta llenos de fe, esperanza y amor y sintamos como Jes\u00fas siempre cumple sus promesas y nos dice: \u201cYo estar\u00e9 con vosotros (contigo) todos los d\u00edas hasta el final de los tiempos\u201d.<\/p>\n\n\n\n<figure class=\"wp-block-image\"><img decoding=\"async\" src=\"https:\/\/www.exaudi.org\/wp-content\/uploads\/2025\/06\/Corpus-Christi-500x500-1.jpg\" alt=\"\" class=\"wp-image-128360\"\/><\/figure>\n\n\n\n<p><a href=\"mailto:carlosjesusgallardo@exaudi.org\" target=\"_blank\" rel=\"noreferrer noopener\"><\/a><\/p>\n\n\n\n<p>Fuente: <a href=\"https:\/\/www.exaudi.org\/es\/corpus-christi-la-fiesta-de-la-presencia\/\">https:\/\/www.exaudi.org\/es\/corpus-christi-la-fiesta-de-la-presencia\/<\/a><\/p>\n","protected":false},"excerpt":{"rendered":"<p>Sentido, origen y c\u00f3mo vivirla Por Carlos J. Gallardo \/ Exaudi Carlos J. Gallardo, sacerdote diocesano en C\u00f3rdoba, Espa\u00f1a, ofrece [&hellip;]<\/p>\n","protected":false},"author":1,"featured_media":101432,"comment_status":"open","ping_status":"open","sticky":false,"template":"","format":"standard","meta":{"site-sidebar-layout":"default","site-content-layout":"","ast-site-content-layout":"default","site-content-style":"default","site-sidebar-style":"default","ast-global-header-display":"","ast-banner-title-visibility":"","ast-main-header-display":"","ast-hfb-above-header-display":"","ast-hfb-below-header-display":"","ast-hfb-mobile-header-display":"","site-post-title":"","ast-breadcrumbs-content":"","ast-featured-img":"","footer-sml-layout":"","theme-transparent-header-meta":"","adv-header-id-meta":"","stick-header-meta":"","header-above-stick-meta":"","header-main-stick-meta":"","header-below-stick-meta":"","astra-migrate-meta-layouts":"default","ast-page-background-enabled":"default","ast-page-background-meta":{"desktop":{"background-color":"var(--ast-global-color-4)","background-image":"","background-repeat":"repeat","background-position":"center center","background-size":"auto","background-attachment":"scroll","background-type":"","background-media":"","overlay-type":"","overlay-color":"","overlay-opacity":"","overlay-gradient":""},"tablet":{"background-color":"","background-image":"","background-repeat":"repeat","background-position":"center center","background-size":"auto","background-attachment":"scroll","background-type":"","background-media":"","overlay-type":"","overlay-color":"","overlay-opacity":"","overlay-gradient":""},"mobile":{"background-color":"","background-image":"","background-repeat":"repeat","background-position":"center center","background-size":"auto","background-attachment":"scroll","background-type":"","background-media":"","overlay-type":"","overlay-color":"","overlay-opacity":"","overlay-gradient":""}},"ast-content-background-meta":{"desktop":{"background-color":"var(--ast-global-color-5)","background-image":"","background-repeat":"repeat","background-position":"center center","background-size":"auto","background-attachment":"scroll","background-type":"","background-media":"","overlay-type":"","overlay-color":"","overlay-opacity":"","overlay-gradient":""},"tablet":{"background-color":"var(--ast-global-color-5)","background-image":"","background-repeat":"repeat","background-position":"center center","background-size":"auto","background-attachment":"scroll","background-type":"","background-media":"","overlay-type":"","overlay-color":"","overlay-opacity":"","overlay-gradient":""},"mobile":{"background-color":"var(--ast-global-color-5)","background-image":"","background-repeat":"repeat","background-position":"center center","background-size":"auto","background-attachment":"scroll","background-type":"","background-media":"","overlay-type":"","overlay-color":"","overlay-opacity":"","overlay-gradient":""}},"footnotes":""},"categories":[8],"tags":[39353,25712,39352,39354],"class_list":["post-101431","post","type-post","status-publish","format-standard","has-post-thumbnail","hentry","category-noticias","tag-abadia-de-cornillon","tag-corpus-christi","tag-el-misterio-de-cristo","tag-sacerdote-carlos-j-gallardo"],"_links":{"self":[{"href":"https:\/\/losperiodistas.com.mx\/portal\/wp-json\/wp\/v2\/posts\/101431","targetHints":{"allow":["GET"]}}],"collection":[{"href":"https:\/\/losperiodistas.com.mx\/portal\/wp-json\/wp\/v2\/posts"}],"about":[{"href":"https:\/\/losperiodistas.com.mx\/portal\/wp-json\/wp\/v2\/types\/post"}],"author":[{"embeddable":true,"href":"https:\/\/losperiodistas.com.mx\/portal\/wp-json\/wp\/v2\/users\/1"}],"replies":[{"embeddable":true,"href":"https:\/\/losperiodistas.com.mx\/portal\/wp-json\/wp\/v2\/comments?post=101431"}],"version-history":[{"count":1,"href":"https:\/\/losperiodistas.com.mx\/portal\/wp-json\/wp\/v2\/posts\/101431\/revisions"}],"predecessor-version":[{"id":101433,"href":"https:\/\/losperiodistas.com.mx\/portal\/wp-json\/wp\/v2\/posts\/101431\/revisions\/101433"}],"wp:featuredmedia":[{"embeddable":true,"href":"https:\/\/losperiodistas.com.mx\/portal\/wp-json\/wp\/v2\/media\/101432"}],"wp:attachment":[{"href":"https:\/\/losperiodistas.com.mx\/portal\/wp-json\/wp\/v2\/media?parent=101431"}],"wp:term":[{"taxonomy":"category","embeddable":true,"href":"https:\/\/losperiodistas.com.mx\/portal\/wp-json\/wp\/v2\/categories?post=101431"},{"taxonomy":"post_tag","embeddable":true,"href":"https:\/\/losperiodistas.com.mx\/portal\/wp-json\/wp\/v2\/tags?post=101431"}],"curies":[{"name":"wp","href":"https:\/\/api.w.org\/{rel}","templated":true}]}}