{"id":101422,"date":"2025-06-19T06:36:46","date_gmt":"2025-06-19T12:36:46","guid":{"rendered":"https:\/\/losperiodistas.com.mx\/portal\/?p=101422"},"modified":"2025-06-19T06:36:48","modified_gmt":"2025-06-19T12:36:48","slug":"putin-y-xi-condenan-firmemente-las-acciones-de-israel-contra-iran-efe","status":"publish","type":"post","link":"https:\/\/losperiodistas.com.mx\/portal\/putin-y-xi-condenan-firmemente-las-acciones-de-israel-contra-iran-efe\/","title":{"rendered":"Putin y Xi condenan \u00abfirmemente\u00bb las acciones de Israel contra Ir\u00e1n | EFE"},"content":{"rendered":"\n<figure class=\"wp-block-image size-full\"><img fetchpriority=\"high\" decoding=\"async\" width=\"900\" height=\"599\" src=\"https:\/\/losperiodistas.com.mx\/portal\/wp-content\/uploads\/2025\/06\/PUTIN-XI-VIDEOCONFERENCIA.webp\" alt=\"\" class=\"wp-image-101423\" srcset=\"https:\/\/losperiodistas.com.mx\/portal\/wp-content\/uploads\/2025\/06\/PUTIN-XI-VIDEOCONFERENCIA.webp 900w, https:\/\/losperiodistas.com.mx\/portal\/wp-content\/uploads\/2025\/06\/PUTIN-XI-VIDEOCONFERENCIA-300x200.webp 300w, https:\/\/losperiodistas.com.mx\/portal\/wp-content\/uploads\/2025\/06\/PUTIN-XI-VIDEOCONFERENCIA-768x511.webp 768w\" sizes=\"(max-width: 900px) 100vw, 900px\" \/><figcaption class=\"wp-element-caption\">Imagen de archivo de una conversaci\u00f3n por videoconferencia entre el presidente ruso, Vladimir Putin, (I y el l\u00edder chino Xi Jinping (en la pantalla). EFE\/EPA\/Gavriil Grigorov\/SPUTNIK\/KREMLIN POOL <\/figcaption><\/figure>\n\n\n\n<p class=\"has-vivid-red-color has-text-color has-link-color has-medium-font-size wp-elements-23db7e95974579b190d8bc7ea9a6cef6\"><strong>Agencia EFE<\/strong><\/p>\n\n\n\n<p>Mosc\u00fa (EFE).- El presidente de Rusia, Vlad\u00edmir Putin, y su hom\u00f3logo chino, Xi Jinping, condenaron hoy en una conversaci\u00f3n telef\u00f3nica las acciones emprendidas por Israel contra Ir\u00e1n, inform\u00f3 el Kremlin.<\/p>\n\n\n\n<p>\u00abAmbas partes condenan firmemente las acciones de Israel, que violan la Carta de la ONU y otras normas del derecho internacional\u00bb, dijo en rueda de prensa el asesor del jefe del Kremlin para asuntos internacionales, Yuri Ushakov.<\/p>\n\n\n\n<p>Putin inform\u00f3 a su hom\u00f3logo chino \u00absobre sus \u00faltimos contactos internacionales, concretamente sobre conversaciones telef\u00f3nicas con actores clave en el contexto del enfrentamiento entre Israel e Ir\u00e1n\u00bb, agreg\u00f3 Ushakov.<\/p>\n\n\n\n<p>El jefe del Kremlin tambi\u00e9n confirm\u00f3 la disposici\u00f3n de Rusia a llevar a cabo esfuerzos de mediaci\u00f3n si fuera necesario.<\/p>\n\n\n\n<h2 class=\"wp-block-heading\" id=\"h-xi-a-putin-un-alto-el-fuego-es-prioritario\">Xi a Putin: Un alto el fuego es \u00abprioritario\u00bb<\/h2>\n\n\n\n<p>Seg\u00fan el asesor de Putin, Xi se pronunci\u00f3 a favor de este tipo de mediaci\u00f3n, \u00abya que cree que podr\u00eda servir para desescalar\u00bb la situaci\u00f3n actual.<\/p>\n\n\n\n<figure class=\"wp-block-image\"><img decoding=\"async\" src=\"https:\/\/i0.wp.com\/efe.com\/wp-content\/uploads\/2025\/06\/TEHERAN-HUMO.webp?resize=900%2C588&amp;ssl=1\" alt=\"\" class=\"wp-image-1959586\"\/><figcaption class=\"wp-element-caption\">El humo se eleva sobre el cielo de Teher\u00e1n tras un ataque israel\u00ed. EFE\/EPA\/Abedin Taherkenareh<\/figcaption><\/figure>\n\n\n\n<p>El presidente chino traslad\u00f3 a Putin que un alto el fuego es \u00abprioritario\u00bb en Oriente Medio ante la \u00absituaci\u00f3n cr\u00edtica\u00bb en la regi\u00f3n, tras el intercambiado de ataques entre Israel e Ir\u00e1n en los \u00faltimos d\u00edas.<\/p>\n\n\n\n<p>Xi indic\u00f3 que \u00abla fuerza no es la v\u00eda correcta para resolver las disputas internacionales y solo intensificar\u00e1 el odio y las contradicciones\u00bb, seg\u00fan un comunicado publicado por la agencia oficial Xinhua.<\/p>\n\n\n\n<p>El mandatario chino asever\u00f3 que \u00ablas partes en conflicto, especialmente Israel, deben detener el fuego lo antes posible para evitar que la situaci\u00f3n se agrave y evitar resueltamente la propagaci\u00f3n de la guerra\u00bb.<\/p>\n\n\n\n<p>\u00abEn ning\u00fan momento se puede sobrepasar la l\u00ednea roja de la protecci\u00f3n de los civiles en conflictos militares, y el uso indiscriminado de la fuerza es inaceptable\u00bb, asegur\u00f3 Xi, quien a\u00f1adi\u00f3 que \u00ablas partes en conflicto deben acatar estrictamente el derecho internacional, evitar causar da\u00f1os a civiles inocentes y facilitar la evacuaci\u00f3n de ciudadanos de terceros pa\u00edses\u00bb.<\/p>\n\n\n\n<p>Xi abog\u00f3 por \u00abel di\u00e1logo y la negociaci\u00f3n\u00bb como \u00abla salida fundamental\u00bb al contencioso entre Tel Aviv y Teher\u00e1n.<\/p>\n\n\n\n<h2 class=\"wp-block-heading\" id=\"h-el-viaje-de-putin-a-china\">El viaje de Putin a China<\/h2>\n\n\n\n<p>En vista de la complicada situaci\u00f3n internacional, ambos l\u00edderes instruyeron a sus equipos a mantener \u00abcontactos estrechos durante los pr\u00f3ximos d\u00edas\u00bb para intercambiar informaci\u00f3n y puntos de vista.&nbsp;<\/p>\n\n\n\n<figure class=\"wp-block-image\"><img decoding=\"async\" src=\"https:\/\/i0.wp.com\/efe.com\/wp-content\/uploads\/2025\/06\/PUTIN-XI-MNAOS.webp?resize=900%2C646&amp;ssl=1\" alt=\"\" class=\"wp-image-1959580\"\/><figcaption class=\"wp-element-caption\">El presidente ruso, Vlad\u00edmir Putin (D), y su hom\u00f3logo chino, Xi Jinping (I), en Mosc\u00fa, el pasado 8 de mayo. EFE\/EPA\/Evgenia Novozhenina \/ POOL<\/figcaption><\/figure>\n\n\n\n<p>Adem\u00e1s, constataron el desarrollo de las relaciones econ\u00f3micas bilaterales y destacaron que el a\u00f1o pasado el intercambio comercial \u00abbati\u00f3 un r\u00e9cord hasta alcanzar los 245.000 millones de d\u00f3lares\u00bb.&nbsp;<\/p>\n\n\n\n<p>Por otra parte, ambos l\u00edderes conversaron sobre la pr\u00f3xima visita de Putin a China, que tendr\u00e1 lugar a finales de agosto.&nbsp;<\/p>\n\n\n\n<p>\u00abSe acord\u00f3 que los l\u00edderes se reunir\u00e1n en suelo chino durante la cumbre de la Organizaci\u00f3n de Cooperaci\u00f3n de Shangh\u00e1i en Tianj\u00edn del 31 de agosto al 1 de septiembre\u00bb, se\u00f1al\u00f3.<\/p>\n\n\n\n<p>Putin y Xi \u00abtambi\u00e9n participar\u00e1n juntos en los actos festivos dedicados al 80 aniversario de la victoria sobre el Jap\u00f3n militarista y el fin de la Segunda Guerra Mundial, que tendr\u00e1n lugar el 3 de septiembre en Pek\u00edn\u00bb.<\/p>\n\n\n\n<p>Mientras, el 2 de septiembre celebrar\u00e1n negociaciones bilaterales, precis\u00f3.<\/p>\n\n\n\n<p>Fuente: <a href=\"https:\/\/efe.com\/mundo\/2025-06-19\/putin-xi-condena-israel-iran\/\">https:\/\/efe.com\/mundo\/2025-06-19\/putin-xi-condena-israel-iran\/<\/a><\/p>\n","protected":false},"excerpt":{"rendered":"<p>Agencia EFE Mosc\u00fa (EFE).- El presidente de Rusia, Vlad\u00edmir Putin, y su hom\u00f3logo chino, Xi Jinping, condenaron hoy en una [&hellip;]<\/p>\n","protected":false},"author":1,"featured_media":101423,"comment_status":"open","ping_status":"open","sticky":false,"template":"","format":"standard","meta":{"site-sidebar-layout":"default","site-content-layout":"","ast-site-content-layout":"default","site-content-style":"default","site-sidebar-style":"default","ast-global-header-display":"","ast-banner-title-visibility":"","ast-main-header-display":"","ast-hfb-above-header-display":"","ast-hfb-below-header-display":"","ast-hfb-mobile-header-display":"","site-post-title":"","ast-breadcrumbs-content":"","ast-featured-img":"","footer-sml-layout":"","theme-transparent-header-meta":"","adv-header-id-meta":"","stick-header-meta":"","header-above-stick-meta":"","header-main-stick-meta":"","header-below-stick-meta":"","astra-migrate-meta-layouts":"default","ast-page-background-enabled":"default","ast-page-background-meta":{"desktop":{"background-color":"var(--ast-global-color-4)","background-image":"","background-repeat":"repeat","background-position":"center center","background-size":"auto","background-attachment":"scroll","background-type":"","background-media":"","overlay-type":"","overlay-color":"","overlay-opacity":"","overlay-gradient":""},"tablet":{"background-color":"","background-image":"","background-repeat":"repeat","background-position":"center center","background-size":"auto","background-attachment":"scroll","background-type":"","background-media":"","overlay-type":"","overlay-color":"","overlay-opacity":"","overlay-gradient":""},"mobile":{"background-color":"","background-image":"","background-repeat":"repeat","background-position":"center center","background-size":"auto","background-attachment":"scroll","background-type":"","background-media":"","overlay-type":"","overlay-color":"","overlay-opacity":"","overlay-gradient":""}},"ast-content-background-meta":{"desktop":{"background-color":"var(--ast-global-color-5)","background-image":"","background-repeat":"repeat","background-position":"center center","background-size":"auto","background-attachment":"scroll","background-type":"","background-media":"","overlay-type":"","overlay-color":"","overlay-opacity":"","overlay-gradient":""},"tablet":{"background-color":"var(--ast-global-color-5)","background-image":"","background-repeat":"repeat","background-position":"center center","background-size":"auto","background-attachment":"scroll","background-type":"","background-media":"","overlay-type":"","overlay-color":"","overlay-opacity":"","overlay-gradient":""},"mobile":{"background-color":"var(--ast-global-color-5)","background-image":"","background-repeat":"repeat","background-position":"center center","background-size":"auto","background-attachment":"scroll","background-type":"","background-media":"","overlay-type":"","overlay-color":"","overlay-opacity":"","overlay-gradient":""}},"footnotes":""},"categories":[8],"tags":[39349,39348],"class_list":["post-101422","post","type-post","status-publish","format-standard","has-post-thumbnail","hentry","category-noticias","tag-condena-ataques-izsrael-a-iran","tag-putin-xi"],"_links":{"self":[{"href":"https:\/\/losperiodistas.com.mx\/portal\/wp-json\/wp\/v2\/posts\/101422","targetHints":{"allow":["GET"]}}],"collection":[{"href":"https:\/\/losperiodistas.com.mx\/portal\/wp-json\/wp\/v2\/posts"}],"about":[{"href":"https:\/\/losperiodistas.com.mx\/portal\/wp-json\/wp\/v2\/types\/post"}],"author":[{"embeddable":true,"href":"https:\/\/losperiodistas.com.mx\/portal\/wp-json\/wp\/v2\/users\/1"}],"replies":[{"embeddable":true,"href":"https:\/\/losperiodistas.com.mx\/portal\/wp-json\/wp\/v2\/comments?post=101422"}],"version-history":[{"count":1,"href":"https:\/\/losperiodistas.com.mx\/portal\/wp-json\/wp\/v2\/posts\/101422\/revisions"}],"predecessor-version":[{"id":101424,"href":"https:\/\/losperiodistas.com.mx\/portal\/wp-json\/wp\/v2\/posts\/101422\/revisions\/101424"}],"wp:featuredmedia":[{"embeddable":true,"href":"https:\/\/losperiodistas.com.mx\/portal\/wp-json\/wp\/v2\/media\/101423"}],"wp:attachment":[{"href":"https:\/\/losperiodistas.com.mx\/portal\/wp-json\/wp\/v2\/media?parent=101422"}],"wp:term":[{"taxonomy":"category","embeddable":true,"href":"https:\/\/losperiodistas.com.mx\/portal\/wp-json\/wp\/v2\/categories?post=101422"},{"taxonomy":"post_tag","embeddable":true,"href":"https:\/\/losperiodistas.com.mx\/portal\/wp-json\/wp\/v2\/tags?post=101422"}],"curies":[{"name":"wp","href":"https:\/\/api.w.org\/{rel}","templated":true}]}}