{"id":101419,"date":"2025-06-19T05:53:33","date_gmt":"2025-06-19T11:53:33","guid":{"rendered":"https:\/\/losperiodistas.com.mx\/portal\/?p=101419"},"modified":"2025-06-19T05:53:34","modified_gmt":"2025-06-19T11:53:34","slug":"pri-y-pan-presentan-iniciativa-para-derogar-el-ciberasedio-id","status":"publish","type":"post","link":"https:\/\/losperiodistas.com.mx\/portal\/pri-y-pan-presentan-iniciativa-para-derogar-el-ciberasedio-id\/","title":{"rendered":"PRI y PAN presentan iniciativa para derogar el ciberasedio | ID"},"content":{"rendered":"\n<h2 class=\"wp-block-heading\">La diputada por el Revolucionario Institucional, Delfina Pozos Vergara durante la sesi\u00f3n ordinaria present\u00f3 una iniciativa para derogar el citado art\u00edculo, al indicar que atenta contra la libertad de expresi\u00f3n.<\/h2>\n\n\n\n<p><\/p>\n\n\n\n<figure class=\"wp-block-image size-full\"><img fetchpriority=\"high\" decoding=\"async\" width=\"900\" height=\"555\" src=\"https:\/\/losperiodistas.com.mx\/portal\/wp-content\/uploads\/2025\/06\/sellos-de-agua-intolerancia-2025-06-18t155746-020-1-1750283910395.webp\" alt=\"\" class=\"wp-image-101420\" srcset=\"https:\/\/losperiodistas.com.mx\/portal\/wp-content\/uploads\/2025\/06\/sellos-de-agua-intolerancia-2025-06-18t155746-020-1-1750283910395.webp 900w, https:\/\/losperiodistas.com.mx\/portal\/wp-content\/uploads\/2025\/06\/sellos-de-agua-intolerancia-2025-06-18t155746-020-1-1750283910395-300x185.webp 300w, https:\/\/losperiodistas.com.mx\/portal\/wp-content\/uploads\/2025\/06\/sellos-de-agua-intolerancia-2025-06-18t155746-020-1-1750283910395-768x474.webp 768w\" sizes=\"(max-width: 900px) 100vw, 900px\" \/><figcaption class=\"wp-element-caption\">Foto: Agencia Enfoque.<\/figcaption><\/figure>\n\n\n\n<p><a href=\"https:\/\/intoleranciadiario.com\/author\/francisco-sanchez\">Francisco S\u00e1nchez<\/a> \/ Intolerancia Diario<\/p>\n\n\n\n<p><a href=\"https:\/\/twitter.com\/pacosanchez63\" target=\"_blank\" rel=\"noreferrer noopener\"><\/a><a href=\"https:\/\/twitter.com\/pacosanchez63\" target=\"_blank\" rel=\"noreferrer noopener\">@pacosanchez63<\/a><\/p>\n\n\n\n<p><strong>PRI<\/strong>&nbsp;&nbsp;y&nbsp;<strong>PAN<\/strong>&nbsp;presentaron de manera oficial ante el pleno del Congreso la solicitud de derogar el art\u00edculo 480 que sanciona con c\u00e1rcel el \u201cciberasedio\u201d, mientras la representaci\u00f3n de&nbsp;<strong>Movimiento Ciudadano<\/strong>&nbsp;reiteraron su rechazo al art\u00edculo del C\u00f3digo Penal al considerar que es una ley ambigua, fuera de la competencia del Congreso del Estado porque invade el \u00e1mbito federal.<\/p>\n\n\n\n<p>La diputada por el Revolucionario Institucional,&nbsp;<strong>Delfina Pozos Vergara&nbsp;<\/strong>durante la sesi\u00f3n ordinaria present\u00f3 una iniciativa para derogar el citado art\u00edculo, al indicar que atenta contra la libertad de expresi\u00f3n.<\/p>\n\n\n\n<p>Dijo que fue una aprobaci\u00f3n al vapor, y se trata de una ley que vulnera los derechos de los ciudadanos que ser\u00e1n perseguidos por emitir alguna opini\u00f3n.<\/p>\n\n\n\n<p>Indic\u00f3 que el PRI no apoyar\u00e1 ninguna iniciativa que vaya en contra de los derechos de los ciudadanos y estar\u00e1 a favor de iniciativas a favor de la sociedad, mismas que ha apoyado.<\/p>\n\n\n\n<p>Por el Partido Acci\u00f3n Nacional,&nbsp;<strong>Celia Bonaga<\/strong>, advirti\u00f3 que la iniciativa presentada en noviembre del a\u00f1o pasado fue al vapor, y el documento presenta serias deficiencias que violan el marco federal.<\/p>\n\n\n\n<p>Indic\u00f3 que hay ambig\u00fcedad excesiva, y se viola el principio de certeza jur\u00eddica, y criminaliza la cr\u00edtica, adem\u00e1s de violar el art\u00edculo sexto.<\/p>\n\n\n\n<p>Consider\u00f3 que es excesiva la pena que se aplica, y record\u00f3 que ya hay leyes que protegen la vida privada de las personas, como la Ley Olimpia, Ley Agnes, y el ciberacoso.<\/p>\n\n\n\n<p>Dijo que se tiene que corregir la plana, adem\u00e1s de que no se dio la participaci\u00f3n ciudadana para elaborar la ley, y no se cumple con la certeza jur\u00eddica, sin que se respeten los tratados internacionales, violando los derechos humanos.<\/p>\n\n\n\n<p>Precis\u00f3 que hubo una demanda ciudadana por la violaci\u00f3n a la libertad de expresi\u00f3n y por ello se present\u00f3 la iniciativa.<\/p>\n\n\n\n<p>Mientras el coordinador de la bancada, Marcos Castro Mart\u00ednez, se\u00f1al\u00f3 que en tanto se da la derogaci\u00f3n del documento, se va a asesorar a los ciudadanos que sean demandados, a fin de que soliciten el amparo de la justicia federal.<\/p>\n\n\n\n<p>La diputada<strong>&nbsp;Fedrha Suriano Corrales&nbsp;<\/strong>de Movimiento , indic\u00f3 que es una ley ambigua que no fue analizada y que tiene muchas lagunas que ponen en riesgo la libertad de los ciudadanos.<\/p>\n\n\n\n<p>Indic\u00f3 que si hubiera habido un estudio serio, con los foros que hoy se proponen, no se habr\u00eda presentado esta situaci\u00f3n, donde no se conocen los l\u00edmites del documento.<\/p>\n\n\n\n<p>Coincidi\u00f3 con lo se\u00f1alado en la emisi\u00f3n de La Sala de Periodistas de Informe 96, en el sentido de que un ciudadano que viva en otro estado como Tlaxcala, Morelos, Veracruz, u alguna entidad vecina podr\u00e1 cometer las conductas se\u00f1aladas, pero no podr\u00e1n ser sancionado.<\/p>\n\n\n\n<p>La representante del partido naranja, indic\u00f3 que corresponde es que sea derogada despu\u00e9s de que concluya el per\u00edodo ordinario.<\/p>\n\n\n\n<p>Fuente: <a href=\"https:\/\/intoleranciadiario.com\/articles\/politica\/2025\/06\/18\/1039257-pri-ypan-presentan-iniciativa-para-derogar-el-ciberasedio.html\">https:\/\/intoleranciadiario.com\/articles\/politica\/2025\/06\/18\/1039257-pri-ypan-presentan-iniciativa-para-derogar-el-ciberasedio.html<\/a><\/p>\n","protected":false},"excerpt":{"rendered":"<p>La diputada por el Revolucionario Institucional, Delfina Pozos Vergara durante la sesi\u00f3n ordinaria present\u00f3 una iniciativa para derogar el citado [&hellip;]<\/p>\n","protected":false},"author":1,"featured_media":101420,"comment_status":"open","ping_status":"open","sticky":false,"template":"","format":"standard","meta":{"site-sidebar-layout":"default","site-content-layout":"","ast-site-content-layout":"default","site-content-style":"default","site-sidebar-style":"default","ast-global-header-display":"","ast-banner-title-visibility":"","ast-main-header-display":"","ast-hfb-above-header-display":"","ast-hfb-below-header-display":"","ast-hfb-mobile-header-display":"","site-post-title":"","ast-breadcrumbs-content":"","ast-featured-img":"","footer-sml-layout":"","theme-transparent-header-meta":"","adv-header-id-meta":"","stick-header-meta":"","header-above-stick-meta":"","header-main-stick-meta":"","header-below-stick-meta":"","astra-migrate-meta-layouts":"default","ast-page-background-enabled":"default","ast-page-background-meta":{"desktop":{"background-color":"var(--ast-global-color-4)","background-image":"","background-repeat":"repeat","background-position":"center center","background-size":"auto","background-attachment":"scroll","background-type":"","background-media":"","overlay-type":"","overlay-color":"","overlay-opacity":"","overlay-gradient":""},"tablet":{"background-color":"","background-image":"","background-repeat":"repeat","background-position":"center center","background-size":"auto","background-attachment":"scroll","background-type":"","background-media":"","overlay-type":"","overlay-color":"","overlay-opacity":"","overlay-gradient":""},"mobile":{"background-color":"","background-image":"","background-repeat":"repeat","background-position":"center center","background-size":"auto","background-attachment":"scroll","background-type":"","background-media":"","overlay-type":"","overlay-color":"","overlay-opacity":"","overlay-gradient":""}},"ast-content-background-meta":{"desktop":{"background-color":"var(--ast-global-color-5)","background-image":"","background-repeat":"repeat","background-position":"center center","background-size":"auto","background-attachment":"scroll","background-type":"","background-media":"","overlay-type":"","overlay-color":"","overlay-opacity":"","overlay-gradient":""},"tablet":{"background-color":"var(--ast-global-color-5)","background-image":"","background-repeat":"repeat","background-position":"center center","background-size":"auto","background-attachment":"scroll","background-type":"","background-media":"","overlay-type":"","overlay-color":"","overlay-opacity":"","overlay-gradient":""},"mobile":{"background-color":"var(--ast-global-color-5)","background-image":"","background-repeat":"repeat","background-position":"center center","background-size":"auto","background-attachment":"scroll","background-type":"","background-media":"","overlay-type":"","overlay-color":"","overlay-opacity":"","overlay-gradient":""}},"footnotes":""},"categories":[8],"tags":[39347,39345,39344],"class_list":["post-101419","post","type-post","status-publish","format-standard","has-post-thumbnail","hentry","category-noticias","tag-articulo-480-ciberasedio-puebla","tag-derogar-ciberasedio-puebla","tag-pri-pan-2"],"_links":{"self":[{"href":"https:\/\/losperiodistas.com.mx\/portal\/wp-json\/wp\/v2\/posts\/101419","targetHints":{"allow":["GET"]}}],"collection":[{"href":"https:\/\/losperiodistas.com.mx\/portal\/wp-json\/wp\/v2\/posts"}],"about":[{"href":"https:\/\/losperiodistas.com.mx\/portal\/wp-json\/wp\/v2\/types\/post"}],"author":[{"embeddable":true,"href":"https:\/\/losperiodistas.com.mx\/portal\/wp-json\/wp\/v2\/users\/1"}],"replies":[{"embeddable":true,"href":"https:\/\/losperiodistas.com.mx\/portal\/wp-json\/wp\/v2\/comments?post=101419"}],"version-history":[{"count":1,"href":"https:\/\/losperiodistas.com.mx\/portal\/wp-json\/wp\/v2\/posts\/101419\/revisions"}],"predecessor-version":[{"id":101421,"href":"https:\/\/losperiodistas.com.mx\/portal\/wp-json\/wp\/v2\/posts\/101419\/revisions\/101421"}],"wp:featuredmedia":[{"embeddable":true,"href":"https:\/\/losperiodistas.com.mx\/portal\/wp-json\/wp\/v2\/media\/101420"}],"wp:attachment":[{"href":"https:\/\/losperiodistas.com.mx\/portal\/wp-json\/wp\/v2\/media?parent=101419"}],"wp:term":[{"taxonomy":"category","embeddable":true,"href":"https:\/\/losperiodistas.com.mx\/portal\/wp-json\/wp\/v2\/categories?post=101419"},{"taxonomy":"post_tag","embeddable":true,"href":"https:\/\/losperiodistas.com.mx\/portal\/wp-json\/wp\/v2\/tags?post=101419"}],"curies":[{"name":"wp","href":"https:\/\/api.w.org\/{rel}","templated":true}]}}