{"id":101406,"date":"2025-06-18T08:46:02","date_gmt":"2025-06-18T14:46:02","guid":{"rendered":"https:\/\/losperiodistas.com.mx\/portal\/?p=101406"},"modified":"2025-06-18T08:46:04","modified_gmt":"2025-06-18T14:46:04","slug":"morante-sigue-acaparando-premios-de-san-isidro-2025-el-real-casino-y-los-abonados-se-rinden-ante-su-feria-ld","status":"publish","type":"post","link":"https:\/\/losperiodistas.com.mx\/portal\/morante-sigue-acaparando-premios-de-san-isidro-2025-el-real-casino-y-los-abonados-se-rinden-ante-su-feria-ld\/","title":{"rendered":"Morante sigue acaparando premios de San Isidro 2025: el Real Casino y los abonados se rinden ante su feria | LD"},"content":{"rendered":"\n<h2 class=\"wp-block-heading has-light-green-cyan-background-color has-background\"> El torero ha sido elegido como triunfador de San Isidro 2025 por dos respetadas asociaciones: el Real Casino de Madrid y la Uni\u00f3n de Abonados.<\/h2>\n\n\n\n<p><\/p>\n\n\n\n<p><a href=\"https:\/\/www.libertaddigital.com\/autores\/javier-romero-jordano\/\"><\/a><\/p>\n\n\n\n<figure class=\"wp-block-image size-full\"><img fetchpriority=\"high\" decoding=\"async\" width=\"697\" height=\"390\" src=\"https:\/\/losperiodistas.com.mx\/portal\/wp-content\/uploads\/2025\/06\/morante-las-ventas-premios-san-isidro-2025.jpeg.webp\" alt=\"\" class=\"wp-image-101407\" srcset=\"https:\/\/losperiodistas.com.mx\/portal\/wp-content\/uploads\/2025\/06\/morante-las-ventas-premios-san-isidro-2025.jpeg.webp 697w, https:\/\/losperiodistas.com.mx\/portal\/wp-content\/uploads\/2025\/06\/morante-las-ventas-premios-san-isidro-2025.jpeg-300x168.webp 300w\" sizes=\"(max-width: 697px) 100vw, 697px\" \/><figcaption class=\"wp-element-caption\">Morante de la Puebla dando la vuelta al ruedo en San Isidro 2025. |\u00a0Alfredo Ar\u00e9valo\/Las Ventas<\/figcaption><\/figure>\n\n\n\n<p class=\"has-vivid-red-color has-text-color has-link-color has-medium-font-size wp-elements-b618d4706aa413cd7c6be73671a505f3\"><strong><a href=\"https:\/\/www.libertaddigital.com\/autores\/javier-romero-jordano\/\">J. Romero Jordano<\/a> \/ Libertad Digital<\/strong><\/p>\n\n\n\n<p>El paso de&nbsp;<a href=\"https:\/\/www.libertaddigital.com\/personajes\/morante-de-la-puebla\/\"><strong>Morante de la Puebla<\/strong><\/a>&nbsp;por la&nbsp;<a href=\"https:\/\/www.libertaddigital.com\/cultura\/toros\/2025-02-06\/carteles-oficiales-san-isidro-2025-las-ventas-7216640\/\"><strong>Feria de San Isidro 2025<\/strong><\/a>&nbsp;ha dejado dos tardes para el recuerdo: la Corrida de la Prensa del 28 de mayo y la Beneficencia del 8 de junio, en la que&nbsp;<a href=\"https:\/\/www.libertaddigital.com\/cultura\/toros\/2025-06-09\/puerta-grande-morante-las-ventas-2025-7263581\/\">sali\u00f3 por primera vez como matador de toros por la Puerta Grande de Las Ventas<\/a>. El torero puso el broche de oro a una primavera hist\u00f3rica en la que dej\u00f3 grandes faenas en Sevilla, Aranjuez o en Jerez de la Frontera y Salamanca, donde cort\u00f3 un rabo en ambas plazas.<\/p>\n\n\n\n<p>El genio de La Puebla del R\u00edo, que&nbsp;<a href=\"https:\/\/www.libertaddigital.com\/cultura\/toros\/2025-06-17\/morante-denuncia-la-actuacion-policial-en-su-puerta-grande-se-portaron-muy-agresivos-con-los-aficionados-7266869\/\"><strong>recientemente denunci\u00f3 la actuaci\u00f3n policial contra los aficionados&nbsp;<\/strong><\/a>en su multitudinaria salida a hombros de Las Ventas, ha sido elegido como triunfador de San Isidro 2025 por dos prestigiosas instituciones en la que hay grandes aficionados a los toros: el Real Casino de Madrid y la Uni\u00f3n de Abonados y Aficionados Taurinos de Madrid (UAATM). La empresa que gestiona la Monumental de Las Ventas, Plaza 1,&nbsp;<a href=\"https:\/\/www.libertaddigital.com\/cultura\/toros\/2025-06-10\/morante-y-talavante-triunfadores-de-san-isidro-2025-para-plaza-1-7264037\/\">fall\u00f3 sus premios eligiendo como triunfador a Alejandro Talavante&nbsp;<\/a>mientras que del cigarrero destacaron su faena del 28 de mayo como la mejor de la feria.<\/p>\n\n\n\n<p><a href=\"https:\/\/www.libertaddigital.com\/cultura\/toros\/2025-06-09\/puerta-grande-morante-las-ventas-2025-7263581\/\">Hist\u00f3rica Puerta Grande de Morante en Las Ventas: \u00abAgente, corte la calle que lo llevamos al Wellington\u00bbJ. Romero Jordano<\/a><\/p>\n\n\n\n<h3 class=\"wp-block-heading\">Los XXIX Premios Taurinos del Real Casino de Madrid<\/h3>\n\n\n\n<p>Una vez concluida la Feria de San Isidro 2025 y las dos corridas extraordinarias con las que se le ha puesto punto y final, Beneficencia e&nbsp;<em>In Memoriam<\/em>, el&nbsp;<a href=\"https:\/\/www.casinodemadrid.es\/casinoa\/index.html\" target=\"_blank\" rel=\"noreferrer noopener\"><strong>Real Casino de Madrid<\/strong><\/a>&nbsp;ha fallado sus XXIX Premios Taurinos. La se\u00f1orial instituci\u00f3n sita en la Calle de Alcal\u00e1 a pocos metros de la Puerta del Sol ha destacado a Morante de la Puebla como Triunfador de San Isidro \u00abpor sus actuaciones en las corridas extraordinarias del 28 de mayo, Prensa, y 8 de junio, Beneficencia\u00bb. Tambi\u00e9n cuenta con una menci\u00f3n especial por el&nbsp;<a href=\"https:\/\/videos.toromedia.com\/w\/rEX5ZxF1x6hh1oJ1hRQFSN\" target=\"_blank\" rel=\"noreferrer noopener\"><strong>milagroso \u00abquite del vaso\u00bb<\/strong><\/a>&nbsp;(Chapu Apaolaza) que realiz\u00f3 durante la faena al toro de Garcigrande.<\/p>\n\n\n\n<p>El torero cigarrero toma el testigo de&nbsp;<strong>Borja Jim\u00e9nez<\/strong>, que&nbsp;<a href=\"https:\/\/www.libertaddigital.com\/cultura\/toros\/2025-02-22\/borja-jimenez-doblete-en-los-xxviii-premios-taurinos-real-casino-de-madrid-7222982\/\">recogi\u00f3 el premio de 2024 en una gala celebrada a principios de a\u00f1o<\/a>. El propio Jim\u00e9nez ha sido premiado por la Mejor Faena, la que le hizo al toro&nbsp;<em>Milhijas<\/em>&nbsp;de Victorino Mart\u00edn en la Corrida&nbsp;<em>In Memoriam<\/em>&nbsp;del ganadero de Galapagar celebrada el pasado 15 de junio.<\/p>\n\n\n\n<p><a href=\"https:\/\/www.libertaddigital.com\/cultura\/toros\/2025-06-10\/morante-y-talavante-triunfadores-de-san-isidro-2025-para-plaza-1-7264037\/\">Morante y Talavante, triunfadores de San Isidro 2025 para Plaza 1Javier Romero Jordano<\/a><\/p>\n\n\n\n<p>Otros galardonados han sido:&nbsp;<strong>V\u00edctor Hern\u00e1ndez&nbsp;<\/strong>como Torero Revelaci\u00f3n;&nbsp;<strong>Jandilla<\/strong>, a la Ganader\u00eda M\u00e1s Completa;&nbsp;<strong>Milhijas<\/strong>, de Victorino Mart\u00edn, como el Toro m\u00e1s Bravo;&nbsp;<strong>Emilio de Justo<\/strong>, por la Mejor Estocada;&nbsp;<strong>V\u00edctor del Pozo<\/strong>, por el Mejor Par de Banderillas y&nbsp;<strong>Aar\u00f3n Palacio<\/strong>, como Mejor Novillero. Adem\u00e1s&nbsp;<strong>Fortes<\/strong>,&nbsp;<strong>G\u00f3mez del Pilar<\/strong>, el propio Morante y&nbsp;<strong>TeleMadrid<\/strong>&nbsp;han recibido menciones especiales de los socios casinistas.<\/p>\n\n\n\n<h2 class=\"wp-block-heading\">Relacionado<\/h2>\n\n\n\n<ul class=\"wp-block-list\">\n<li><a href=\"https:\/\/www.libertaddigital.com\/cultura\/toros\/2025-06-17\/morante-denuncia-la-actuacion-policial-en-su-puerta-grande-se-portaron-muy-agresivos-con-los-aficionados-7266869\/\">Morante denuncia la actuaci\u00f3n policial en su Puerta Grande: \u00abSe portaron muy agresivos con los aficionados\u00bb<\/a><\/li>\n\n\n\n<li><a href=\"https:\/\/www.libertaddigital.com\/cultura\/toros\/2025-06-16\/los-toros-en-madrid-no-acaban-con-san-isidro-todos-los-festejos-en-las-ventas-en-junio-y-julio-7266510\/\">Los toros en Madrid no acaban con San Isidro: todos los festejos en Las Ventas en junio y julio<\/a><\/li>\n\n\n\n<li><a href=\"https:\/\/www.libremercado.com\/2025-06-11\/mier-la-feria-de-san-isidro-dispara-las-audiencias-de-tv-mientras-la-plaza-se-llena-de-jovenes-7264192\/\">La Feria de San Isidro dispara las audiencias de TV mientras la plaza se llena de j\u00f3venes<\/a><\/li>\n\n\n\n<li><a href=\"https:\/\/www.libertaddigital.com\/cultura\/toros\/2025-06-10\/morante-y-talavante-triunfadores-de-san-isidro-2025-para-plaza-1-7264037\/\">Morante y Talavante, triunfadores de San Isidro 2025 para Plaza 1<\/a><\/li>\n\n\n\n<li><a href=\"https:\/\/www.libertaddigital.com\/cultura\/toros\/2025-06-09\/puerta-grande-morante-las-ventas-2025-7263581\/\">Hist\u00f3rica Puerta Grande de Morante en Las Ventas: \u00abAgente, corte la calle que lo llevamos al Wellington\u00bb<\/a><\/li>\n<\/ul>\n\n\n\n<p><strong>Todos los premios<\/strong><\/p>\n\n\n\n<ul class=\"wp-block-list\">\n<li><strong>Triunfador de la feria<\/strong>: Jos\u00e9 Antonio Morante Camacho, Morante de la Puebla, por sus actuaciones en las corridas extraordinarias del 28 de mayo, Prensa, y 8 de junio, Beneficencia.<\/li>\n\n\n\n<li><strong>Mejor faena<\/strong>: Borja Jim\u00e9nez, por su faena al toro\u00a0<em>Milhijas<\/em>, n\u00famero 104 de la ganader\u00eda de D. Victorino Mart\u00edn, lidiado la tarde del d\u00eda 15 de junio en sexto lugar.<\/li>\n\n\n\n<li><strong>Torero revelaci\u00f3n<\/strong>: V\u00edctor Hern\u00e1ndez, por su actuaci\u00f3n el d\u00eda 10 de mayo ante el toro\u00a0<em>Busca-Oro<\/em>, n\u00famero 961 de la ganader\u00eda de El Pilar lidiado en tercer lugar.<\/li>\n\n\n\n<li><strong>Ganader\u00eda m\u00e1s completa<\/strong>: Jandilla, por la corrida lidiada la tarde del 5 de junio.<\/li>\n\n\n\n<li><strong>Toro m\u00e1s bravo<\/strong>:\u00a0<em>Milhijas<\/em>, n\u00famero 104 de la ganader\u00eda de D. Victorino Mart\u00edn, lidiado la tarde del 15 de junio en sexto lugar.<\/li>\n\n\n\n<li><strong>Mejor estocada<\/strong>: Emilio de Justo, por su estocada al toro\u00a0<em>Milhebras<\/em>, n\u00famero 40 de la ganader\u00eda de D. Victorino Martin, lidiado en quinto lugar el 15 de junio.<\/li>\n\n\n\n<li><strong>Mejor par de banderillas<\/strong>: V\u00edctor del Pozo, por su actuaci\u00f3n ante el toro,\u00a0<em>Calentito<\/em>\u00a0n\u00ba18 de la ganader\u00eda de D. Jos\u00e9 Escolar, lidiado la tarde del 3 de junio en quinto lugar.<\/li>\n\n\n\n<li><strong>Mejor novillero<\/strong>: Aaron Palacio, por su actuaci\u00f3n del 13 de mayo ante novillos de Alcurruc\u00e9n.<\/li>\n<\/ul>\n\n\n\n<p><strong>Menciones especiales<\/strong><\/p>\n\n\n\n<ul class=\"wp-block-list\">\n<li><strong><em>Una tarde para el recuerdo<\/em><\/strong>\u00a0a Sa\u00fal Jim\u00e9nez Fortes, por su actuaci\u00f3n la tarde del 21 de mayo ante toros de Arauz de Robles.<\/li>\n\n\n\n<li><strong><em>Al coraje y al valor<\/em><\/strong>\u00a0a No\u00e9 G\u00f3mez del Pilar, por su actuaci\u00f3n del 3 de junio ante toros de D. Jos\u00e9 Escolar.<\/li>\n\n\n\n<li><strong><em>Al quite de riesgo<\/em><\/strong>\u00a0a Morante de la Puebla por su quite a cuerpo limpio, el que es ya conocido como \u00abel quite del vaso\u00bb, a su banderillero Jos\u00e9 Mar\u00eda Amores el d\u00eda 28 de mayo al toro\u00a0<em>Seminarista<\/em>, n\u00famero 7 de la ganader\u00eda de Garcigrande lidiado en primer lugar.<\/li>\n\n\n\n<li><strong><em>Al medio de comunicaci\u00f3n<\/em><\/strong>\u00a0a Radio Televisi\u00f3n Madrid, por su amplia cobertura, difusi\u00f3n, divulgaci\u00f3n y apoyo a la tauromaquia en toda su programaci\u00f3n en todos sus medios.<\/li>\n<\/ul>\n\n\n\n<p><a href=\"https:\/\/www.libertaddigital.com\/cultura\/toros\/2025-06-17\/morante-denuncia-la-actuacion-policial-en-su-puerta-grande-se-portaron-muy-agresivos-con-los-aficionados-7266869\/\">Morante denuncia la actuaci\u00f3n policial en su Puerta Grande: \u00abSe portaron muy agresivos con los aficionados\u00bbJ. Romero Jordano<\/a><\/p>\n\n\n\n<h3 class=\"wp-block-heading\">La UAATM tambi\u00e9n se rinde a Morante<\/h3>\n\n\n\n<p>Esta semana tambi\u00e9n se han conocido los premios de la&nbsp;<strong><a href=\"https:\/\/x.com\/abonadosmadrid\" target=\"_blank\" rel=\"noreferrer noopener\">Uni\u00f3n de Abonados y Aficionados Taurinos de Madrid&nbsp;<\/a><\/strong>(UAATM) que ha reconocido a Morante de la Puebla como Triunfador y autor de la Mejor Faena de la Feria de San Isidro 2025. En este caso los aficionados de Las Ventas se han ce\u00f1ido \u00fanicamente al ciclo isidril, como hizo Plaza 1, dejando fuera de su ponderaci\u00f3n las corridas extraordinarias del 8 y 15 de junio en las que salieron a hombros Morante y Borja Jim\u00e9nez, respectivamente.<\/p>\n\n\n\n<p><strong>Los premios de la UAATM son:<\/strong><\/p>\n\n\n\n<ul class=\"wp-block-list\">\n<li><strong>Triunfador de la Feria y Mejor Faena<\/strong>: Morante de la Puebla, por su faena al toro\u00a0<em>Seminarista-2<\/em>\u00a0de Garcigrande el 28 de mayo.<\/li>\n\n\n\n<li><strong>Mejor Novillero:\u00a0<\/strong>Aar\u00f3n Palacio, por su actuaci\u00f3n el d\u00eda 13 de mayo ante novillos de Alcurruc\u00e9n<\/li>\n\n\n\n<li><strong>Mejor Ganader\u00eda:<\/strong>\u00a0Jandilla, por la corrida lidiada el 5 de junio<\/li>\n\n\n\n<li><strong>Mejor toro:\u00a0<\/strong><em>Brigadier<\/em>, de Pedraza de Yeltes, lidiado por Isaac Fonseca en sexto lugar el 14 de mayo y premiado por la vuelta al ruedo<\/li>\n\n\n\n<li><strong>Mejor picador<\/strong>: Borja Lorente, de la cuadrilla de Isaac Fonseca, por su actuaci\u00f3n al sexto toro\u00a0<em>Brigadier<\/em>\u00a0de la corrida de Pedraza de Yeltes el 14 de mayo<\/li>\n\n\n\n<li><strong>Mejor Torero de Plata:<\/strong>\u00a0Iv\u00e1n Garc\u00eda, por el conjunto de sus actuaciones a lo largo de la pasada feria de San Isidro, los d\u00edas 15, 16, 21, 24, 27 y 30 de mayo<\/li>\n\n\n\n<li><strong>Menci\u00f3n especial:<\/strong>\u00a0Sa\u00fal Jim\u00e9nez Fortes, por su faena ante el toro\u00a0<em>Chivita<\/em>\u00a0de la ganader\u00eda de Ara\u00faz de Robles el 21 de mayo<\/li>\n\n\n\n<li><strong>Menci\u00f3n especial y Torero Revelaci\u00f3n:\u00a0<\/strong>V\u00edctor Hern\u00e1ndez, por su actuaci\u00f3n el 10 de mayo, cortando una oreja al toro\u00a0<em>Busca-Oro<\/em>, tercero de la corrida de El Pilar.<\/li>\n<\/ul>\n\n\n\n<p>Fuente: <a href=\"https:\/\/www.libertaddigital.com\/cultura\/toros\/2025-06-18\/morante-sigue-acaparando-premios-de-san-isidro-2025-el-real-casino-y-los-abonados-se-rinden-ante-su-feria-7267390\/\">https:\/\/www.libertaddigital.com\/cultura\/toros\/2025-06-18\/morante-sigue-acaparando-premios-de-san-isidro-2025-el-real-casino-y-los-abonados-se-rinden-ante-su-feria-7267390\/<\/a><\/p>\n\n\n\n<p><\/p>\n","protected":false},"excerpt":{"rendered":"<p>El torero ha sido elegido como triunfador de San Isidro 2025 por dos respetadas asociaciones: el Real Casino de Madrid [&hellip;]<\/p>\n","protected":false},"author":1,"featured_media":101407,"comment_status":"open","ping_status":"open","sticky":false,"template":"","format":"standard","meta":{"site-sidebar-layout":"default","site-content-layout":"","ast-site-content-layout":"default","site-content-style":"default","site-sidebar-style":"default","ast-global-header-display":"","ast-banner-title-visibility":"","ast-main-header-display":"","ast-hfb-above-header-display":"","ast-hfb-below-header-display":"","ast-hfb-mobile-header-display":"","site-post-title":"","ast-breadcrumbs-content":"","ast-featured-img":"","footer-sml-layout":"","theme-transparent-header-meta":"","adv-header-id-meta":"","stick-header-meta":"","header-above-stick-meta":"","header-main-stick-meta":"","header-below-stick-meta":"","astra-migrate-meta-layouts":"default","ast-page-background-enabled":"default","ast-page-background-meta":{"desktop":{"background-color":"var(--ast-global-color-4)","background-image":"","background-repeat":"repeat","background-position":"center center","background-size":"auto","background-attachment":"scroll","background-type":"","background-media":"","overlay-type":"","overlay-color":"","overlay-opacity":"","overlay-gradient":""},"tablet":{"background-color":"","background-image":"","background-repeat":"repeat","background-position":"center center","background-size":"auto","background-attachment":"scroll","background-type":"","background-media":"","overlay-type":"","overlay-color":"","overlay-opacity":"","overlay-gradient":""},"mobile":{"background-color":"","background-image":"","background-repeat":"repeat","background-position":"center center","background-size":"auto","background-attachment":"scroll","background-type":"","background-media":"","overlay-type":"","overlay-color":"","overlay-opacity":"","overlay-gradient":""}},"ast-content-background-meta":{"desktop":{"background-color":"var(--ast-global-color-5)","background-image":"","background-repeat":"repeat","background-position":"center center","background-size":"auto","background-attachment":"scroll","background-type":"","background-media":"","overlay-type":"","overlay-color":"","overlay-opacity":"","overlay-gradient":""},"tablet":{"background-color":"var(--ast-global-color-5)","background-image":"","background-repeat":"repeat","background-position":"center center","background-size":"auto","background-attachment":"scroll","background-type":"","background-media":"","overlay-type":"","overlay-color":"","overlay-opacity":"","overlay-gradient":""},"mobile":{"background-color":"var(--ast-global-color-5)","background-image":"","background-repeat":"repeat","background-position":"center center","background-size":"auto","background-attachment":"scroll","background-type":"","background-media":"","overlay-type":"","overlay-color":"","overlay-opacity":"","overlay-gradient":""}},"footnotes":""},"categories":[8],"tags":[38501,9674,2746,39337],"class_list":["post-101406","post","type-post","status-publish","format-standard","has-post-thumbnail","hentry","category-noticias","tag-feria-san-isidro-2025","tag-las-ventas","tag-morante-de-la-puebla","tag-triunfadores-san-isidro-2025"],"_links":{"self":[{"href":"https:\/\/losperiodistas.com.mx\/portal\/wp-json\/wp\/v2\/posts\/101406","targetHints":{"allow":["GET"]}}],"collection":[{"href":"https:\/\/losperiodistas.com.mx\/portal\/wp-json\/wp\/v2\/posts"}],"about":[{"href":"https:\/\/losperiodistas.com.mx\/portal\/wp-json\/wp\/v2\/types\/post"}],"author":[{"embeddable":true,"href":"https:\/\/losperiodistas.com.mx\/portal\/wp-json\/wp\/v2\/users\/1"}],"replies":[{"embeddable":true,"href":"https:\/\/losperiodistas.com.mx\/portal\/wp-json\/wp\/v2\/comments?post=101406"}],"version-history":[{"count":1,"href":"https:\/\/losperiodistas.com.mx\/portal\/wp-json\/wp\/v2\/posts\/101406\/revisions"}],"predecessor-version":[{"id":101408,"href":"https:\/\/losperiodistas.com.mx\/portal\/wp-json\/wp\/v2\/posts\/101406\/revisions\/101408"}],"wp:featuredmedia":[{"embeddable":true,"href":"https:\/\/losperiodistas.com.mx\/portal\/wp-json\/wp\/v2\/media\/101407"}],"wp:attachment":[{"href":"https:\/\/losperiodistas.com.mx\/portal\/wp-json\/wp\/v2\/media?parent=101406"}],"wp:term":[{"taxonomy":"category","embeddable":true,"href":"https:\/\/losperiodistas.com.mx\/portal\/wp-json\/wp\/v2\/categories?post=101406"},{"taxonomy":"post_tag","embeddable":true,"href":"https:\/\/losperiodistas.com.mx\/portal\/wp-json\/wp\/v2\/tags?post=101406"}],"curies":[{"name":"wp","href":"https:\/\/api.w.org\/{rel}","templated":true}]}}