{"id":101386,"date":"2025-06-18T06:51:08","date_gmt":"2025-06-18T12:51:08","guid":{"rendered":"https:\/\/losperiodistas.com.mx\/portal\/?p=101386"},"modified":"2025-06-18T06:53:53","modified_gmt":"2025-06-18T12:53:53","slug":"ift-castiga-a-telcel-de-carlos-slim-por-monopolio-uso-a-oxxo-para-bloquear-a-la-competencia","status":"publish","type":"post","link":"https:\/\/losperiodistas.com.mx\/portal\/ift-castiga-a-telcel-de-carlos-slim-por-monopolio-uso-a-oxxo-para-bloquear-a-la-competencia\/","title":{"rendered":"IFT castiga a Telcel de Carlos Slim por monopolio; us\u00f3 a Oxxo para bloquear a la competencia"},"content":{"rendered":"\n<p><strong>De acuerdo con el IFT, la conducta imputada a Telcel consisti\u00f3 en \u201cel otorgamiento de incentivos y beneficios a Oxxo e IMMEX, as\u00ed como un canal de distribuci\u00f3n indirecto, con la condici\u00f3n de no comercializar tarjetas SIM de agentes econ\u00f3micos que afectaran a Telcel, a nivel nacional\u201d.<\/strong><a href=\"javascript:void(0)\"><\/a><\/p>\n\n\n\n<figure class=\"wp-block-image\"><a href=\"https:\/\/www.proceso.com.mx\/u\/fotografias\/m\/2025\/2\/22\/f1280x720-217524_349199_5050.jpeg\"><img decoding=\"async\" src=\"https:\/\/www.proceso.com.mx\/u\/fotografias\/m\/2025\/2\/22\/f685x385-217524_255217_5050.jpeg\" alt=\"IFT castiga a Telcel de Carlos Slim por monopolio; us\u00f3 a Oxxo para bloquear a la competencia\"\/><\/a><figcaption class=\"wp-element-caption\">El empresario mexicano, Carlos Slim. Foto: Archivo Proceso<\/figcaption><\/figure>\n\n\n\n<p class=\"has-vivid-red-color has-text-color has-link-color has-medium-font-size wp-elements-8703ea2f5b0f34954637d55d8cbf4803\"><strong><a href=\"https:\/\/www.proceso.com.mx\/autor\/camila-ayala-espinosa.html\">Por&nbsp;Camila Ayala Espinosa<\/a> \/ Proceso<\/strong><\/p>\n\n\n\n<p><\/p>\n\n\n\n<p>CIUDAD DE M\u00c9XICO (apro) .- En medio de su inminente desaparici\u00f3n, el Instituto Federal de Telecomunicaciones (IFT) sancion\u00f3 a Telcel de Carlos Slim, por incurrir en una pr\u00e1ctica monop\u00f3lica que afect\u00f3 a la competencia y a los consumidores del servicio de telefon\u00eda m\u00f3vil en todo el pa\u00eds.&nbsp;<\/p>\n\n\n\n<p>La resoluci\u00f3n tambi\u00e9n alcanz\u00f3 a Impulsora de Mercados de M\u00e9xico (IMMEX) y a Cadena Comercial Oxxo (Oxxo), a quienes se le acus\u00f3 de haber facilitado la ejecuci\u00f3n de la pr\u00e1ctica anticompetitiva atribuida al hombre m\u00e1s rico de M\u00e9xico.&nbsp;&nbsp;<\/p>\n\n\n\n<p class=\"has-ast-global-color-4-background-color has-background\"><strong>Noticias Relacionadas<\/strong><\/p>\n\n\n\n<ul class=\"wp-block-list\">\n<li><a href=\"https:\/\/www.proceso.com.mx\/nacional\/2025\/5\/30\/inteligente-culto-refrescante-en-opiniones-asi-describio-sheinbaum-su-reunion-con-slim-352116.html\">\u201cInteligente, culto y refrescante en opiniones\u201d; as\u00ed describi\u00f3 Sheinbaum su reuni\u00f3n con Slim<\/a><\/li>\n\n\n\n<li><a href=\"https:\/\/www.proceso.com.mx\/economia\/2025\/5\/7\/sin-el-ift-america-movil-de-carlos-slim-apostara-por-la-expansion-de-las-telecomunicaciones-350725.html\">Sin el IFT, Am\u00e9rica M\u00f3vil de Carlos Slim apostar\u00e1 por la expansi\u00f3n de las telecomunicaciones<\/a><\/li>\n\n\n\n<li><a href=\"https:\/\/www.proceso.com.mx\/economia\/2024\/9\/11\/el-ift-multa-telcel-con-906-millones-de-pesos-por-practicas-monopolicas-336584.html\">El IFT multa a Telcel con 90.6 millones de pesos por pr\u00e1cticas monop\u00f3licas<\/a><\/li>\n<\/ul>\n\n\n\n<p>De acuerdo con el documento oficial emitido por el IFT, la conducta imputada a Telcel consisti\u00f3 en \u201cel otorgamiento de incentivos y beneficios a Oxxo e IMMEX, as\u00ed como un canal de distribuci\u00f3n indirecto, con la condici\u00f3n de no comercializar tarjetas SIM de agentes econ\u00f3micos que afectaran a Telcel, a nivel nacional\u201d.&nbsp;<\/p>\n\n\n\n<p>El organismo acredit\u00f3 que esta estrategia se implement\u00f3 entre enero de 2021 y enero de 2024. En ese periodo, Telcel logr\u00f3 excluir a sus competidores del canal de distribuci\u00f3n que representa la cadena Oxxo \u2014una de las m\u00e1s importantes del pa\u00eds en venta minorista\u2014 afectando directamente el acceso de los usuarios a alternativas en el servicio m\u00f3vil.&nbsp;<\/p>\n\n\n\n<p>\u201cEl objeto y efecto de Telcel fue impedir el acceso a sus competidores al Mercado Relevante y al Mercado Relacionado de telefon\u00eda m\u00f3vil en detrimento de los usuarios, al restringir sus opciones para adquirir tarjetas SIM en las Tiendas Oxxo e impedir que contaran con alternativas de acceso al servicio de telefon\u00eda m\u00f3vil de distintos proveedores\u201d, puntualiza el texto.&nbsp;<\/p>\n\n\n\n<p>Por ello, el IFT impuso una multa de mil 782.6 millones de pesos a Telcel, mientras que IMMEX y Oxxo deber\u00e1n pagar 19.5 millones de pesos cada una.&nbsp;&nbsp;<\/p>\n\n\n\n<p>Las sanciones se derivan de una investigaci\u00f3n iniciada en agosto de 2021 por la Autoridad Investigadora del IFT, la cual culmin\u00f3 en mayo de 2024 con la emisi\u00f3n de un Dictamen de Probable Responsabilidad, luego de acreditar los elementos constitutivos de la conducta anticompetitiva.&nbsp;<\/p>\n\n\n\n<h3 class=\"wp-block-heading\"><strong>La defensa de Telcel&nbsp;<\/strong><\/h3>\n\n\n\n<p>Por su parte, Telcel rechaz\u00f3 \u201ccateg\u00f3ricamente haber cometido la pr\u00e1ctica referida\u201d y descalific\u00f3 tanto el proceso como la sanci\u00f3n impuesta.&nbsp;<\/p>\n\n\n\n<p>\u201cEsta multa arbitraria y desproporcionada se basa en dichos de un competidor y en una investigaci\u00f3n que se caracteriz\u00f3 por el actuar parcial y carente de pruebas por parte de la Autoridad Investigadora del IFT\u201d, sostuvo la empresa a trav\u00e9s de un posicionamiento enviado a la Bolsa Mexicana de Valores.&nbsp;<\/p>\n\n\n\n<p>Fuente: <a href=\"https:\/\/www.proceso.com.mx\/nacional\/2025\/6\/17\/ift-castiga-telcel-de-carlos-slim-por-monopolio-uso-oxxo-para-bloquear-la-competencia-353242.html\">https:\/\/www.proceso.com.mx\/nacional\/2025\/6\/17\/ift-castiga-telcel-de-carlos-slim-por-monopolio-uso-oxxo-para-bloquear-la-competencia-353242.html<\/a><\/p>\n","protected":false},"excerpt":{"rendered":"<p>De acuerdo con el IFT, la conducta imputada a Telcel consisti\u00f3 en \u201cel otorgamiento de incentivos y beneficios a Oxxo [&hellip;]<\/p>\n","protected":false},"author":1,"featured_media":101387,"comment_status":"open","ping_status":"open","sticky":false,"template":"","format":"standard","meta":{"site-sidebar-layout":"default","site-content-layout":"","ast-site-content-layout":"default","site-content-style":"default","site-sidebar-style":"default","ast-global-header-display":"","ast-banner-title-visibility":"","ast-main-header-display":"","ast-hfb-above-header-display":"","ast-hfb-below-header-display":"","ast-hfb-mobile-header-display":"","site-post-title":"","ast-breadcrumbs-content":"","ast-featured-img":"","footer-sml-layout":"","theme-transparent-header-meta":"","adv-header-id-meta":"","stick-header-meta":"","header-above-stick-meta":"","header-main-stick-meta":"","header-below-stick-meta":"","astra-migrate-meta-layouts":"default","ast-page-background-enabled":"default","ast-page-background-meta":{"desktop":{"background-color":"var(--ast-global-color-4)","background-image":"","background-repeat":"repeat","background-position":"center center","background-size":"auto","background-attachment":"scroll","background-type":"","background-media":"","overlay-type":"","overlay-color":"","overlay-opacity":"","overlay-gradient":""},"tablet":{"background-color":"","background-image":"","background-repeat":"repeat","background-position":"center center","background-size":"auto","background-attachment":"scroll","background-type":"","background-media":"","overlay-type":"","overlay-color":"","overlay-opacity":"","overlay-gradient":""},"mobile":{"background-color":"","background-image":"","background-repeat":"repeat","background-position":"center center","background-size":"auto","background-attachment":"scroll","background-type":"","background-media":"","overlay-type":"","overlay-color":"","overlay-opacity":"","overlay-gradient":""}},"ast-content-background-meta":{"desktop":{"background-color":"var(--ast-global-color-5)","background-image":"","background-repeat":"repeat","background-position":"center center","background-size":"auto","background-attachment":"scroll","background-type":"","background-media":"","overlay-type":"","overlay-color":"","overlay-opacity":"","overlay-gradient":""},"tablet":{"background-color":"var(--ast-global-color-5)","background-image":"","background-repeat":"repeat","background-position":"center center","background-size":"auto","background-attachment":"scroll","background-type":"","background-media":"","overlay-type":"","overlay-color":"","overlay-opacity":"","overlay-gradient":""},"mobile":{"background-color":"var(--ast-global-color-5)","background-image":"","background-repeat":"repeat","background-position":"center center","background-size":"auto","background-attachment":"scroll","background-type":"","background-media":"","overlay-type":"","overlay-color":"","overlay-opacity":"","overlay-gradient":""}},"footnotes":""},"categories":[8],"tags":[3664,11955,39325,2372],"class_list":["post-101386","post","type-post","status-publish","format-standard","has-post-thumbnail","hentry","category-noticias","tag-ift","tag-oxxo","tag-sanciones-ift","tag-telcel"],"_links":{"self":[{"href":"https:\/\/losperiodistas.com.mx\/portal\/wp-json\/wp\/v2\/posts\/101386","targetHints":{"allow":["GET"]}}],"collection":[{"href":"https:\/\/losperiodistas.com.mx\/portal\/wp-json\/wp\/v2\/posts"}],"about":[{"href":"https:\/\/losperiodistas.com.mx\/portal\/wp-json\/wp\/v2\/types\/post"}],"author":[{"embeddable":true,"href":"https:\/\/losperiodistas.com.mx\/portal\/wp-json\/wp\/v2\/users\/1"}],"replies":[{"embeddable":true,"href":"https:\/\/losperiodistas.com.mx\/portal\/wp-json\/wp\/v2\/comments?post=101386"}],"version-history":[{"count":2,"href":"https:\/\/losperiodistas.com.mx\/portal\/wp-json\/wp\/v2\/posts\/101386\/revisions"}],"predecessor-version":[{"id":101390,"href":"https:\/\/losperiodistas.com.mx\/portal\/wp-json\/wp\/v2\/posts\/101386\/revisions\/101390"}],"wp:featuredmedia":[{"embeddable":true,"href":"https:\/\/losperiodistas.com.mx\/portal\/wp-json\/wp\/v2\/media\/101387"}],"wp:attachment":[{"href":"https:\/\/losperiodistas.com.mx\/portal\/wp-json\/wp\/v2\/media?parent=101386"}],"wp:term":[{"taxonomy":"category","embeddable":true,"href":"https:\/\/losperiodistas.com.mx\/portal\/wp-json\/wp\/v2\/categories?post=101386"},{"taxonomy":"post_tag","embeddable":true,"href":"https:\/\/losperiodistas.com.mx\/portal\/wp-json\/wp\/v2\/tags?post=101386"}],"curies":[{"name":"wp","href":"https:\/\/api.w.org\/{rel}","templated":true}]}}