{"id":101352,"date":"2025-06-17T07:44:22","date_gmt":"2025-06-17T13:44:22","guid":{"rendered":"https:\/\/losperiodistas.com.mx\/portal\/?p=101352"},"modified":"2025-06-17T07:44:23","modified_gmt":"2025-06-17T13:44:23","slug":"la-colonia-menonita-que-se-asocio-con-una-empresa-de-diamantes-nyt","status":"publish","type":"post","link":"https:\/\/losperiodistas.com.mx\/portal\/la-colonia-menonita-que-se-asocio-con-una-empresa-de-diamantes-nyt\/","title":{"rendered":"La colonia menonita que se asoci\u00f3 con una empresa de diamantes | NYT"},"content":{"rendered":"\n<p class=\"has-light-green-cyan-background-color has-background has-medium-font-size\">Casi 60 menonitas, la mayor\u00eda procedentes de M\u00e9xico, forman una comunidad que se ha establecido en Angola, lo que ha causado preocupaci\u00f3n en los habitantes de la zona.<\/p>\n\n\n\n<figure class=\"wp-block-image size-large\"><img fetchpriority=\"high\" decoding=\"async\" width=\"1024\" height=\"683\" src=\"https:\/\/losperiodistas.com.mx\/portal\/wp-content\/uploads\/2025\/06\/00mennonites-12-vkwz-superJumbo-1024x683.jpeg\" alt=\"\" class=\"wp-image-101353\" srcset=\"https:\/\/losperiodistas.com.mx\/portal\/wp-content\/uploads\/2025\/06\/00mennonites-12-vkwz-superJumbo-1024x683.jpeg 1024w, https:\/\/losperiodistas.com.mx\/portal\/wp-content\/uploads\/2025\/06\/00mennonites-12-vkwz-superJumbo-300x200.jpeg 300w, https:\/\/losperiodistas.com.mx\/portal\/wp-content\/uploads\/2025\/06\/00mennonites-12-vkwz-superJumbo-768x512.jpeg 768w, https:\/\/losperiodistas.com.mx\/portal\/wp-content\/uploads\/2025\/06\/00mennonites-12-vkwz-superJumbo-1536x1024.jpeg 1536w, https:\/\/losperiodistas.com.mx\/portal\/wp-content\/uploads\/2025\/06\/00mennonites-12-vkwz-superJumbo.jpeg 2048w\" sizes=\"(max-width: 1024px) 100vw, 1024px\" \/><figcaption class=\"wp-element-caption\">Miembros de una familia menonita delante de su casa en el asentamiento Campos de esperanza, en el noreste de Angola.<\/figcaption><\/figure>\n\n\n\n<p class=\"has-vivid-red-color has-text-color has-link-color has-medium-font-size wp-elements-b3915aacb95d86b7d5b9131fe4419558\"><strong>Por\u00a0Nadia Shira Cohen\u00a0y\u00a0<a href=\"https:\/\/www.nytimes.com\/by\/alan-yuhas\">Alan Yuhas<\/a> \/ The New York Times<\/strong><\/p>\n\n\n\n<p>Visuals by&nbsp;Nadia Shira Cohen<\/p>\n\n\n\n<p>Nadia Shira Cohen viaj\u00f3 al asentamiento menonita \u201cvieja colonia\u201d, en el noreste de Angola, y pas\u00f3 m\u00e1s de tres semanas a lo largo de dos viajes hablando con los menonitas, sus vecinos y funcionarios.<\/p>\n\n\n\n<ul class=\"wp-block-list\">\n<li><\/li>\n<\/ul>\n\n\n\n<p><a href=\"https:\/\/www.nytimes.com\/2025\/06\/15\/world\/africa\/angola-mennonites-diamonds.html\">Read in English<\/a><\/p>\n\n\n\n<p>No hace mucho, el campo donde Charlotte Itala recoge ma\u00edz con sus amigos era un terreno de caza donde los habitantes de su peque\u00f1a aldea africana capturaban ant\u00edlopes, jabal\u00edes y b\u00fafalos rojos.<\/p>\n\n\n\n<p>Ahora esa tierra ha sido arada por sus nuevos empleadores, un grupo de menonitas de la \u201cvieja colonia\u201d.<\/p>\n\n\n\n<p>Los menonitas, seguidores de una secta cristiana fundada en el siglo XVI, son casi 60 personas en total, la mayor\u00eda de las cuales partieron de M\u00e9xico hace casi un a\u00f1o para establecer un asentamiento en el noreste de Angola. Como parte de un acuerdo con una empresa minera de diamantes, han desbrozado y cultivado casi 810 hect\u00e1reas, con la esperanza de construir una comunidad a la que puedan unirse otros menonitas de toda Am\u00e9rica.<\/p>\n\n\n\n<p>A map of Angola locating Cambanze in Lunda Norte province. Luanda is also shown.<\/p>\n\n\n\n<figure class=\"wp-block-image size-full\"><img decoding=\"async\" width=\"704\" height=\"814\" src=\"https:\/\/losperiodistas.com.mx\/portal\/wp-content\/uploads\/2025\/06\/Captura-de-pantalla-2025-06-17-a-las-7.42.19\u202fa.m.png\" alt=\"\" class=\"wp-image-101354\" srcset=\"https:\/\/losperiodistas.com.mx\/portal\/wp-content\/uploads\/2025\/06\/Captura-de-pantalla-2025-06-17-a-las-7.42.19\u202fa.m.png 704w, https:\/\/losperiodistas.com.mx\/portal\/wp-content\/uploads\/2025\/06\/Captura-de-pantalla-2025-06-17-a-las-7.42.19\u202fa.m-259x300.png 259w\" sizes=\"(max-width: 704px) 100vw, 704px\" \/><\/figure>\n\n\n\n<p id=\"interactive-credit\"><\/p>\n\n\n\n<p>Las nuevas familias, que utilizan contenedores de carga como viviendas improvisadas, han impresionado a algunos angole\u00f1os, pero han despertado temor entre otros. En el pueblo de Itala, Cambanze, a algunos les preocupa que los menonitas sean los \u00faltimos forasteros que se instalan sin tener en cuenta a las personas que viven all\u00ed.<\/p>\n\n\n\n<p>\u201cSi nos quitan nuestras tierras, no vamos a poder cultivar nuestra mandioca, \u00bfy entonces qu\u00e9 vamos a comer?\u201d, dijo Itala, que gana 2,50 d\u00f3lares por siete horas de trabajo en el campo de los menonitas. El dinero no compensa la p\u00e9rdida del terreno de caza de su aldea, dijo. \u201cEstamos preocupados por nuestro futuro\u201d.<\/p>\n\n\n\n<figure class=\"wp-block-image\"><img decoding=\"async\" width=\"600\" height=\"400\" src=\"https:\/\/losperiodistas.com.mx\/portal\/wp-content\/uploads\/2025\/06\/00mennonites-13-pmkw-articleLarge.jpg\" alt=\"Gente trabajando sobre las plataformas de carga de un veh\u00edculo en un campo\" class=\"wp-image-101365\" srcset=\"https:\/\/losperiodistas.com.mx\/portal\/wp-content\/uploads\/2025\/06\/00mennonites-13-pmkw-articleLarge.jpg 600w, https:\/\/losperiodistas.com.mx\/portal\/wp-content\/uploads\/2025\/06\/00mennonites-13-pmkw-articleLarge-300x200.jpg 300w\" sizes=\"(max-width: 600px) 100vw, 600px\" \/><figcaption class=\"wp-element-caption\">Residentes de Cambanze y menonitas recogiendo troncos y ra\u00edces de \u00e1rboles para preparar la temporada de siembra.<\/figcaption><\/figure>\n\n\n\n<figure class=\"wp-block-image\"><img loading=\"lazy\" decoding=\"async\" width=\"600\" height=\"400\" src=\"https:\/\/losperiodistas.com.mx\/portal\/wp-content\/uploads\/2025\/06\/00mennonites-charlotte-wkfb-articleLarge.jpg\" alt=\"A lo largo de un gran maizal, hay cinco mujeres, tres con cubetas llenas de ma\u00edz en la cabeza.\" class=\"wp-image-101367\" srcset=\"https:\/\/losperiodistas.com.mx\/portal\/wp-content\/uploads\/2025\/06\/00mennonites-charlotte-wkfb-articleLarge.jpg 600w, https:\/\/losperiodistas.com.mx\/portal\/wp-content\/uploads\/2025\/06\/00mennonites-charlotte-wkfb-articleLarge-300x200.jpg 300w\" sizes=\"(max-width: 600px) 100vw, 600px\" \/><figcaption class=\"wp-element-caption\">Charlotte Itala y otras mujeres de Cambanze cosechando el primer ma\u00edz de la granja menonita.<\/figcaption><\/figure>\n\n\n\n<figure class=\"wp-block-image\"><img loading=\"lazy\" decoding=\"async\" width=\"600\" height=\"400\" src=\"https:\/\/losperiodistas.com.mx\/portal\/wp-content\/uploads\/2025\/06\/00mennonites-11-gtcm-articleLarge.jpg\" alt=\"Mujeres y ni\u00f1os reunidos junto a mesas de pl\u00e1stico y un contenedor de transporte convertido en vivienda.\" class=\"wp-image-101359\" srcset=\"https:\/\/losperiodistas.com.mx\/portal\/wp-content\/uploads\/2025\/06\/00mennonites-11-gtcm-articleLarge.jpg 600w, https:\/\/losperiodistas.com.mx\/portal\/wp-content\/uploads\/2025\/06\/00mennonites-11-gtcm-articleLarge-300x200.jpg 300w\" sizes=\"(max-width: 600px) 100vw, 600px\" \/><figcaption class=\"wp-element-caption\">Menonitas durante una reuni\u00f3n con la empresa de diamantes.<\/figcaption><\/figure>\n\n\n\n<p>Los menonitas evitan utilizar la palabra \u201ccolonia\u201d en su nuevo hogar. A los angole\u00f1os les evoca un pasado cruel, ya que durante siglos su pa\u00eds fue&nbsp;<a href=\"https:\/\/www.nytimes.com\/2017\/08\/22\/world\/europe\/angola-portugal-money-laundering.html\">explotado<\/a>&nbsp;por colonos portugueses que comerciaban con materias primas y seres humanos.<\/p>\n\n\n\n<p>As\u00ed que llaman a su asentamiento Campos de Esperanza y se describen a s\u00ed mismos como socios entusiastas de los angole\u00f1os. Dicen que reservar\u00e1n casi cinco hect\u00e1reas de tierras para cada aldea cercana y ense\u00f1ar\u00e1n a la gente a cultivar como ellos.<\/p>\n\n\n\n<p>\u201cAngola necesita cultivos y nosotros necesitamos tierras\u201d, dijo Jacob Froese, uno de los menonitas. \u201cNos veo como una dupla\u201d.<\/p>\n\n\n\n<p>Si bien Angola posee inmensas riquezas petrol\u00edferas y minerales, el pa\u00eds lleva mucho tiempo luchando contra la&nbsp;<a href=\"https:\/\/www.transparency.org\/country\/AGO\" rel=\"noreferrer noopener\" target=\"_blank\">corrupci\u00f3n generalizada<\/a>, las altas tasas de desempleo y la pobreza. La mayor parte de la Angola rural tiene poco acceso a la electricidad, y cientos de pueblos como Cambanze dependen de la caza, la cosecha de mandioca y la recolecci\u00f3n de larvas de mariposa, que se venden como alimento.<\/p>\n\n\n\n<p>Con la esperanza de aliviar la dependencia de costosas importaciones de alimentos, el gobierno ha intentado promover la agricultura en el noreste de Angola, una regi\u00f3n dominada por la miner\u00eda de diamantes y devastada en el pasado por la&nbsp;<a href=\"https:\/\/www.nytimes.com\/1994\/05\/09\/world\/civil-war-of-nearly-two-decades-exhausts-resource-rich-angola.html\">larga guerra civil<\/a>&nbsp;del pa\u00eds.<\/p>\n\n\n\n<figure class=\"wp-block-image\"><img loading=\"lazy\" decoding=\"async\" width=\"600\" height=\"400\" src=\"https:\/\/losperiodistas.com.mx\/portal\/wp-content\/uploads\/2025\/06\/00mennnonites-1-kzqf-articleLarge.jpg\" alt=\"Un hombre inclinado sobre una peque\u00f1a fogata. Atr\u00e1s, otros hombres est\u00e1n sentados en sillas de pl\u00e1stico y detr\u00e1s de ellos una motocicleta circula por una carretera.\" class=\"wp-image-101362\" srcset=\"https:\/\/losperiodistas.com.mx\/portal\/wp-content\/uploads\/2025\/06\/00mennnonites-1-kzqf-articleLarge.jpg 600w, https:\/\/losperiodistas.com.mx\/portal\/wp-content\/uploads\/2025\/06\/00mennnonites-1-kzqf-articleLarge-300x200.jpg 300w\" sizes=\"(max-width: 600px) 100vw, 600px\" \/><figcaption class=\"wp-element-caption\">Jo\u00e3o Americo, residente de Cambanze<\/figcaption><\/figure>\n\n\n\n<figure class=\"wp-block-image\"><img loading=\"lazy\" decoding=\"async\" width=\"600\" height=\"400\" src=\"https:\/\/losperiodistas.com.mx\/portal\/wp-content\/uploads\/2025\/06\/00mennonites-4-mlcb-articleLarge.jpg\" alt=\"De noche, un ni\u00f1o y un hombre est\u00e1n de pie cerca de unos matorrales incendiados.\" class=\"wp-image-101369\" srcset=\"https:\/\/losperiodistas.com.mx\/portal\/wp-content\/uploads\/2025\/06\/00mennonites-4-mlcb-articleLarge.jpg 600w, https:\/\/losperiodistas.com.mx\/portal\/wp-content\/uploads\/2025\/06\/00mennonites-4-mlcb-articleLarge-300x200.jpg 300w\" sizes=\"(max-width: 600px) 100vw, 600px\" \/><figcaption class=\"wp-element-caption\">Los habitantes de las aldeas del noreste de Angola suelen quemar el bosque durante la estaci\u00f3n seca para facilitar la caza.<\/figcaption><\/figure>\n\n\n\n<figure class=\"wp-block-image\"><img loading=\"lazy\" decoding=\"async\" width=\"600\" height=\"400\" src=\"https:\/\/losperiodistas.com.mx\/portal\/wp-content\/uploads\/2025\/06\/00mennonites-add2-zkwt-articleLarge.jpg\" alt=\"Cuatro mujeres sostienen cubetas en la cabeza en medio de una espesura de \u00e1rboles.\" class=\"wp-image-101360\" srcset=\"https:\/\/losperiodistas.com.mx\/portal\/wp-content\/uploads\/2025\/06\/00mennonites-add2-zkwt-articleLarge.jpg 600w, https:\/\/losperiodistas.com.mx\/portal\/wp-content\/uploads\/2025\/06\/00mennonites-add2-zkwt-articleLarge-300x200.jpg 300w\" sizes=\"(max-width: 600px) 100vw, 600px\" \/><figcaption class=\"wp-element-caption\">Mujeres de Cambanze cuidando sus cultivos de mandioca<\/figcaption><\/figure>\n\n\n\n<p>Por lo general, a las empresas mineras solo se les ofrecen concesiones de cinco a\u00f1os para explorar y excavar terrenos, y deben renovarlas con las autoridades angole\u00f1as. Pero mediante la inversi\u00f3n en agricultura a trav\u00e9s de un&nbsp;<a href=\"https:\/\/investinangola.ao\/planagrao\/\" rel=\"noreferrer noopener\" target=\"_blank\">programa gubernamental<\/a>, una empresa puede adquirir concesiones mucho m\u00e1s largas.<\/p>\n\n\n\n<p>Los menonitas y una empresa minera, Minas Gema Angola, crearon una asociaci\u00f3n que al parecer tiene el potencial de garantizar concesiones de tierras de mayor duraci\u00f3n, seg\u00fan los l\u00edderes menonitas y Zeca Cassanguidi, empresario y general retirado.<\/p>\n\n\n\n<p>\u201cEn nuestro contrato est\u00e1 escrito que si encontramos un diamante tenemos que sentarnos a tener una reuni\u00f3n con Minas Gema para discutir c\u00f3mo venderlo\u201d, dijo Benjamin Kauenhofen, l\u00edder de las familias menonitas. \u201cLos mineros de diamantes nos necesitan. Nos estamos ayudando mutuamente\u201d.<\/p>\n\n\n\n<p>Cassanguidi, quien ayud\u00f3 a mediar en el acuerdo, dijo que no se permit\u00eda a los menonitas incursionar en las tierras de cultivo de las aldeas cercanas, y que los salarios de los trabajadores angole\u00f1os aumentar\u00edan a medida que los cultivos se convirtieran en cosechas satisfactorias.<\/p>\n\n\n\n<p>\u201cEs importante demostrar que salen alimentos de este lugar que fue un lugar de guerra\u201d, dijo.<\/p>\n\n\n\n<p>El representante de Minas Gema nombrado en el contrato, Marcos de Oliveira Bacurau, dijo que exist\u00eda un \u201cenorme potencial\u201d para la agricultura en el norte de Angola. \u201cLas minas de diamantes no ocupan f\u00edsicamente mucha tierra, por lo que la zona es un gran lugar para introducir la agricultura\u201d, dijo.<\/p>\n\n\n\n<p>Endiama, la autoridad estatal angole\u00f1a encargada de los diamantes, no respondi\u00f3 a las preguntas sobre las operaciones de Minas Gema en las tierras cultivadas por los menonitas. Cassanguidi dijo que la empresa a\u00fan no hab\u00eda encontrado diamantes en la zona.<\/p>\n\n\n\n<figure class=\"wp-block-image\"><img loading=\"lazy\" decoding=\"async\" width=\"600\" height=\"400\" src=\"https:\/\/losperiodistas.com.mx\/portal\/wp-content\/uploads\/2025\/06\/00mennonites-15-clpv-articleLarge.jpg\" alt=\"Un grupo de personas trabajan en un campo.\" class=\"wp-image-101355\" srcset=\"https:\/\/losperiodistas.com.mx\/portal\/wp-content\/uploads\/2025\/06\/00mennonites-15-clpv-articleLarge.jpg 600w, https:\/\/losperiodistas.com.mx\/portal\/wp-content\/uploads\/2025\/06\/00mennonites-15-clpv-articleLarge-300x200.jpg 300w\" sizes=\"(max-width: 600px) 100vw, 600px\" \/><figcaption class=\"wp-element-caption\">Los habitantes de Cambanze dicen que sus salarios no compensan la p\u00e9rdida de su terreno de caza.<\/figcaption><\/figure>\n\n\n\n<figure class=\"wp-block-image\"><img loading=\"lazy\" decoding=\"async\" width=\"600\" height=\"400\" src=\"https:\/\/losperiodistas.com.mx\/portal\/wp-content\/uploads\/2025\/06\/00mennonites-2-jkvh-articleLarge.jpg\" alt=\"Dos manos sostienen en sus palmas peque\u00f1os diamantes.\n\" class=\"wp-image-101358\" srcset=\"https:\/\/losperiodistas.com.mx\/portal\/wp-content\/uploads\/2025\/06\/00mennonites-2-jkvh-articleLarge.jpg 600w, https:\/\/losperiodistas.com.mx\/portal\/wp-content\/uploads\/2025\/06\/00mennonites-2-jkvh-articleLarge-300x200.jpg 300w\" sizes=\"(max-width: 600px) 100vw, 600px\" \/><figcaption class=\"wp-element-caption\">Diamantes en un punto de venta ilegal de diamantes en Dundo, una ciudad de Angola.<\/figcaption><\/figure>\n\n\n\n<p>Una oleada de menonitas de la vieja colonia, que rechazan en gran medida las nuevas tecnolog\u00edas, emigraron de Europa a Am\u00e9rica hace aproximadamente un siglo. Han establecido una serie de colonias en la Amazon\u00eda y m\u00e1s al sur, algunas de las cuales han&nbsp;<a href=\"https:\/\/www.nytimes.com\/es\/2024\/08\/19\/espanol\/peru-amazonia-colonias-menonitas.html\">suscitado protestas e investigaciones<\/a>.<\/p>\n\n\n\n<p>La oposici\u00f3n de ecologistas y apicultores en M\u00e9xico, molestos por la deforestaci\u00f3n y el&nbsp;<a href=\"https:\/\/www.nationalgeographic.com\/environment\/article\/unlikely-feud-beekeepers-mennonites-simmers-mexico\" rel=\"noreferrer noopener\" target=\"_blank\">uso por parte de los menonitas de Roundup<\/a>, un herbicida relacionado con el c\u00e1ncer, contribuy\u00f3 a empujar a un grupo de menonitas hacia Angola en busca de tierras para sus familias que crecen con rapidez.<\/p>\n\n\n\n<p>\u201cExiste el sentimiento de que en M\u00e9xico no hay futuro para nosotros\u201d, dijo Kauenhofen. \u201cDicen que los \u00e1rboles crean ox\u00edgeno y talarlos est\u00e1 cambiando el medioambiente. Si tenemos que dejar los \u00e1rboles, de acuerdo, pero \u00bfqu\u00e9 vamos a comer? El mundo est\u00e1 creciendo\u201d.<\/p>\n\n\n\n<p>A los menonitas se les ocurri\u00f3 la idea de trasladarse a Angola despu\u00e9s de que un grupo de ellos conoci\u00f3 a una delegaci\u00f3n angole\u00f1a en un evento agr\u00edcola celebrado en Ciudad de M\u00e9xico en 2019.<\/p>\n\n\n\n<p>Pero su primer intento, en 2023, acab\u00f3 en angustia. Los menonitas llegaron solo con visados de turista, tuvieron problemas para lidiar con la burocracia angole\u00f1a, se vieron obligados a vivir en tiendas de campa\u00f1a y perdieron el poco dinero que ten\u00edan, en una zona plagada de paludismo. Una ni\u00f1a de 8 a\u00f1os, Lucy, muri\u00f3 a causa de la enfermedad.<\/p>\n\n\n\n<p>Pero decidieron volver a intentarlo, en parte por el acuerdo de concesi\u00f3n de tierras, pero tambi\u00e9n por sus lazos afectivos. \u201cQuer\u00eda estar cerca de Lucy\u201d, dijo Berta Harder, la madre de la ni\u00f1a.<\/p>\n\n\n\n<figure class=\"wp-block-image\"><img loading=\"lazy\" decoding=\"async\" width=\"600\" height=\"400\" src=\"https:\/\/losperiodistas.com.mx\/portal\/wp-content\/uploads\/2025\/06\/00mennonites-5-kqtp-articleLarge.jpg\" alt=\"Hombres, mujeres y ni\u00f1os saliendo de una gran tienda de campa\u00f1a abierta.\" class=\"wp-image-101364\" srcset=\"https:\/\/losperiodistas.com.mx\/portal\/wp-content\/uploads\/2025\/06\/00mennonites-5-kqtp-articleLarge.jpg 600w, https:\/\/losperiodistas.com.mx\/portal\/wp-content\/uploads\/2025\/06\/00mennonites-5-kqtp-articleLarge-300x200.jpg 300w\" sizes=\"(max-width: 600px) 100vw, 600px\" \/><figcaption class=\"wp-element-caption\">Menonitas al salir de una sesi\u00f3n de oraci\u00f3n dominical<\/figcaption><\/figure>\n\n\n\n<figure class=\"wp-block-image\"><img loading=\"lazy\" decoding=\"async\" width=\"600\" height=\"400\" src=\"https:\/\/losperiodistas.com.mx\/portal\/wp-content\/uploads\/2025\/06\/00mennonites-add9-cvlm-articleLarge.jpg\" alt=\"Una mujer est\u00e1 sentada en una habitaci\u00f3n con tres ni\u00f1os peque\u00f1os, uno en su regazo, otro sentado a sus pies y el tercero la observa desde la sombra. A su costado hay botes de conservas\" class=\"wp-image-101356\" srcset=\"https:\/\/losperiodistas.com.mx\/portal\/wp-content\/uploads\/2025\/06\/00mennonites-add9-cvlm-articleLarge.jpg 600w, https:\/\/losperiodistas.com.mx\/portal\/wp-content\/uploads\/2025\/06\/00mennonites-add9-cvlm-articleLarge-300x200.jpg 300w\" sizes=\"(max-width: 600px) 100vw, 600px\" \/><figcaption class=\"wp-element-caption\">Una familia menonita en su casa<\/figcaption><\/figure>\n\n\n\n<figure class=\"wp-block-image\"><img loading=\"lazy\" decoding=\"async\" width=\"600\" height=\"400\" src=\"https:\/\/losperiodistas.com.mx\/portal\/wp-content\/uploads\/2025\/06\/00mennonites-17-tlhj-articleLarge.jpg\" alt=\"Un ni\u00f1o arroja tierra al aire con una pala, mientras otro sostiene una pala en un agujero poco profundo y otros dos ni\u00f1os miran.\" class=\"wp-image-101366\" srcset=\"https:\/\/losperiodistas.com.mx\/portal\/wp-content\/uploads\/2025\/06\/00mennonites-17-tlhj-articleLarge.jpg 600w, https:\/\/losperiodistas.com.mx\/portal\/wp-content\/uploads\/2025\/06\/00mennonites-17-tlhj-articleLarge-300x200.jpg 300w\" sizes=\"(max-width: 600px) 100vw, 600px\" \/><figcaption class=\"wp-element-caption\">Hay casi 60 menonitas en el asentamiento. La mayor\u00eda llegaron procedentes de M\u00e9xico el a\u00f1o pasado.<\/figcaption><\/figure>\n\n\n\n<p><\/p>\n\n\n\n<p>Aunque las familias menonitas en Angola intentan en gran medida vivir apartadas de la sociedad, no son tan estrictas a la hora de rechazar la modernizaci\u00f3n como otros asentamientos de la vieja colonia.<\/p>\n\n\n\n<p>Al igual que esos grupos, hablan&nbsp;<em>plautdietsch<\/em>&nbsp;o pl\u00f3dich, el dialecto del bajo alem\u00e1n que utilizan casi exclusivamente los menonitas. Pero palabras en ingl\u00e9s salpican sus frases, y la mayor\u00eda de los hombres tambi\u00e9n saben espa\u00f1ol. Las tortillas mexicanas se han convertido en un elemento b\u00e1sico de sus comidas y escuchan m\u00fasica de mariachis los domingos. Y ahora que est\u00e1n en Angola, algunos est\u00e1n aprendiendo portugu\u00e9s.<\/p>\n\n\n\n<p>A diferencia de los menonitas de l\u00ednea m\u00e1s dura, el grupo de Angola utiliza tractores y otros equipos mec\u00e1nicos. Pero hay l\u00edmites. \u201cNo podemos abrirnos al internet\u201d, dijo Abraham Froese Zacharias. \u201cEl internet es maligno\u201d.<\/p>\n\n\n\n<p>Tanto los menonitas como los habitantes de Cambanze sacan agua del mismo riachuelo, de donde cada d\u00eda transportan recipientes de cinco galones.<\/p>\n\n\n\n<p>Los ni\u00f1os menonitas juegan en las mismas laderas y campos donde Itala y sus amigos lo hac\u00edan cuando eran menores. Algunas de las ni\u00f1as han aprendido a equilibrar cargas sobre sus cabezas, como hacen las mujeres angole\u00f1as.<\/p>\n\n\n\n<figure class=\"wp-block-image\"><img loading=\"lazy\" decoding=\"async\" width=\"600\" height=\"400\" src=\"https:\/\/losperiodistas.com.mx\/portal\/wp-content\/uploads\/2025\/06\/00mennonites-6-cwbh-articleLarge.jpg\" alt=\"Dos ni\u00f1as menonitas de pie a cierta distancia de un veh\u00edculo agr\u00edcola verde.\" class=\"wp-image-101357\" srcset=\"https:\/\/losperiodistas.com.mx\/portal\/wp-content\/uploads\/2025\/06\/00mennonites-6-cwbh-articleLarge.jpg 600w, https:\/\/losperiodistas.com.mx\/portal\/wp-content\/uploads\/2025\/06\/00mennonites-6-cwbh-articleLarge-300x200.jpg 300w\" sizes=\"(max-width: 600px) 100vw, 600px\" \/><figcaption class=\"wp-element-caption\">Monica Zacharias Harder va equilibrando una jarra sobre la cabeza, una habilidad que adquiri\u00f3 observando a las mujeres angole\u00f1as de su entorno.<\/figcaption><\/figure>\n\n\n\n<figure class=\"wp-block-image\"><img loading=\"lazy\" decoding=\"async\" width=\"600\" height=\"400\" src=\"https:\/\/losperiodistas.com.mx\/portal\/wp-content\/uploads\/2025\/06\/00mennonites-14-jmfz-articleLarge.jpg\" alt=\"Un coche y un contenedor destrozados junto a un peque\u00f1o cuerpo de agua. Hay personas reunidas cerca.\" class=\"wp-image-101361\" srcset=\"https:\/\/losperiodistas.com.mx\/portal\/wp-content\/uploads\/2025\/06\/00mennonites-14-jmfz-articleLarge.jpg 600w, https:\/\/losperiodistas.com.mx\/portal\/wp-content\/uploads\/2025\/06\/00mennonites-14-jmfz-articleLarge-300x200.jpg 300w\" sizes=\"(max-width: 600px) 100vw, 600px\" \/><figcaption class=\"wp-element-caption\">Ni\u00f1os jugando y ba\u00f1\u00e1ndose alrededor de un coche abandonado que cay\u00f3 de un puente. Los menonitas y los habitantes de Cambanze comparten una fuente de agua.<\/figcaption><\/figure>\n\n\n\n<figure class=\"wp-block-image\"><img loading=\"lazy\" decoding=\"async\" width=\"600\" height=\"400\" src=\"https:\/\/losperiodistas.com.mx\/portal\/wp-content\/uploads\/2025\/06\/00mennonites-18-mgkt-articleLarge.jpg\" alt=\"Dos ni\u00f1os menonitas jugando en un equipo de maquinaria en el asentamiento.\" class=\"wp-image-101363\" srcset=\"https:\/\/losperiodistas.com.mx\/portal\/wp-content\/uploads\/2025\/06\/00mennonites-18-mgkt-articleLarge.jpg 600w, https:\/\/losperiodistas.com.mx\/portal\/wp-content\/uploads\/2025\/06\/00mennonites-18-mgkt-articleLarge-300x200.jpg 300w\" sizes=\"(max-width: 600px) 100vw, 600px\" \/><figcaption class=\"wp-element-caption\">Unos ni\u00f1os menonitas juegan en un equipo de maquinaria en el asentamiento.<\/figcaption><\/figure>\n\n\n\n<p>Pero los menonitas no se ven convirtiendo a los angole\u00f1os ni intentando integrarlos en su comunidad. En cambio, esperan que otros menonitas de Am\u00e9rica se unan a ellos.<\/p>\n\n\n\n<p>\u201cSi no vienen los bolivianos, vamos a llorar\u201d, dijo Juan Harder, padre de Harder, refiri\u00e9ndose a otro grupo. \u201cLos ni\u00f1os van a crecer y \u00bfcon qui\u00e9n se van a casar?\u201d.<\/p>\n\n\n\n<p>Al igual que los menonitas, el marido de Itala, Tiago Sumixi, est\u00e1 orgulloso de la historia de su familia. Procede de una larga estirpe de cazadores chokwe que se resistieron ferozmente al dominio colonial portugu\u00e9s.<\/p>\n\n\n\n<p>Pero entre la granja y la mina de diamantes que se avecina, \u00e9l y otros habitantes de Cambanze comparten la creciente ansiedad de estar siendo expulsados.<\/p>\n\n\n\n<p>\u201cEstamos paralizados\u201d, dijo. \u201cNo tenemos ad\u00f3nde ir\u201d.<\/p>\n\n\n\n<figure class=\"wp-block-image\"><img loading=\"lazy\" decoding=\"async\" width=\"600\" height=\"400\" src=\"https:\/\/losperiodistas.com.mx\/portal\/wp-content\/uploads\/2025\/06\/00mennonites-16-phlf-articleLarge.jpg\" alt=\"Dos ni\u00f1os sentados observando anillos de fuego que queman la hierba frente a ellos.\" class=\"wp-image-101368\" srcset=\"https:\/\/losperiodistas.com.mx\/portal\/wp-content\/uploads\/2025\/06\/00mennonites-16-phlf-articleLarge.jpg 600w, https:\/\/losperiodistas.com.mx\/portal\/wp-content\/uploads\/2025\/06\/00mennonites-16-phlf-articleLarge-300x200.jpg 300w\" sizes=\"(max-width: 600px) 100vw, 600px\" \/><figcaption class=\"wp-element-caption\">Ni\u00f1os de Cambanze quemando hierba para limpiarla y construir un campo de f\u00fatbol.<\/figcaption><\/figure>\n\n\n\n<p>@Merle M\u00fcller colabor\u00f3 con investigaci\u00f3n.<\/p>\n\n\n\n<p>Fuente: <a href=\"https:\/\/www.nytimes.com\/es\/2025\/06\/17\/espanol\/mundo\/menonita-mexico-diamantes-angola.html\">https:\/\/www.nytimes.com\/es\/2025\/06\/17\/espanol\/mundo\/menonita-mexico-diamantes-angola.html<\/a><\/p>\n","protected":false},"excerpt":{"rendered":"<p>Casi 60 menonitas, la mayor\u00eda procedentes de M\u00e9xico, forman una comunidad que se ha establecido en Angola, lo que ha [&hellip;]<\/p>\n","protected":false},"author":1,"featured_media":101353,"comment_status":"open","ping_status":"open","sticky":false,"template":"","format":"standard","meta":{"site-sidebar-layout":"default","site-content-layout":"","ast-site-content-layout":"default","site-content-style":"default","site-sidebar-style":"default","ast-global-header-display":"","ast-banner-title-visibility":"","ast-main-header-display":"","ast-hfb-above-header-display":"","ast-hfb-below-header-display":"","ast-hfb-mobile-header-display":"","site-post-title":"","ast-breadcrumbs-content":"","ast-featured-img":"","footer-sml-layout":"","theme-transparent-header-meta":"","adv-header-id-meta":"","stick-header-meta":"","header-above-stick-meta":"","header-main-stick-meta":"","header-below-stick-meta":"","astra-migrate-meta-layouts":"default","ast-page-background-enabled":"default","ast-page-background-meta":{"desktop":{"background-color":"var(--ast-global-color-4)","background-image":"","background-repeat":"repeat","background-position":"center center","background-size":"auto","background-attachment":"scroll","background-type":"","background-media":"","overlay-type":"","overlay-color":"","overlay-opacity":"","overlay-gradient":""},"tablet":{"background-color":"","background-image":"","background-repeat":"repeat","background-position":"center center","background-size":"auto","background-attachment":"scroll","background-type":"","background-media":"","overlay-type":"","overlay-color":"","overlay-opacity":"","overlay-gradient":""},"mobile":{"background-color":"","background-image":"","background-repeat":"repeat","background-position":"center center","background-size":"auto","background-attachment":"scroll","background-type":"","background-media":"","overlay-type":"","overlay-color":"","overlay-opacity":"","overlay-gradient":""}},"ast-content-background-meta":{"desktop":{"background-color":"var(--ast-global-color-5)","background-image":"","background-repeat":"repeat","background-position":"center center","background-size":"auto","background-attachment":"scroll","background-type":"","background-media":"","overlay-type":"","overlay-color":"","overlay-opacity":"","overlay-gradient":""},"tablet":{"background-color":"var(--ast-global-color-5)","background-image":"","background-repeat":"repeat","background-position":"center center","background-size":"auto","background-attachment":"scroll","background-type":"","background-media":"","overlay-type":"","overlay-color":"","overlay-opacity":"","overlay-gradient":""},"mobile":{"background-color":"var(--ast-global-color-5)","background-image":"","background-repeat":"repeat","background-position":"center center","background-size":"auto","background-attachment":"scroll","background-type":"","background-media":"","overlay-type":"","overlay-color":"","overlay-opacity":"","overlay-gradient":""}},"footnotes":""},"categories":[8],"tags":[39318,39317,39319],"class_list":["post-101352","post","type-post","status-publish","format-standard","has-post-thumbnail","hentry","category-noticias","tag-colonia-menonita-en-angola","tag-diamantes-y-menonitas","tag-menonitas-mexico"],"_links":{"self":[{"href":"https:\/\/losperiodistas.com.mx\/portal\/wp-json\/wp\/v2\/posts\/101352","targetHints":{"allow":["GET"]}}],"collection":[{"href":"https:\/\/losperiodistas.com.mx\/portal\/wp-json\/wp\/v2\/posts"}],"about":[{"href":"https:\/\/losperiodistas.com.mx\/portal\/wp-json\/wp\/v2\/types\/post"}],"author":[{"embeddable":true,"href":"https:\/\/losperiodistas.com.mx\/portal\/wp-json\/wp\/v2\/users\/1"}],"replies":[{"embeddable":true,"href":"https:\/\/losperiodistas.com.mx\/portal\/wp-json\/wp\/v2\/comments?post=101352"}],"version-history":[{"count":1,"href":"https:\/\/losperiodistas.com.mx\/portal\/wp-json\/wp\/v2\/posts\/101352\/revisions"}],"predecessor-version":[{"id":101370,"href":"https:\/\/losperiodistas.com.mx\/portal\/wp-json\/wp\/v2\/posts\/101352\/revisions\/101370"}],"wp:featuredmedia":[{"embeddable":true,"href":"https:\/\/losperiodistas.com.mx\/portal\/wp-json\/wp\/v2\/media\/101353"}],"wp:attachment":[{"href":"https:\/\/losperiodistas.com.mx\/portal\/wp-json\/wp\/v2\/media?parent=101352"}],"wp:term":[{"taxonomy":"category","embeddable":true,"href":"https:\/\/losperiodistas.com.mx\/portal\/wp-json\/wp\/v2\/categories?post=101352"},{"taxonomy":"post_tag","embeddable":true,"href":"https:\/\/losperiodistas.com.mx\/portal\/wp-json\/wp\/v2\/tags?post=101352"}],"curies":[{"name":"wp","href":"https:\/\/api.w.org\/{rel}","templated":true}]}}